{"id":753922,"date":"2025-08-01T17:57:37","date_gmt":"2025-08-01T15:57:37","guid":{"rendered":"https:\/\/www.hashtag.al\/?p=753922"},"modified":"2025-08-01T17:57:37","modified_gmt":"2025-08-01T15:57:37","slug":"zvicra-e-shqetesuar-pas-tarifes-39-nga-shba-dhjetera-mijera-vende-pune-ne-rrezik","status":"publish","type":"post","link":"https:\/\/www.hashtag.al\/index.php\/2025\/08\/01\/zvicra-e-shqetesuar-pas-tarifes-39-nga-shba-dhjetera-mijera-vende-pune-ne-rrezik\/","title":{"rendered":"Zvicra e shqet\u00ebsuar pas tarif\u00ebs 39% nga SHBA: Dhjet\u00ebra mij\u00ebra vende pune n\u00eb rrezik","gt_translate_keys":[{"key":"rendered","format":"text"}]},"content":{"rendered":"<p data-start=\"0\" data-end=\"86\"><span style=\"color: #000000;\"><img loading=\"lazy\" decoding=\"async\" class=\"size-medium wp-image-749121 aligncenter\" src=\"https:\/\/www.hashtag.al\/wp-content\/uploads\/2025\/06\/trump-1-300x185.png\" alt=\"\" width=\"300\" height=\"185\" srcset=\"https:\/\/www.hashtag.al\/wp-content\/uploads\/2025\/06\/trump-1-300x185.png 300w, https:\/\/www.hashtag.al\/wp-content\/uploads\/2025\/06\/trump-1-768x473.png 768w, https:\/\/www.hashtag.al\/wp-content\/uploads\/2025\/06\/trump-1.png 936w\" sizes=\"auto, (max-width: 300px) 100vw, 300px\" \/><br \/>\nProdhuesit zviceran\u00eb paralajm\u00ebruan t\u00eb premten se dhjet\u00ebra mij\u00ebra vende pune jan\u00eb n\u00eb rrezik, pas vendimit t\u00eb presidentit amerikan Donald Trump p\u00ebr t\u00eb vendosur nj\u00eb tarif\u00eb t\u00eb re prej 39% ndaj importeve nga Zvicra \u2013 nj\u00eb nga m\u00eb t\u00eb lartat n\u00eb fushat\u00ebn e tij t\u00eb riformatimit t\u00eb tregtis\u00eb globale, p\u00ebrcjell <span style=\"color: #0000ff;\"><a style=\"color: #0000ff;\" href=\"https:\/\/www.reuters.com\/world\/europe\/swiss-stunned-by-us-tariff-hike-seek-negotiated-solution-2025-08-01\/\">Reuters<\/a><\/span>.<\/span><\/p>\n<p data-start=\"377\" data-end=\"681\"><span style=\"color: #000000;\">Qeveria zvicerane e cil\u00ebsoi vendimin si &#8220;zhg\u00ebnjyes&#8221; dhe b\u00ebri t\u00eb ditur se do t\u00eb shqyrtoj\u00eb hapat e m\u00ebtejsh\u00ebm. Kjo tarif\u00eb e re \u00ebsht\u00eb m\u00eb shum\u00eb se dyfishi i asaj prej 15% q\u00eb aplikohet p\u00ebr shumic\u00ebn e importeve nga Bashkimi Evropian dhe shum\u00eb m\u00eb e lart\u00eb se 25% p\u00ebr Indin\u00eb, 35% p\u00ebr Kanadan\u00eb dhe 50% p\u00ebr Brazilin.<\/span><\/p>\n<p data-start=\"683\" data-end=\"999\"><span style=\"color: #000000;\">Tarifa e re p\u00ebrb\u00ebn nj\u00eb goditje t\u00eb r\u00ebnd\u00eb p\u00ebr ekonomin\u00eb zvicerane, e cila varet n\u00eb m\u00ebnyr\u00eb t\u00eb konsiderueshme nga eksportet \u2013 ve\u00e7an\u00ebrisht ato t\u00eb or\u00ebve, bizhuterive dhe \u00e7okollat\u00ebs, me SHBA-n\u00eb si tregun kryesor. Fillimisht ishte propozuar nj\u00eb tarif\u00eb 31%, t\u00eb cil\u00ebn zyrtar\u00ebt zviceran\u00eb e kishin cil\u00ebsuar si \u201ct\u00eb pakuptueshme\u201d.<\/span><\/p>\n<p data-start=\"1001\" data-end=\"1333\" data-is-last-node=\"\" data-is-only-node=\"\"><span style=\"color: #000000;\">Sht\u00ebpia e Bardh\u00eb e justifikoi vendimin duke akuzuar Zvicr\u00ebn p\u00ebr munges\u00eb \u201cl\u00ebshimesh dometh\u00ebn\u00ebse\u201d n\u00eb uljen e barrierave tregtare. Megjith\u00ebse sektori farmaceutik \u2013 nj\u00eb nga m\u00eb t\u00eb r\u00ebnd\u00ebsishmit p\u00ebr Zvicr\u00ebn \u2013 duket se p\u00ebr momentin \u00ebsht\u00eb p\u00ebrjashtuar nga kjo tarif\u00eb, ekspert\u00ebt thon\u00eb se pasojat p\u00ebr ekonomin\u00eb jan\u00eb serioze dhe t\u00eb menj\u00ebhershme.<\/span><\/p>\n","protected":false,"gt_translate_keys":[{"key":"rendered","format":"html"}]},"excerpt":{"rendered":"<p>Prodhuesit zviceran\u00eb paralajm\u00ebruan t\u00eb premten se dhjet\u00ebra mij\u00ebra vende pune jan\u00eb n\u00eb rrezik, pas vendimit t\u00eb presidentit amerikan Donald Trump p\u00ebr t\u00eb vendosur nj\u00eb tarif\u00eb t\u00eb re prej 39% ndaj importeve nga Zvicra \u2013 nj\u00eb nga m\u00eb t\u00eb lartat n\u00eb fushat\u00ebn e tij t\u00eb riformatimit t\u00eb tregtis\u00eb globale, p\u00ebrcjell Reuters. Qeveria zvicerane e cil\u00ebsoi vendimin [&hellip;]<\/p>\n","protected":false,"gt_translate_keys":[{"key":"rendered","format":"html"}]},"author":32,"featured_media":749121,"comment_status":"closed","ping_status":"open","sticky":false,"template":"","format":"standard","meta":{"footnotes":""},"categories":[6],"tags":[],"class_list":["post-753922","post","type-post","status-publish","format-standard","has-post-thumbnail","hentry","category-nderkombetare"],"gt_translate_keys":[{"key":"link","format":"url"}],"_links":{"self":[{"href":"https:\/\/www.hashtag.al\/index.php\/wp-json\/wp\/v2\/posts\/753922","targetHints":{"allow":["GET"]}}],"collection":[{"href":"https:\/\/www.hashtag.al\/index.php\/wp-json\/wp\/v2\/posts"}],"about":[{"href":"https:\/\/www.hashtag.al\/index.php\/wp-json\/wp\/v2\/types\/post"}],"author":[{"embeddable":true,"href":"https:\/\/www.hashtag.al\/index.php\/wp-json\/wp\/v2\/users\/32"}],"replies":[{"embeddable":true,"href":"https:\/\/www.hashtag.al\/index.php\/wp-json\/wp\/v2\/comments?post=753922"}],"version-history":[{"count":99999,"href":"https:\/\/www.hashtag.al\/index.php\/wp-json\/wp\/v2\/posts\/753922\/revisions"}],"predecessor-version":[{"id":753923,"href":"https:\/\/www.hashtag.al\/index.php\/wp-json\/wp\/v2\/posts\/753922\/revisions\/753923"}],"wp:featuredmedia":[{"embeddable":true,"href":"https:\/\/www.hashtag.al\/index.php\/wp-json\/wp\/v2\/media\/749121"}],"wp:attachment":[{"href":"https:\/\/www.hashtag.al\/index.php\/wp-json\/wp\/v2\/media?parent=753922"}],"wp:term":[{"taxonomy":"category","embeddable":true,"href":"https:\/\/www.hashtag.al\/index.php\/wp-json\/wp\/v2\/categories?post=753922"},{"taxonomy":"post_tag","embeddable":true,"href":"https:\/\/www.hashtag.al\/index.php\/wp-json\/wp\/v2\/tags?post=753922"}],"curies":[{"name":"wp","href":"https:\/\/api.w.org\/{rel}","templated":true}]}}