{"id":753919,"date":"2025-08-01T17:33:05","date_gmt":"2025-08-01T15:33:05","guid":{"rendered":"https:\/\/www.hashtag.al\/?p=753919"},"modified":"2025-08-01T17:33:05","modified_gmt":"2025-08-01T15:33:05","slug":"putin-na-nevojitet-nje-paqe-e-qendrueshme-per-te-dyja-vendet","status":"publish","type":"post","link":"https:\/\/www.hashtag.al\/index.php\/2025\/08\/01\/putin-na-nevojitet-nje-paqe-e-qendrueshme-per-te-dyja-vendet\/","title":{"rendered":"Putin: Na nevojitet nj\u00eb paqe e q\u00ebndrueshme p\u00ebr t\u00eb dyja vendet","gt_translate_keys":[{"key":"rendered","format":"text"}]},"content":{"rendered":"<p data-start=\"102\" data-end=\"460\"><span style=\"color: #000000;\"><img decoding=\"async\" class=\"aligncenter\" src=\"https:\/\/www.hashtag.al\/wp-content\/uploads\/2025\/02\/download-1-600x600.jpeg\" \/><\/span><\/p>\n<p data-start=\"102\" data-end=\"460\"><span style=\"color: #000000;\">Presidenti rus Vladimir Putin deklaroi se d\u00ebshiron nj\u00eb \u201cpaqe t\u00eb q\u00ebndrueshme dhe afatgjat\u00eb\u201d n\u00eb Ukrain\u00eb, por nuk dha asnj\u00eb shenj\u00eb se \u00ebsht\u00eb i gatsh\u00ebm t\u00eb b\u00ebj\u00eb l\u00ebshime p\u00ebr ta arritur at\u00eb. Deklarata vjen pas nj\u00eb jave sulmesh vdekjeprur\u00ebse me raketa dhe dron\u00eb n\u00eb qytete ukrainase, p\u00ebrfshir\u00eb nj\u00eb goditje t\u00eb r\u00ebnd\u00eb n\u00eb Kiev q\u00eb shkaktoi 31 viktima, mes tyre pes\u00eb f\u00ebmij\u00eb, p\u00ebrcjell <span style=\"color: #0000ff;\"><a style=\"color: #0000ff;\" href=\"https:\/\/www.theguardian.com\/world\/2025\/aug\/01\/putin-offers-no-hint-of-concessions-as-he-says-he-wants-stable-peace-in-ukraine-russia\">Guardian<\/a><\/span>.<\/span><\/p>\n<p data-start=\"462\" data-end=\"652\"><span style=\"color: #000000;\">\u201cNa nevojitet nj\u00eb paqe e q\u00ebndrueshme mbi baza solide, q\u00eb t\u00eb k\u00ebnaq\u00eb si Rusin\u00eb, ashtu edhe Ukrain\u00ebn dhe t\u00eb siguroj\u00eb paqe p\u00ebr t\u00eb dyja vendet,\u201d tha Putin gjat\u00eb nj\u00eb takimi me gazetar\u00eb t\u00eb premten.<\/span><\/p>\n<p data-start=\"654\" data-end=\"1020\"><span style=\"color: #000000;\">Kjo deklarat\u00eb erdhi nj\u00eb jav\u00eb para afatit t\u00eb ri t\u00eb vendosur nga presidenti amerikan Donald Trump, i cili paralajm\u00ebroi sanksione t\u00eb reja ndaj Rusis\u00eb n\u00ebse lufta nuk ndalet deri m\u00eb 8 gusht. Trump, i cili pati premtuar t\u2019i jepte fund luft\u00ebs brenda 24 or\u00ebve, ka ndryshuar s\u00eb fundmi tonin ndaj Kremlinit, duke e quajtur bombardimin e civil\u00ebve nga Rusia si \u201ct\u00eb neveritsh\u00ebm\u201d.<\/span><\/p>\n<p data-start=\"1022\" data-end=\"1363\"><span style=\"color: #000000;\">Zelenskyy reagoi menj\u00ebher\u00eb duke th\u00ebn\u00eb se n\u00ebse ky \u00ebsht\u00eb nj\u00eb sinjal i v\u00ebrtet\u00eb p\u00ebr paqe t\u00eb denj\u00eb dhe jo nj\u00eb manov\u00ebr p\u00ebr t\u00eb fituar koh\u00eb dhe shmangur sanksionet, at\u00ebher\u00eb Ukraina \u00ebsht\u00eb e gatshme p\u00ebr nj\u00eb takim n\u00eb nivel lider\u00ebsh. Ai k\u00ebrkoi q\u00eb takimi t\u00eb zhvillohet ball\u00eb p\u00ebr ball\u00eb me Putinin, me nd\u00ebrmjet\u00ebsimin e Trumpit ose presidentit turk Erdogan.<\/span><\/p>\n<p data-start=\"1365\" data-end=\"1617\"><span style=\"color: #000000;\">Nd\u00ebrkoh\u00eb, raundi i tret\u00eb i bisedimeve t\u00eb drejtp\u00ebrdrejta n\u00eb Stamboll d\u00ebshtoi brenda nj\u00eb ore, duke p\u00ebrfunduar pa marr\u00ebveshje p\u00ebrve\u00e7 shk\u00ebmbimit t\u00eb t\u00eb burgosurve. Ukraina e cil\u00ebsoi delegacionin rus si t\u00eb pap\u00ebrgatitur dhe jo kompetent p\u00ebr negociata serioze.<\/span><\/p>\n<p data-start=\"1619\" data-end=\"1777\" data-is-last-node=\"\" data-is-only-node=\"\"><span style=\"color: #000000;\">P\u00ebrkund\u00ebr retorik\u00ebs p\u00ebr paqe, realiteti n\u00eb terren dhe mungesa e fleksibilitetit nga Moska ushqejn\u00eb mosbesimin e Kievit ndaj q\u00ebllimeve t\u00eb v\u00ebrteta t\u00eb Kremlinit.<\/span><\/p>\n","protected":false,"gt_translate_keys":[{"key":"rendered","format":"html"}]},"excerpt":{"rendered":"<p>Presidenti rus Vladimir Putin deklaroi se d\u00ebshiron nj\u00eb \u201cpaqe t\u00eb q\u00ebndrueshme dhe afatgjat\u00eb\u201d n\u00eb Ukrain\u00eb, por nuk dha asnj\u00eb shenj\u00eb se \u00ebsht\u00eb i gatsh\u00ebm t\u00eb b\u00ebj\u00eb l\u00ebshime p\u00ebr ta arritur at\u00eb. Deklarata vjen pas nj\u00eb jave sulmesh vdekjeprur\u00ebse me raketa dhe dron\u00eb n\u00eb qytete ukrainase, p\u00ebrfshir\u00eb nj\u00eb goditje t\u00eb r\u00ebnd\u00eb n\u00eb Kiev q\u00eb shkaktoi 31 [&hellip;]<\/p>\n","protected":false,"gt_translate_keys":[{"key":"rendered","format":"html"}]},"author":32,"featured_media":722469,"comment_status":"closed","ping_status":"open","sticky":false,"template":"","format":"standard","meta":{"footnotes":""},"categories":[6],"tags":[],"class_list":["post-753919","post","type-post","status-publish","format-standard","has-post-thumbnail","hentry","category-nderkombetare"],"gt_translate_keys":[{"key":"link","format":"url"}],"_links":{"self":[{"href":"https:\/\/www.hashtag.al\/index.php\/wp-json\/wp\/v2\/posts\/753919","targetHints":{"allow":["GET"]}}],"collection":[{"href":"https:\/\/www.hashtag.al\/index.php\/wp-json\/wp\/v2\/posts"}],"about":[{"href":"https:\/\/www.hashtag.al\/index.php\/wp-json\/wp\/v2\/types\/post"}],"author":[{"embeddable":true,"href":"https:\/\/www.hashtag.al\/index.php\/wp-json\/wp\/v2\/users\/32"}],"replies":[{"embeddable":true,"href":"https:\/\/www.hashtag.al\/index.php\/wp-json\/wp\/v2\/comments?post=753919"}],"version-history":[{"count":99999,"href":"https:\/\/www.hashtag.al\/index.php\/wp-json\/wp\/v2\/posts\/753919\/revisions"}],"predecessor-version":[{"id":753920,"href":"https:\/\/www.hashtag.al\/index.php\/wp-json\/wp\/v2\/posts\/753919\/revisions\/753920"}],"wp:featuredmedia":[{"embeddable":true,"href":"https:\/\/www.hashtag.al\/index.php\/wp-json\/wp\/v2\/media\/722469"}],"wp:attachment":[{"href":"https:\/\/www.hashtag.al\/index.php\/wp-json\/wp\/v2\/media?parent=753919"}],"wp:term":[{"taxonomy":"category","embeddable":true,"href":"https:\/\/www.hashtag.al\/index.php\/wp-json\/wp\/v2\/categories?post=753919"},{"taxonomy":"post_tag","embeddable":true,"href":"https:\/\/www.hashtag.al\/index.php\/wp-json\/wp\/v2\/tags?post=753919"}],"curies":[{"name":"wp","href":"https:\/\/api.w.org\/{rel}","templated":true}]}}