{"id":753917,"date":"2025-08-01T16:46:25","date_gmt":"2025-08-01T14:46:25","guid":{"rendered":"https:\/\/www.hashtag.al\/?p=753917"},"modified":"2025-08-01T16:46:25","modified_gmt":"2025-08-01T14:46:25","slug":"skandal-me-fondet-ipard-blushi-korrupsioni-i-qeverise-rama-po-pengon-integrimin-ne-be","status":"publish","type":"post","link":"https:\/\/www.hashtag.al\/index.php\/2025\/08\/01\/skandal-me-fondet-ipard-blushi-korrupsioni-i-qeverise-rama-po-pengon-integrimin-ne-be\/","title":{"rendered":"\u201cSkandal me fondet IPARD\u201d \u2013 Blushi: Korrupsioni i qeveris\u00eb Rama po pengon integrimin n\u00eb BE","gt_translate_keys":[{"key":"rendered","format":"text"}]},"content":{"rendered":"<p><span style=\"color: #000000;\"><img decoding=\"async\" class=\"aligncenter\" src=\"https:\/\/www.hashtag.al\/wp-content\/uploads\/2025\/03\/Tedi-Blushi1-600x600.jpg\" \/><\/span><\/p>\n<p><span style=\"color: #000000;\">Sekretari i P\u00ebrgjithsh\u00ebm i Partis\u00eb s\u00eb Liris\u00eb, Tedi Blushi, ka reaguar ashp\u00ebr pas refuzimit nga Komisioni Europian p\u00ebr t\u00eb dh\u00ebn\u00eb fondet IPARD p\u00ebr Shqip\u00ebrin\u00eb, duke e cil\u00ebsuar k\u00ebt\u00eb si nj\u00eb \u201cshuplak\u00eb publike ndaj qeveris\u00eb s\u00eb Edi Ram\u00ebs\u201d dhe nj\u00eb pasoj\u00eb t\u00eb drejtp\u00ebrdrejt\u00eb t\u00eb korrupsionit shtet\u00ebror.<\/span><\/p>\n<p><span style=\"color: #000000;\">N\u00eb deklarat\u00ebn p\u00ebr mediat, Blushi akuzon qeverin\u00eb dhe kryeministrin Rama p\u00ebr zhdukjen e miliona eurove q\u00eb ishin t\u00eb destinuara p\u00ebr bujq\u00ebsin\u00eb dhe q\u00eb sipas tij jan\u00eb p\u00ebrvet\u00ebsuar p\u00ebrmes afer\u00ebs s\u00eb incenerator\u00ebve. Ai shton se drejt\u00ebsia e kapur, me n\u00eb krye SPAK-un, mbron dhe garanton k\u00ebt\u00eb skem\u00eb mafioze, nd\u00ebrsa fermer\u00ebt mbeten pa mb\u00ebshtetje.<\/span><\/p>\n<p><span style=\"color: #000000;\">Blushi thot\u00eb se vendimi i Brukselit p\u00ebr t\u00eb nd\u00ebrprer\u00eb fondet \u00ebsht\u00eb nj\u00eb akuz\u00eb serioze ndaj qeveris\u00eb dhe paralajm\u00ebron se me k\u00ebt\u00eb nivel korrupsioni, Shqip\u00ebria nuk ka perspektiv\u00eb europiane. Ai k\u00ebrkon largimin e menj\u00ebhersh\u00ebm t\u00eb qeveris\u00eb aktuale dhe nj\u00eb drejt\u00ebsi t\u00eb pavarur q\u00eb t\u00eb vendos\u00eb p\u00ebrpara p\u00ebrgjegj\u00ebsis\u00eb ata q\u00eb kan\u00eb abuzuar me fondet e BE-s\u00eb.<\/span><\/p>\n","protected":false,"gt_translate_keys":[{"key":"rendered","format":"html"}]},"excerpt":{"rendered":"<p>Sekretari i P\u00ebrgjithsh\u00ebm i Partis\u00eb s\u00eb Liris\u00eb, Tedi Blushi, ka reaguar ashp\u00ebr pas refuzimit nga Komisioni Europian p\u00ebr t\u00eb dh\u00ebn\u00eb fondet IPARD p\u00ebr Shqip\u00ebrin\u00eb, duke e cil\u00ebsuar k\u00ebt\u00eb si nj\u00eb \u201cshuplak\u00eb publike ndaj qeveris\u00eb s\u00eb Edi Ram\u00ebs\u201d dhe nj\u00eb pasoj\u00eb t\u00eb drejtp\u00ebrdrejt\u00eb t\u00eb korrupsionit shtet\u00ebror. N\u00eb deklarat\u00ebn p\u00ebr mediat, Blushi akuzon qeverin\u00eb dhe kryeministrin Rama [&hellip;]<\/p>\n","protected":false,"gt_translate_keys":[{"key":"rendered","format":"html"}]},"author":32,"featured_media":731771,"comment_status":"closed","ping_status":"open","sticky":false,"template":"","format":"standard","meta":{"footnotes":""},"categories":[65],"tags":[],"class_list":["post-753917","post","type-post","status-publish","format-standard","has-post-thumbnail","hentry","category-lajme"],"gt_translate_keys":[{"key":"link","format":"url"}],"_links":{"self":[{"href":"https:\/\/www.hashtag.al\/index.php\/wp-json\/wp\/v2\/posts\/753917","targetHints":{"allow":["GET"]}}],"collection":[{"href":"https:\/\/www.hashtag.al\/index.php\/wp-json\/wp\/v2\/posts"}],"about":[{"href":"https:\/\/www.hashtag.al\/index.php\/wp-json\/wp\/v2\/types\/post"}],"author":[{"embeddable":true,"href":"https:\/\/www.hashtag.al\/index.php\/wp-json\/wp\/v2\/users\/32"}],"replies":[{"embeddable":true,"href":"https:\/\/www.hashtag.al\/index.php\/wp-json\/wp\/v2\/comments?post=753917"}],"version-history":[{"count":99999,"href":"https:\/\/www.hashtag.al\/index.php\/wp-json\/wp\/v2\/posts\/753917\/revisions"}],"predecessor-version":[{"id":753918,"href":"https:\/\/www.hashtag.al\/index.php\/wp-json\/wp\/v2\/posts\/753917\/revisions\/753918"}],"wp:featuredmedia":[{"embeddable":true,"href":"https:\/\/www.hashtag.al\/index.php\/wp-json\/wp\/v2\/media\/731771"}],"wp:attachment":[{"href":"https:\/\/www.hashtag.al\/index.php\/wp-json\/wp\/v2\/media?parent=753917"}],"wp:term":[{"taxonomy":"category","embeddable":true,"href":"https:\/\/www.hashtag.al\/index.php\/wp-json\/wp\/v2\/categories?post=753917"},{"taxonomy":"post_tag","embeddable":true,"href":"https:\/\/www.hashtag.al\/index.php\/wp-json\/wp\/v2\/tags?post=753917"}],"curies":[{"name":"wp","href":"https:\/\/api.w.org\/{rel}","templated":true}]}}