{"id":753722,"date":"2025-07-31T11:26:51","date_gmt":"2025-07-31T09:26:51","guid":{"rendered":"https:\/\/www.hashtag.al\/?p=753722"},"modified":"2025-07-31T11:26:51","modified_gmt":"2025-07-31T09:26:51","slug":"manastirliu-prezanton-nenkryetaret-e-rinj-te-bashkise-tirane","status":"publish","type":"post","link":"https:\/\/www.hashtag.al\/index.php\/2025\/07\/31\/manastirliu-prezanton-nenkryetaret-e-rinj-te-bashkise-tirane\/","title":{"rendered":"Manastirliu prezanton n\u00ebnkryetar\u00ebt e rinj t\u00eb Bashkis\u00eb Tiran\u00eb","gt_translate_keys":[{"key":"rendered","format":"text"}]},"content":{"rendered":"<div class=\"firstP\">\n<p data-start=\"66\" data-end=\"278\"><span style=\"color: #000000;\"><img loading=\"lazy\" decoding=\"async\" class=\"aligncenter size-full wp-image-753723\" src=\"https:\/\/www.hashtag.al\/wp-content\/uploads\/2025\/07\/bashkia_hd.jpg\" alt=\"\" width=\"1920\" height=\"1080\" srcset=\"https:\/\/www.hashtag.al\/wp-content\/uploads\/2025\/07\/bashkia_hd.jpg 1920w, https:\/\/www.hashtag.al\/wp-content\/uploads\/2025\/07\/bashkia_hd-300x169.jpg 300w, https:\/\/www.hashtag.al\/wp-content\/uploads\/2025\/07\/bashkia_hd-1024x576.jpg 1024w, https:\/\/www.hashtag.al\/wp-content\/uploads\/2025\/07\/bashkia_hd-768x432.jpg 768w, https:\/\/www.hashtag.al\/wp-content\/uploads\/2025\/07\/bashkia_hd-1536x864.jpg 1536w\" sizes=\"auto, (max-width: 1920px) 100vw, 1920px\" \/><\/span><\/p>\n<p data-start=\"66\" data-end=\"278\"><span style=\"color: #000000;\">Ministrja Ogerta Manastirliu prezantoi kat\u00ebr n\u00ebnkryetar\u00ebt e rinj t\u00eb Bashkis\u00eb s\u00eb Tiran\u00ebs, q\u00eb do t\u00eb z\u00ebvend\u00ebsojn\u00eb drejtuesit e m\u00ebparsh\u00ebm pas dor\u00ebheqjes s\u00eb tyre me k\u00ebrkes\u00eb t\u00eb kryeministrit.<\/span><\/p>\n<p data-start=\"280\" data-end=\"464\"><span style=\"color: #000000;\">T\u00eb em\u00ebruarit jan\u00eb Ilir Mengra (pun\u00ebt publike), Vasilika Vjero (financa dhe zhvillim ekonomik), Blendi Sula (territori dhe zhvillimi rural) dhe Gentian Keri (administrata e bashkis\u00eb).<\/span><\/p>\n<p data-start=\"466\" data-end=\"608\" data-is-last-node=\"\" data-is-only-node=\"\"><span style=\"color: #000000;\">Nd\u00ebrkoh\u00eb, Anuela Ristani vazhdon t\u00eb ushtroj\u00eb detyrat e kryetarit t\u00eb bashkis\u00eb n\u00eb munges\u00eb t\u00eb Erion Veliajt, i cili ndodhet n\u00eb burgun e Durr\u00ebsit.<\/span><\/p>\n<\/div>\n","protected":false,"gt_translate_keys":[{"key":"rendered","format":"html"}]},"excerpt":{"rendered":"<p>Ministrja Ogerta Manastirliu prezantoi kat\u00ebr n\u00ebnkryetar\u00ebt e rinj t\u00eb Bashkis\u00eb s\u00eb Tiran\u00ebs, q\u00eb do t\u00eb z\u00ebvend\u00ebsojn\u00eb drejtuesit e m\u00ebparsh\u00ebm pas dor\u00ebheqjes s\u00eb tyre me k\u00ebrkes\u00eb t\u00eb kryeministrit. T\u00eb em\u00ebruarit jan\u00eb Ilir Mengra (pun\u00ebt publike), Vasilika Vjero (financa dhe zhvillim ekonomik), Blendi Sula (territori dhe zhvillimi rural) dhe Gentian Keri (administrata e bashkis\u00eb). Nd\u00ebrkoh\u00eb, Anuela Ristani [&hellip;]<\/p>\n","protected":false,"gt_translate_keys":[{"key":"rendered","format":"html"}]},"author":49,"featured_media":753723,"comment_status":"closed","ping_status":"open","sticky":false,"template":"","format":"standard","meta":{"footnotes":""},"categories":[65],"tags":[],"class_list":["post-753722","post","type-post","status-publish","format-standard","has-post-thumbnail","hentry","category-lajme"],"gt_translate_keys":[{"key":"link","format":"url"}],"_links":{"self":[{"href":"https:\/\/www.hashtag.al\/index.php\/wp-json\/wp\/v2\/posts\/753722","targetHints":{"allow":["GET"]}}],"collection":[{"href":"https:\/\/www.hashtag.al\/index.php\/wp-json\/wp\/v2\/posts"}],"about":[{"href":"https:\/\/www.hashtag.al\/index.php\/wp-json\/wp\/v2\/types\/post"}],"author":[{"embeddable":true,"href":"https:\/\/www.hashtag.al\/index.php\/wp-json\/wp\/v2\/users\/49"}],"replies":[{"embeddable":true,"href":"https:\/\/www.hashtag.al\/index.php\/wp-json\/wp\/v2\/comments?post=753722"}],"version-history":[{"count":99999,"href":"https:\/\/www.hashtag.al\/index.php\/wp-json\/wp\/v2\/posts\/753722\/revisions"}],"predecessor-version":[{"id":753724,"href":"https:\/\/www.hashtag.al\/index.php\/wp-json\/wp\/v2\/posts\/753722\/revisions\/753724"}],"wp:featuredmedia":[{"embeddable":true,"href":"https:\/\/www.hashtag.al\/index.php\/wp-json\/wp\/v2\/media\/753723"}],"wp:attachment":[{"href":"https:\/\/www.hashtag.al\/index.php\/wp-json\/wp\/v2\/media?parent=753722"}],"wp:term":[{"taxonomy":"category","embeddable":true,"href":"https:\/\/www.hashtag.al\/index.php\/wp-json\/wp\/v2\/categories?post=753722"},{"taxonomy":"post_tag","embeddable":true,"href":"https:\/\/www.hashtag.al\/index.php\/wp-json\/wp\/v2\/tags?post=753722"}],"curies":[{"name":"wp","href":"https:\/\/api.w.org\/{rel}","templated":true}]}}