{"id":753667,"date":"2025-07-30T22:27:16","date_gmt":"2025-07-30T20:27:16","guid":{"rendered":"https:\/\/www.hashtag.al\/?p=753667"},"modified":"2025-07-30T22:27:16","modified_gmt":"2025-07-30T20:27:16","slug":"gjermania-ne-telashe-perballet-me-nje-hendek-buxhetor-prej-170-miliarde-eurosh","status":"publish","type":"post","link":"https:\/\/www.hashtag.al\/index.php\/2025\/07\/30\/gjermania-ne-telashe-perballet-me-nje-hendek-buxhetor-prej-170-miliarde-eurosh\/","title":{"rendered":"Gjermania n\u00eb \u201ctelashe\u201d, p\u00ebrballet me nj\u00eb hendek buxhetor prej 170 miliard\u00eb eurosh","gt_translate_keys":[{"key":"rendered","format":"text"}]},"content":{"rendered":"<p><img loading=\"lazy\" decoding=\"async\" class=\"aligncenter size-full wp-image-753670\" src=\"https:\/\/www.hashtag.al\/wp-content\/uploads\/2025\/07\/c9ba3d0b6b7dad0ceb4181ec30352d33564582bc.png\" alt=\"\" width=\"700\" height=\"394\" srcset=\"https:\/\/www.hashtag.al\/wp-content\/uploads\/2025\/07\/c9ba3d0b6b7dad0ceb4181ec30352d33564582bc.png 700w, https:\/\/www.hashtag.al\/wp-content\/uploads\/2025\/07\/c9ba3d0b6b7dad0ceb4181ec30352d33564582bc-300x169.png 300w\" sizes=\"auto, (max-width: 700px) 100vw, 700px\" \/><\/p>\n<p><span style=\"color: #000000;\">Ministri i Financave i Gjermanis\u00eb, Lars Klingbeil, ka paralajm\u00ebruar se nj\u00eb deficit buxhetor prej 170 miliard\u00eb eurosh p\u00ebrb\u00ebn nj\u00eb &#8220;sfid\u00eb t\u00eb madhe&#8221; p\u00ebr koalicionin qeveris\u00ebs, edhe pse ekonomia m\u00eb e madhe e Evrop\u00ebs po nd\u00ebrmerr nj\u00eb investim t\u00eb financuar nga borxhi p\u00ebr t\u00eb forcuar ushtrin\u00eb e saj dhe p\u00ebr t\u00eb modernizuar infrastruktur\u00ebn e saj.<\/span><\/p>\n<p><span style=\"color: #000000;\">N\u00eb mars, Gjermania zbuti kufirin e saj kushtetues t\u00eb huamarrjes p\u00ebr t\u00eb mund\u00ebsuar rritjen e shpenzimeve t\u00eb mbrojtjes dhe p\u00ebr t\u00eb krijuar nj\u00eb fond t\u00eb posa\u00e7\u00ebm prej 500 miliard\u00eb eurosh p\u00ebr infrastruktur\u00ebn e saj t\u00eb vjet\u00ebruar &#8211; nj\u00eb ndryshim historik nga q\u00ebndrimi tradicionalisht konservator fiskal i Berlinit. Megjithat\u00eb, rregulli kushtetues q\u00eb kufizon huamarrjen neto n\u00eb 0.35 p\u00ebrqind t\u00eb PBB-s\u00eb n\u00eb vit vijon t\u00eb zbatohet n\u00eb fusha t\u00eb tjera t\u00eb buxhetit federal, shkruan <span style=\"color: #0000ff;\"><a style=\"color: #0000ff;\" href=\"https:\/\/www.ft.com\/content\/67350e60-2aaf-44f3-b5c4-144d7f904f3d\">FT<\/a>.<\/span><\/span><\/p>\n<p><span style=\"color: #000000;\">Duke prezantuar buxhetin e vitit t\u00eb ardhsh\u00ebm t\u00eb m\u00ebrkur\u00ebn, Klingbeil tha se Berlini duhet t\u00eb mbyll\u00eb nj\u00eb boshll\u00ebk buxhetor prej 170 miliard\u00eb eurosh deri n\u00eb vitin 2029. Nd\u00ebrsa koalicioni ra dakord t\u00eb mos rriste taksat, kjo ka t\u00eb ngjar\u00eb t\u00eb k\u00ebrkoj\u00eb shkurtime t\u00eb thella n\u00eb t\u00eb gjitha ministrit\u00eb dhe reforma t\u00eb sistemit t\u00eb mir\u00ebqenies, shtoi ai.<\/span><\/p>\n<p><span style=\"color: #000000;\"><em><i>\u201cNuk ka koh\u00eb p\u00ebr t\u00eb humbur\u201d<\/i><\/em>, tha ai. Vet\u00ebm buxheti i vitit 2027 do t\u00eb duhet t\u00eb mbuloj\u00eb nj\u00eb boshll\u00ebk prej 30 miliard\u00eb eurosh, \u201cnj\u00eb nga sfidat m\u00eb t\u00eb m\u00ebdha t\u00eb brendshme q\u00eb duhet t\u00eb kap\u00ebrcejm\u00eb n\u00eb dymb\u00ebdhjet\u00eb muajt e ardhsh\u00ebm\u201d.<\/span><\/p>\n<p><span style=\"color: #000000;\">Shkurtimet e af\u00ebrta p\u00ebrb\u00ebjn\u00eb nj\u00eb rrezik politik p\u00ebr qeverin\u00eb e udh\u00ebhequr nga kancelari Friedrich Merz, i cili \u00ebsht\u00eb zotuar t\u00eb largohet nga grindjet e brendshme q\u00eb pllakos\u00ebn koalicionin e m\u00ebparsh\u00ebm.<\/span><\/p>\n<p><span style=\"color: #000000;\">Kristiandemokrat\u00ebt e Merz, t\u00eb cil\u00ebt qeverisin me Socialdemokrat\u00ebt e Klingbeil me nj\u00eb shumic\u00eb shum\u00eb t\u00eb ngusht\u00eb prej 13 vendesh n\u00eb parlament, kan\u00eb p\u00ebrjetuar koh\u00ebt e fundit tensionet e tyre t\u00eb para t\u00eb r\u00ebnd\u00ebsishme q\u00eb nga marrja e detyr\u00ebs n\u00eb maj.<\/span><\/p>\n","protected":false,"gt_translate_keys":[{"key":"rendered","format":"html"}]},"excerpt":{"rendered":"<p>Ministri i Financave i Gjermanis\u00eb, Lars Klingbeil, ka paralajm\u00ebruar se nj\u00eb deficit buxhetor prej 170 miliard\u00eb eurosh p\u00ebrb\u00ebn nj\u00eb &#8220;sfid\u00eb t\u00eb madhe&#8221; p\u00ebr koalicionin qeveris\u00ebs, edhe pse ekonomia m\u00eb e madhe e Evrop\u00ebs po nd\u00ebrmerr nj\u00eb investim t\u00eb financuar nga borxhi p\u00ebr t\u00eb forcuar ushtrin\u00eb e saj dhe p\u00ebr t\u00eb modernizuar infrastruktur\u00ebn e saj. N\u00eb [&hellip;]<\/p>\n","protected":false,"gt_translate_keys":[{"key":"rendered","format":"html"}]},"author":51,"featured_media":753670,"comment_status":"closed","ping_status":"open","sticky":false,"template":"","format":"standard","meta":{"footnotes":""},"categories":[53],"tags":[],"class_list":["post-753667","post","type-post","status-publish","format-standard","has-post-thumbnail","hentry","category-fast-foodi"],"gt_translate_keys":[{"key":"link","format":"url"}],"_links":{"self":[{"href":"https:\/\/www.hashtag.al\/index.php\/wp-json\/wp\/v2\/posts\/753667","targetHints":{"allow":["GET"]}}],"collection":[{"href":"https:\/\/www.hashtag.al\/index.php\/wp-json\/wp\/v2\/posts"}],"about":[{"href":"https:\/\/www.hashtag.al\/index.php\/wp-json\/wp\/v2\/types\/post"}],"author":[{"embeddable":true,"href":"https:\/\/www.hashtag.al\/index.php\/wp-json\/wp\/v2\/users\/51"}],"replies":[{"embeddable":true,"href":"https:\/\/www.hashtag.al\/index.php\/wp-json\/wp\/v2\/comments?post=753667"}],"version-history":[{"count":99999,"href":"https:\/\/www.hashtag.al\/index.php\/wp-json\/wp\/v2\/posts\/753667\/revisions"}],"predecessor-version":[{"id":753671,"href":"https:\/\/www.hashtag.al\/index.php\/wp-json\/wp\/v2\/posts\/753667\/revisions\/753671"}],"wp:featuredmedia":[{"embeddable":true,"href":"https:\/\/www.hashtag.al\/index.php\/wp-json\/wp\/v2\/media\/753670"}],"wp:attachment":[{"href":"https:\/\/www.hashtag.al\/index.php\/wp-json\/wp\/v2\/media?parent=753667"}],"wp:term":[{"taxonomy":"category","embeddable":true,"href":"https:\/\/www.hashtag.al\/index.php\/wp-json\/wp\/v2\/categories?post=753667"},{"taxonomy":"post_tag","embeddable":true,"href":"https:\/\/www.hashtag.al\/index.php\/wp-json\/wp\/v2\/tags?post=753667"}],"curies":[{"name":"wp","href":"https:\/\/api.w.org\/{rel}","templated":true}]}}