{"id":753627,"date":"2025-07-30T18:52:18","date_gmt":"2025-07-30T16:52:18","guid":{"rendered":"https:\/\/www.hashtag.al\/?p=753627"},"modified":"2025-07-30T18:52:18","modified_gmt":"2025-07-30T16:52:18","slug":"izraeli-miraton-dergimin-e-ndihmave-humanitare-nga-maroku-drejt-gazes-permes-rruges-tokesore","status":"publish","type":"post","link":"https:\/\/www.hashtag.al\/index.php\/2025\/07\/30\/izraeli-miraton-dergimin-e-ndihmave-humanitare-nga-maroku-drejt-gazes-permes-rruges-tokesore\/","title":{"rendered":"Izraeli miraton d\u00ebrgimin e ndihmave humanitare nga Maroku drejt Gaz\u00ebs p\u00ebrmes rrug\u00ebs tok\u00ebsore","gt_translate_keys":[{"key":"rendered","format":"text"}]},"content":{"rendered":"<p data-start=\"111\" data-end=\"207\"><span style=\"color: #000000;\"><img loading=\"lazy\" decoding=\"async\" class=\"size-medium wp-image-751364 aligncenter\" src=\"https:\/\/www.hashtag.al\/wp-content\/uploads\/2025\/07\/gaza-ezgif.com-avif-to-jpg-converter-300x200.jpg\" alt=\"\" width=\"300\" height=\"200\" srcset=\"https:\/\/www.hashtag.al\/wp-content\/uploads\/2025\/07\/gaza-ezgif.com-avif-to-jpg-converter-300x200.jpg 300w, https:\/\/www.hashtag.al\/wp-content\/uploads\/2025\/07\/gaza-ezgif.com-avif-to-jpg-converter-1024x683.jpg 1024w, https:\/\/www.hashtag.al\/wp-content\/uploads\/2025\/07\/gaza-ezgif.com-avif-to-jpg-converter-768x512.jpg 768w, https:\/\/www.hashtag.al\/wp-content\/uploads\/2025\/07\/gaza-ezgif.com-avif-to-jpg-converter-1536x1024.jpg 1536w, https:\/\/www.hashtag.al\/wp-content\/uploads\/2025\/07\/gaza-ezgif.com-avif-to-jpg-converter-2048x1365.jpg 2048w\" sizes=\"auto, (max-width: 300px) 100vw, 300px\" \/><br \/>\nIzraeli ka dh\u00ebn\u00eb miratimin p\u00ebr hyrjen e ndihmave humanitare nga Maroku drejt Rripit t\u00eb Gaz\u00ebs p\u00ebrmes nj\u00eb rruge tok\u00ebsore, n\u00eb kuad\u00ebr t\u00eb nj\u00eb marr\u00ebveshjeje t\u00eb re humanitare nd\u00ebrmjet dy vendeve, p\u00ebrcjell <span style=\"color: #0000ff;\"><a style=\"color: #0000ff;\" href=\"https:\/\/www.ynetnews.com\/article\/nn96wjk4q\">YNetNews<\/a><\/span>.<\/span><\/p>\n<p data-start=\"399\" data-end=\"729\"><span style=\"color: #000000;\">Sipas planit t\u00eb dakord\u00ebsuar, ndihmat do t\u00eb transportohen fillimisht me avion n\u00eb aeroportin Ben Gurion n\u00eb Tel Aviv dhe m\u00eb pas do t\u00eb kalojn\u00eb p\u00ebrmes pik\u00ebs kufitare Kerem Shalom p\u00ebr t\u2019u shp\u00ebrndar\u00eb n\u00eb Gaza. T\u00eb gjitha d\u00ebrgesat do t\u2019i n\u00ebnshtrohen kontrolleve t\u00eb siguris\u00eb nga autoritetet izraelite p\u00ebrpara hyrjes n\u00eb territorin palestinez.<\/span><\/p>\n<p data-start=\"731\" data-end=\"952\"><span style=\"color: #000000;\">Ky zhvillim vjen n\u00eb nj\u00eb moment kritik p\u00ebr Gaz\u00ebn, ku kriza humanitare \u00ebsht\u00eb p\u00ebrshkall\u00ebzuar ndjesh\u00ebm p\u00ebr shkak t\u00eb luftimeve t\u00eb zgjatura, bllokad\u00ebs dhe munges\u00ebs s\u00eb furnizimeve baz\u00eb si ushqim, uj\u00eb, ila\u00e7e dhe ndihma mjek\u00ebsore.<\/span><\/p>\n<p data-start=\"954\" data-end=\"1022\"><span style=\"color: #000000;\">Maroku, nj\u00eb nga vendet e para arabe q\u00eb nd\u00ebrmori nj\u00eb hap t\u00eb till\u00eb<\/span><\/p>\n<p data-start=\"1024\" data-end=\"1361\"><span style=\"color: #000000;\">Maroku \u00ebsht\u00eb nd\u00ebr vendet e para arabe q\u00eb arrin nj\u00eb marr\u00ebveshje t\u00eb till\u00eb me Izraelin p\u00ebr t\u00eb lejuar d\u00ebrgesa t\u00eb drejtp\u00ebrdrejta t\u00eb ndihmave p\u00ebrmes territorit izraelit drejt Gaz\u00ebs. Marr\u00ebdh\u00ebniet diplomatike mes dy vendeve u normalizuan n\u00eb fund t\u00eb vitit 2020 si pjes\u00eb e marr\u00ebveshjeve t\u00eb nd\u00ebrmjet\u00ebsuara nga SHBA, t\u00eb njohura si \u201cAbraham Accords\u201d.<\/span><\/p>\n<p data-start=\"1363\" data-end=\"1598\"><span style=\"color: #000000;\">Qeveria marokene e ka cil\u00ebsuar d\u00ebrgimin e ndihmave si nj\u00eb akt solidariteti me popullin palestinez, nd\u00ebrsa thekson se ndihma do t\u00eb jet\u00eb e orientuar drejt sh\u00ebrbimeve sh\u00ebndet\u00ebsore dhe mb\u00ebshtetjes p\u00ebr civil\u00ebt q\u00eb ndodhen n\u00eb kushte ekstreme.<\/span><\/p>\n","protected":false,"gt_translate_keys":[{"key":"rendered","format":"html"}]},"excerpt":{"rendered":"<p>Izraeli ka dh\u00ebn\u00eb miratimin p\u00ebr hyrjen e ndihmave humanitare nga Maroku drejt Rripit t\u00eb Gaz\u00ebs p\u00ebrmes nj\u00eb rruge tok\u00ebsore, n\u00eb kuad\u00ebr t\u00eb nj\u00eb marr\u00ebveshjeje t\u00eb re humanitare nd\u00ebrmjet dy vendeve, p\u00ebrcjell YNetNews. Sipas planit t\u00eb dakord\u00ebsuar, ndihmat do t\u00eb transportohen fillimisht me avion n\u00eb aeroportin Ben Gurion n\u00eb Tel Aviv dhe m\u00eb pas do t\u00eb [&hellip;]<\/p>\n","protected":false,"gt_translate_keys":[{"key":"rendered","format":"html"}]},"author":32,"featured_media":751364,"comment_status":"closed","ping_status":"open","sticky":false,"template":"","format":"standard","meta":{"footnotes":""},"categories":[6],"tags":[],"class_list":["post-753627","post","type-post","status-publish","format-standard","has-post-thumbnail","hentry","category-nderkombetare"],"gt_translate_keys":[{"key":"link","format":"url"}],"_links":{"self":[{"href":"https:\/\/www.hashtag.al\/index.php\/wp-json\/wp\/v2\/posts\/753627","targetHints":{"allow":["GET"]}}],"collection":[{"href":"https:\/\/www.hashtag.al\/index.php\/wp-json\/wp\/v2\/posts"}],"about":[{"href":"https:\/\/www.hashtag.al\/index.php\/wp-json\/wp\/v2\/types\/post"}],"author":[{"embeddable":true,"href":"https:\/\/www.hashtag.al\/index.php\/wp-json\/wp\/v2\/users\/32"}],"replies":[{"embeddable":true,"href":"https:\/\/www.hashtag.al\/index.php\/wp-json\/wp\/v2\/comments?post=753627"}],"version-history":[{"count":99999,"href":"https:\/\/www.hashtag.al\/index.php\/wp-json\/wp\/v2\/posts\/753627\/revisions"}],"predecessor-version":[{"id":753628,"href":"https:\/\/www.hashtag.al\/index.php\/wp-json\/wp\/v2\/posts\/753627\/revisions\/753628"}],"wp:featuredmedia":[{"embeddable":true,"href":"https:\/\/www.hashtag.al\/index.php\/wp-json\/wp\/v2\/media\/751364"}],"wp:attachment":[{"href":"https:\/\/www.hashtag.al\/index.php\/wp-json\/wp\/v2\/media?parent=753627"}],"wp:term":[{"taxonomy":"category","embeddable":true,"href":"https:\/\/www.hashtag.al\/index.php\/wp-json\/wp\/v2\/categories?post=753627"},{"taxonomy":"post_tag","embeddable":true,"href":"https:\/\/www.hashtag.al\/index.php\/wp-json\/wp\/v2\/tags?post=753627"}],"curies":[{"name":"wp","href":"https:\/\/api.w.org\/{rel}","templated":true}]}}