{"id":753600,"date":"2025-07-30T15:46:32","date_gmt":"2025-07-30T13:46:32","guid":{"rendered":"https:\/\/www.hashtag.al\/?p=753600"},"modified":"2025-07-30T15:46:32","modified_gmt":"2025-07-30T13:46:32","slug":"kas-e-la-pa-mandat-deputeti-lapaj-psd-se-iu-pranuan-doreheqjet-me-ne-zbatohet-ligj-tjeter-se-jemi-gulag","status":"publish","type":"post","link":"https:\/\/www.hashtag.al\/index.php\/2025\/07\/30\/kas-e-la-pa-mandat-deputeti-lapaj-psd-se-iu-pranuan-doreheqjet-me-ne-zbatohet-ligj-tjeter-se-jemi-gulag\/","title":{"rendered":"KAS e la pa mandat deputeti, Lapaj: PSD-s\u00eb iu pranuan dor\u00ebheqjet, me ne zbatohet ligj tjet\u00ebr se jemi Gulag","gt_translate_keys":[{"key":"rendered","format":"text"}]},"content":{"rendered":"<p><span style=\"color: #000000;\"><img loading=\"lazy\" decoding=\"async\" class=\"alignnone size-medium wp-image-730186\" src=\"https:\/\/www.hashtag.al\/wp-content\/uploads\/2025\/03\/Adriatik-Lapaj1-559x350-1-300x188.jpg\" alt=\"\" width=\"300\" height=\"188\" srcset=\"https:\/\/www.hashtag.al\/wp-content\/uploads\/2025\/03\/Adriatik-Lapaj1-559x350-1-300x188.jpg 300w, https:\/\/www.hashtag.al\/wp-content\/uploads\/2025\/03\/Adriatik-Lapaj1-559x350-1-555x350.jpg 555w, https:\/\/www.hashtag.al\/wp-content\/uploads\/2025\/03\/Adriatik-Lapaj1-559x350-1.jpg 559w\" sizes=\"auto, (max-width: 300px) 100vw, 300px\" \/><\/span><\/p>\n<p><span style=\"color: #000000;\">Kreu i subjektit politik Shqip\u00ebria B\u00ebhet, Adriatik Lapaj, u rr\u00ebzua sot nga\u00a0<a style=\"color: #000000;\" href=\"https:\/\/shqiptarja.com\/tag\/73505\">KAS<\/a>\u00a0p\u00ebr ankimimin ku k\u00ebrkonte q\u00eb mandati i fituar m\u00eb 11 maj nga koalicioni q\u00eb drejton, t\u2019i kalonte atij.<\/span><\/p>\n<p><span style=\"color: #000000;\">Pas vendimit ai ka reaguar me nj\u00eb postim n\u00eb rrjetin social Facebook, ku v\u00eb n\u00eb dukje dy standardet e KAS, duke e krahasuar me rastin e Tom Doshit.<\/span><\/p>\n<p><span style=\"color: #000000;\">Lapaj shprehet se PSD-s\u00eb iu pranuan dor\u00ebheqjet dhe mandati kaloi te lista e hapur, kurse NSHB-s\u00eb nuk iu pranua, pasi \u201czbatohet nj\u00eb tjet\u00ebr ligj, se ne jemi Gulag\u201d.<\/span><\/p>\n<p><span style=\"color: #000000;\">Ai shton se \u00ebsht\u00eb krenar q\u00eb garoi n\u00eb list\u00ebn e hapur dhe se nj\u00eb dit\u00eb vendi do ket\u00eb gar\u00eb p\u00ebr at\u00eb q\u00eb k\u00ebrkojn\u00eb.<\/span><\/p>\n<p><span style=\"color: #000000;\">Por sipas vendimit t\u00eb KAS dhe\u00a0KQZ PSD-s\u00eb i \u00ebsht\u00eb pranuar dor\u00ebheqja p\u00ebr mandatin dhe jo p\u00ebr kandidat\u00ebt, kurse partis\u00eb s\u00eb Lapajt nuk i jan\u00eb pranuar dor\u00ebheqjet p\u00ebr kandidat\u00ebt.<\/span><\/p>\n<p><span style=\"color: #000000;\"><em>\u201cPra, PSD-s\u00eb i pranohen dor\u00ebheqjet dhe mandati kalon te lista e hapur. Neve jo q\u00eb jo! P\u00ebr ne zbatohet tjet\u00ebr ligj se ne jemi Gulag. Jam aq shum\u00eb krenar q\u00eb luftoj p\u00ebr gar\u00ebn e hapur! Do vij\u00eb dita e asaj q\u00eb po k\u00ebrkojm\u00eb. Nj\u00eb dit\u00eb ky vend do ket\u00eb gar\u00eb\u201d, shkruan Lapaj.<\/em><\/span><\/p>\n<p>&nbsp;<\/p>\n","protected":false,"gt_translate_keys":[{"key":"rendered","format":"html"}]},"excerpt":{"rendered":"<p>Kreu i subjektit politik Shqip\u00ebria B\u00ebhet, Adriatik Lapaj, u rr\u00ebzua sot nga\u00a0KAS\u00a0p\u00ebr ankimimin ku k\u00ebrkonte q\u00eb mandati i fituar m\u00eb 11 maj nga koalicioni q\u00eb drejton, t\u2019i kalonte atij. Pas vendimit ai ka reaguar me nj\u00eb postim n\u00eb rrjetin social Facebook, ku v\u00eb n\u00eb dukje dy standardet e KAS, duke e krahasuar me rastin e [&hellip;]<\/p>\n","protected":false,"gt_translate_keys":[{"key":"rendered","format":"html"}]},"author":32,"featured_media":730186,"comment_status":"closed","ping_status":"open","sticky":false,"template":"","format":"standard","meta":{"footnotes":""},"categories":[65],"tags":[],"class_list":["post-753600","post","type-post","status-publish","format-standard","has-post-thumbnail","hentry","category-lajme"],"gt_translate_keys":[{"key":"link","format":"url"}],"_links":{"self":[{"href":"https:\/\/www.hashtag.al\/index.php\/wp-json\/wp\/v2\/posts\/753600","targetHints":{"allow":["GET"]}}],"collection":[{"href":"https:\/\/www.hashtag.al\/index.php\/wp-json\/wp\/v2\/posts"}],"about":[{"href":"https:\/\/www.hashtag.al\/index.php\/wp-json\/wp\/v2\/types\/post"}],"author":[{"embeddable":true,"href":"https:\/\/www.hashtag.al\/index.php\/wp-json\/wp\/v2\/users\/32"}],"replies":[{"embeddable":true,"href":"https:\/\/www.hashtag.al\/index.php\/wp-json\/wp\/v2\/comments?post=753600"}],"version-history":[{"count":99999,"href":"https:\/\/www.hashtag.al\/index.php\/wp-json\/wp\/v2\/posts\/753600\/revisions"}],"predecessor-version":[{"id":753601,"href":"https:\/\/www.hashtag.al\/index.php\/wp-json\/wp\/v2\/posts\/753600\/revisions\/753601"}],"wp:featuredmedia":[{"embeddable":true,"href":"https:\/\/www.hashtag.al\/index.php\/wp-json\/wp\/v2\/media\/730186"}],"wp:attachment":[{"href":"https:\/\/www.hashtag.al\/index.php\/wp-json\/wp\/v2\/media?parent=753600"}],"wp:term":[{"taxonomy":"category","embeddable":true,"href":"https:\/\/www.hashtag.al\/index.php\/wp-json\/wp\/v2\/categories?post=753600"},{"taxonomy":"post_tag","embeddable":true,"href":"https:\/\/www.hashtag.al\/index.php\/wp-json\/wp\/v2\/tags?post=753600"}],"curies":[{"name":"wp","href":"https:\/\/api.w.org\/{rel}","templated":true}]}}