{"id":753582,"date":"2025-07-30T15:09:51","date_gmt":"2025-07-30T13:09:51","guid":{"rendered":"https:\/\/www.hashtag.al\/?p=753582"},"modified":"2025-07-30T15:09:51","modified_gmt":"2025-07-30T13:09:51","slug":"spiropali-ne-konferencen-e-gjeneves-shqiperia-ne-mbrojtje-te-paqes-drejtesise-dhe-bashkepunimit-nderkombetar","status":"publish","type":"post","link":"https:\/\/www.hashtag.al\/index.php\/2025\/07\/30\/spiropali-ne-konferencen-e-gjeneves-shqiperia-ne-mbrojtje-te-paqes-drejtesise-dhe-bashkepunimit-nderkombetar\/","title":{"rendered":"Spiropali n\u00eb Konferenc\u00ebn e Gjenev\u00ebs: Shqip\u00ebria n\u00eb mbrojtje t\u00eb paqes, drejt\u00ebsis\u00eb dhe bashk\u00ebpunimit nd\u00ebrkomb\u00ebtar","gt_translate_keys":[{"key":"rendered","format":"text"}]},"content":{"rendered":"<p><span style=\"color: #000000;\"><img loading=\"lazy\" decoding=\"async\" class=\"alignnone size-medium wp-image-753583\" src=\"https:\/\/www.hashtag.al\/wp-content\/uploads\/2025\/07\/WhatsApp-Image-2025-07-30-at-13.26.48-300x200.jpeg\" alt=\"\" width=\"300\" height=\"200\" srcset=\"https:\/\/www.hashtag.al\/wp-content\/uploads\/2025\/07\/WhatsApp-Image-2025-07-30-at-13.26.48-300x200.jpeg 300w, https:\/\/www.hashtag.al\/wp-content\/uploads\/2025\/07\/WhatsApp-Image-2025-07-30-at-13.26.48-1024x682.jpeg 1024w, https:\/\/www.hashtag.al\/wp-content\/uploads\/2025\/07\/WhatsApp-Image-2025-07-30-at-13.26.48-768x512.jpeg 768w, https:\/\/www.hashtag.al\/wp-content\/uploads\/2025\/07\/WhatsApp-Image-2025-07-30-at-13.26.48.jpeg 1280w\" sizes=\"auto, (max-width: 300px) 100vw, 300px\" \/><\/span><\/p>\n<p><span style=\"color: #000000;\">Kryetarja e Kuvendit t\u00eb Shqip\u00ebris\u00eb, Elisa Spiropali, mori pjes\u00eb sot n\u00eb Konferenc\u00ebn e Gjasht\u00eb Bot\u00ebrore t\u00eb Kryetar\u00ebve t\u00eb Parlamenteve, e cila po mbahet n\u00eb Pallatin e Kombeve t\u00eb Bashkuara n\u00eb Gjenev\u00eb, n\u00ebn organizimin e Unionit Nd\u00ebrparlamentar.<\/span><\/p>\n<p><span style=\"color: #000000;\">N\u00eb fjal\u00ebn e saj para p\u00ebrfaq\u00ebsuesve t\u00eb parlamenteve nga e gjith\u00eb bota, Spiropali theksoi se Shqip\u00ebria \u00ebsht\u00eb e p\u00ebrkushtuar ndaj \u201cpaqes, drejt\u00ebsis\u00eb dhe mir\u00ebqenies, p\u00ebrmes diplomacis\u00eb parlamentare dhe bashk\u00ebpunimit shum\u00ebpal\u00ebsh\u201d.<\/span><\/p>\n<p><span style=\"color: #000000;\"><em>\u201cPa parlamentar\u00eb t\u00eb p\u00ebrkushtuar, multilateralizmi mbetet nj\u00eb teori. Me veprim t\u00eb p\u00ebrbashk\u00ebt dhe t\u00eb koordinuar, ai b\u00ebhet mjet i fuqish\u00ebm p\u00ebr ndryshim\u201d,<\/em> deklaroi Spiropali, duke i b\u00ebr\u00eb thirrje parlamenteve t\u00eb luajn\u00eb nj\u00eb rol m\u00eb aktiv n\u00eb p\u00ebrballimin e sfidave globale.<\/span><\/p>\n<p><span style=\"color: #000000;\">Ajo kujtoi figur\u00ebn e Simone Veil, ish-presidente e Parlamentit Evropian dhe nj\u00eb ikon\u00eb e rezistenc\u00ebs dhe nd\u00ebrtimit evropian: \u201cVeil besonte se <em>pa nj\u00eb solidaritet gjithnj\u00eb e m\u00eb t\u00eb madh, asnj\u00eb nga vendet tona nuk do t\u00eb mund t\u00eb ruaj\u00eb fuqin\u00eb, pavar\u00ebsin\u00eb e ndoshta edhe ekzistenc\u00ebn e vet<\/em>\u201d. Kjo ide, sipas Spiropalit, mbetet nj\u00eb busull morale p\u00ebr t\u00eb gjitha demokracit\u00eb q\u00eb aspirojn\u00eb paqe dhe stabilitet.<\/span><\/p>\n<p><span style=\"color: #000000;\">Duke folur p\u00ebr sfidat aktuale globale, ajo n\u00ebnvizoi: \u201c<em>Nga kufiri lindor i BE-s\u00eb, n\u00eb Lindjen e Mesme, n\u00eb Afrik\u00eb e m\u00eb gjer\u00eb, bota po p\u00ebrballet me nj\u00eb kriz\u00eb t\u00eb r\u00ebnd\u00eb dhe trazira t\u00eb m\u00ebdha. Forcat e p\u00ebr\u00e7arjes, konfliktit t\u00eb dhunsh\u00ebm dhe pabarazis\u00eb po v\u00ebn\u00eb n\u00eb prov\u00eb vlerat tona t\u00eb p\u00ebrbashk\u00ebta\u201d.<\/em><\/span><\/p>\n<p><span style=\"color: #000000;\">Kryeparlamentarja shqiptare p\u00ebrmendi rolin e Shqip\u00ebris\u00eb n\u00eb organizmat nd\u00ebrkomb\u00ebtar\u00eb, duke theksuar se <em>\u201cKuvendi i Shqip\u00ebris\u00eb ishte nj\u00eb nd\u00ebr parlamentet e para q\u00eb ka miratuar rezolut\u00ebn p\u00ebr mb\u00ebshtetjen e sovranitetit t\u00eb Ukrain\u00ebs dhe mbrojtjen e parimeve t\u00eb s\u00eb drejt\u00ebs nd\u00ebrkomb\u00ebtare<\/em>\u201d.<\/span><\/p>\n<p><span style=\"color: #000000;\">Ajo theksoi gjithashtu kontributin e vendit si an\u00ebtar jo i p\u00ebrhersh\u00ebm i K\u00ebshillit t\u00eb Sigurimit t\u00eb OKB-s\u00eb dhe si pjes\u00eb e K\u00ebshillit t\u00eb t\u00eb Drejtave t\u00eb Njeriut.<\/span><\/p>\n<p><span style=\"color: #000000;\"><em>\u201cNe jemi t\u00eb hapur ndaj bashk\u00ebpunimit nd\u00ebrkomb\u00ebtar, dypal\u00ebsh e shum\u00ebpal\u00ebsh, me qeveri t\u00eb vendeve aleate dhe fqinje, si dhe me organizata nd\u00ebrkomb\u00ebtare. K\u00ebt\u00eb e d\u00ebshmon edhe fakti se rreth 37% e akteve ligjore t\u00eb miratuara nga Kuvendi yn\u00eb kan\u00eb qen\u00eb marr\u00ebveshje nd\u00ebrkomb\u00ebtare\u201d,<\/em> tha Spiropali.<\/span><\/p>\n<p><span style=\"color: #000000;\">Ajo vler\u00ebsoi gjithashtu r\u00ebnd\u00ebsin\u00eb e diplomacis\u00eb parlamentare si nj\u00eb form\u00eb e fuqishme e \u201csoft power\u201d, duke th\u00ebn\u00eb: \u201cNe n\u00eb Kuvendin e Shqip\u00ebris\u00eb e konsiderojm\u00eb diplomacin\u00eb parlamentare si nj\u00eb mjet p\u00ebr mbrojtjen e siguris\u00eb, arritjen e paqes dhe garantimin e prosperitetit t\u00eb kombeve dhe njer\u00ebzve tan\u00eb\u201d.<\/span><\/p>\n<p><span style=\"color: #000000;\">N\u00eb p\u00ebrmbyllje t\u00eb fjal\u00ebs s\u00eb saj, Spiropali theksoi nevoj\u00ebn p\u00ebr veprim konkret dhe angazhim t\u00eb nd\u00ebrsjell\u00eb p\u00ebr t\u00eb nd\u00ebrtuar nj\u00eb bot\u00eb m\u00eb t\u00eb drejt\u00eb dhe m\u00eb paq\u00ebsore: \u201c<em>Kjo konferenc\u00eb \u00ebsht\u00eb nj\u00eb thirrje p\u00ebr veprim, p\u00ebr t\u00eb garantuar q\u00eb kuadri yn\u00eb ligjor dhe politikat tona publike t\u00eb kontribuojn\u00eb realisht p\u00ebr krijimin e nj\u00eb rendi bot\u00ebror m\u00eb t\u00eb drejt\u00eb dhe m\u00eb t\u00eb q\u00ebndruesh\u00ebm\u201d.<\/em><\/span><\/p>\n<p><span style=\"color: #000000;\">Konferenca e Unionit Nd\u00ebrparlamentar n\u00eb Gjenev\u00eb po zhvillohet n\u00eb nj\u00eb prej sallave m\u00eb historike t\u00eb diplomacis\u00eb nd\u00ebrkomb\u00ebtare, dhe p\u00ebrve\u00e7 fjal\u00ebs n\u00eb sesionin plenar, Spiropali do t\u00eb zhvilloj\u00eb edhe takime bilaterale me homolog\u00eb nga Gjermania, Suedia, \u00c7ekia, Gjeorgjia dhe Izraeli.<\/span><\/p>\n","protected":false,"gt_translate_keys":[{"key":"rendered","format":"html"}]},"excerpt":{"rendered":"<p>Kryetarja e Kuvendit t\u00eb Shqip\u00ebris\u00eb, Elisa Spiropali, mori pjes\u00eb sot n\u00eb Konferenc\u00ebn e Gjasht\u00eb Bot\u00ebrore t\u00eb Kryetar\u00ebve t\u00eb Parlamenteve, e cila po mbahet n\u00eb Pallatin e Kombeve t\u00eb Bashkuara n\u00eb Gjenev\u00eb, n\u00ebn organizimin e Unionit Nd\u00ebrparlamentar. N\u00eb fjal\u00ebn e saj para p\u00ebrfaq\u00ebsuesve t\u00eb parlamenteve nga e gjith\u00eb bota, Spiropali theksoi se Shqip\u00ebria \u00ebsht\u00eb e p\u00ebrkushtuar [&hellip;]<\/p>\n","protected":false,"gt_translate_keys":[{"key":"rendered","format":"html"}]},"author":32,"featured_media":753583,"comment_status":"closed","ping_status":"open","sticky":false,"template":"","format":"standard","meta":{"footnotes":""},"categories":[65],"tags":[],"class_list":["post-753582","post","type-post","status-publish","format-standard","has-post-thumbnail","hentry","category-lajme"],"gt_translate_keys":[{"key":"link","format":"url"}],"_links":{"self":[{"href":"https:\/\/www.hashtag.al\/index.php\/wp-json\/wp\/v2\/posts\/753582","targetHints":{"allow":["GET"]}}],"collection":[{"href":"https:\/\/www.hashtag.al\/index.php\/wp-json\/wp\/v2\/posts"}],"about":[{"href":"https:\/\/www.hashtag.al\/index.php\/wp-json\/wp\/v2\/types\/post"}],"author":[{"embeddable":true,"href":"https:\/\/www.hashtag.al\/index.php\/wp-json\/wp\/v2\/users\/32"}],"replies":[{"embeddable":true,"href":"https:\/\/www.hashtag.al\/index.php\/wp-json\/wp\/v2\/comments?post=753582"}],"version-history":[{"count":99999,"href":"https:\/\/www.hashtag.al\/index.php\/wp-json\/wp\/v2\/posts\/753582\/revisions"}],"predecessor-version":[{"id":753584,"href":"https:\/\/www.hashtag.al\/index.php\/wp-json\/wp\/v2\/posts\/753582\/revisions\/753584"}],"wp:featuredmedia":[{"embeddable":true,"href":"https:\/\/www.hashtag.al\/index.php\/wp-json\/wp\/v2\/media\/753583"}],"wp:attachment":[{"href":"https:\/\/www.hashtag.al\/index.php\/wp-json\/wp\/v2\/media?parent=753582"}],"wp:term":[{"taxonomy":"category","embeddable":true,"href":"https:\/\/www.hashtag.al\/index.php\/wp-json\/wp\/v2\/categories?post=753582"},{"taxonomy":"post_tag","embeddable":true,"href":"https:\/\/www.hashtag.al\/index.php\/wp-json\/wp\/v2\/tags?post=753582"}],"curies":[{"name":"wp","href":"https:\/\/api.w.org\/{rel}","templated":true}]}}