{"id":753535,"date":"2025-07-30T12:15:33","date_gmt":"2025-07-30T10:15:33","guid":{"rendered":"https:\/\/www.hashtag.al\/?p=753535"},"modified":"2025-07-30T12:15:33","modified_gmt":"2025-07-30T10:15:33","slug":"britania-dhe-franca-vleresojne-rolin-e-kfor-it-dhe-fsk-se-ne-operacionin-e-kerkimit-ne-ujman","status":"publish","type":"post","link":"https:\/\/www.hashtag.al\/index.php\/2025\/07\/30\/britania-dhe-franca-vleresojne-rolin-e-kfor-it-dhe-fsk-se-ne-operacionin-e-kerkimit-ne-ujman\/","title":{"rendered":"Britania dhe Franca vler\u00ebsojn\u00eb rolin e KFOR-it dhe FSK-s\u00eb n\u00eb operacionin e k\u00ebrkimit n\u00eb Ujman","gt_translate_keys":[{"key":"rendered","format":"text"}]},"content":{"rendered":"<p><span style=\"color: #000000;\"><img loading=\"lazy\" decoding=\"async\" class=\"aligncenter size-full wp-image-753536\" src=\"https:\/\/www.hashtag.al\/wp-content\/uploads\/2025\/07\/Screenshot-2025-07-30-110850.png\" alt=\"\" width=\"1023\" height=\"618\" srcset=\"https:\/\/www.hashtag.al\/wp-content\/uploads\/2025\/07\/Screenshot-2025-07-30-110850.png 1023w, https:\/\/www.hashtag.al\/wp-content\/uploads\/2025\/07\/Screenshot-2025-07-30-110850-300x181.png 300w, https:\/\/www.hashtag.al\/wp-content\/uploads\/2025\/07\/Screenshot-2025-07-30-110850-768x464.png 768w\" sizes=\"auto, (max-width: 1023px) 100vw, 1023px\" \/><\/span><\/p>\n<p><span style=\"color: #000000;\">Ambasada e Mbret\u00ebris\u00eb s\u00eb Bashkuar n\u00eb Kosov\u00eb ka vler\u00ebsuar koordinimin mes misionit t\u00eb KFOR-it dhe Forc\u00ebs s\u00eb Siguris\u00eb s\u00eb Kosov\u00ebs n\u00eb operacionin e k\u00ebrkim-shp\u00ebtimit t\u00eb RR.L, q\u00eb ishte zhdukur n\u00eb liqenin e Ujamanit n\u00eb Zubin Potok.<\/span><\/p>\n<p><span style=\"color: #000000;\">P\u00ebrmes nj\u00eb deklarate, Ambasada Britanike thekson se ky operacion \u00ebsht\u00eb d\u00ebshmi e aft\u00ebsive t\u00eb shk\u00eblqyera t\u00eb FSK-s\u00eb n\u00eb k\u00ebrkim dhe shp\u00ebtim dhe se bashk\u00ebpunimi me KFOR-in \u00ebsht\u00eb n\u00eb p\u00ebrputhje me marr\u00ebveshjet nd\u00ebrmjet dy institucioneve.<\/span><\/p>\n<p><span style=\"color: #000000;\">Ambasada Britanike ka p\u00ebrg\u00ebzuar KFOR-in p\u00ebr sigurimin dhe mb\u00ebshtetjen gjat\u00eb t\u00ebr\u00eb operacionit dhe ka shprehur ngush\u00ebllime p\u00ebr familjen e viktim\u00ebs.<\/span><\/p>\n<p><span style=\"color: #000000;\"><em>\u201cMbret\u00ebria e Bashkuar mb\u00ebshtet plot\u00ebsisht misionin e KFOR-it p\u00ebr t\u00eb kontribuar n\u00eb nj\u00eb ambient t\u00eb sigurt p\u00ebr t\u00eb gjith\u00eb qytetar\u00ebt dhe komunitetet n\u00eb Kosov\u00eb. Bashk\u00ebpunimi i ngusht\u00eb nd\u00ebrmjet KFOR-it, FSK-s\u00eb, Policis\u00eb s\u00eb Kosov\u00ebs dhe EULEX-it \u00ebsht\u00eb thelb\u00ebsor p\u00ebr suksesin e k\u00ebtij misioni\u201d<\/em>, thuhet n\u00eb reagim.<\/span><\/p>\n<p><span style=\"color: #000000;\">Edhe Ambasadori i Franc\u00ebs n\u00eb Kosov\u00eb ka shprehur mb\u00ebshtetjen e plot\u00eb t\u00eb shtetit francez p\u00ebr KFOR-in dhe Komandantin e tij.<\/span><\/p>\n<p><span style=\"color: #000000;\"><em>\u201cQ\u00eb nga krijimi i tij, KFOR-i ka luajtur dhe vazhdon t\u00eb luaj\u00eb nj\u00eb rol t\u00eb paz\u00ebvend\u00ebsuesh\u00ebm n\u00eb garantimin e siguris\u00eb p\u00ebr t\u00eb gjith\u00eb. Ai meriton respektin dhe mir\u00ebnjohjen e t\u00eb gjith\u00eb aktor\u00ebve n\u00eb rajon. Franca do t\u00eb vazhdoj\u00eb ta mb\u00ebshtes\u00eb plot\u00ebsisht, sidomos n\u00eb nj\u00eb kontekst ku dezinformimi dhe manipulimi i informacionit po b\u00ebhen sistematike\u201d<\/em>, shkroi ambasadori Olivier Guerot n\u00eb platform\u00ebn X.<\/span><\/p>\n<p><span style=\"color: #000000;\">Ai gjithashtu ka vler\u00ebsuar mediat q\u00eb kan\u00eb raportuar sakt\u00eb p\u00ebr rolin e KFOR-it n\u00eb p\u00ebrpjekjet p\u00ebr gjetjen e trupit t\u00eb personit t\u00eb zhdukur n\u00eb liqenin e Ujmanit.<\/span><\/p>\n<p><span style=\"color: #000000;\">Nj\u00eb dit\u00eb m\u00eb par\u00eb, Ambasada e Gjermanis\u00eb n\u00eb Kosov\u00eb, tha se \u00ebsht\u00eb thell\u00ebsisht e shqet\u00ebsuar nga p\u00ebrpjekjet p\u00ebr t\u00eb politizuar angazhimin e ekipeve t\u00eb k\u00ebrkim-shp\u00ebtimit t\u00eb Forc\u00ebs s\u00eb Siguris\u00eb s\u00eb Kosov\u00ebs n\u00eb Liqenin e Ujmanit.<\/span><\/p>\n<p><span style=\"color: #000000;\"><em>\u201cHumbja tragjike e jet\u00ebs s\u00eb nj\u00eb t\u00eb riu duhet t\u00eb jet\u00eb moment i pik\u00ebllimit kolektiv dhe jo rast p\u00ebr t\u00eb fituar pik\u00eb politike\u201d,<\/em> u tha n\u00eb reagimin e Ambasad\u00ebs gjermane.<\/span><\/p>\n<p><span style=\"color: #000000;\">Operacioni i k\u00ebrkim-shp\u00ebtimit nisi me 27 korrik, por Agjencia p\u00ebr Menaxhim Emergjent k\u00ebrkoi asistimin e FSK-s\u00eb, p\u00ebr nxjerrjen e trupit t\u00eb RR.L, i cili dyshohet se k\u00ebrceu nga lart\u00ebsia e nj\u00eb ure n\u00eb Ujman.<\/span><\/p>\n<p><span style=\"color: #000000;\">Dislokimi i FSK-s\u00eb u b\u00eb i mundur vet\u00ebm pas dh\u00ebnies s\u00eb p\u00eblqimit nga komandanti i KFOR-it.<\/span><\/p>\n<p><span style=\"color: #000000;\">FSK-ja, brenda pak or\u00ebsh, arriti ta identifikoj\u00eb dhe nxjerr\u00eb nga thell\u00ebsia trupin e 33-vje\u00e7rit.<\/span><\/p>\n<p><span style=\"color: #000000;\">Dislokimi i FSK-s\u00eb n\u00eb veri t\u00eb vendit \u00ebsht\u00eb i mundur vet\u00ebm me p\u00eblqimin paraprak t\u00eb misionit paqeruajt\u00ebs t\u00eb NATO-s n\u00eb Kosov\u00eb, KFOR, bazuar n\u00eb zotimin e vitit 2013 nga Qeveria e Kosov\u00ebs ndaj NATO-s.<\/span><\/p>\n<p><span style=\"color: #000000;\">Ky zotim, i dh\u00ebn\u00eb p\u00ebrmes nj\u00eb letre nga ish-kryeministri Hashim Tha\u00e7i drejtuar sekretarit t\u00eb at\u00ebhersh\u00ebm t\u00eb NATO-s, Anders Fogh Rasmussen, mbetet n\u00eb fuqi edhe sot, pavar\u00ebsisht ndryshimeve n\u00eb mandatin e FSK-s\u00eb.<\/span><\/p>\n<p><span style=\"color: #000000;\">Pas k\u00ebtij rasti Policia e Kosov\u00ebs u ka b\u00ebr\u00eb thirrje qytetar\u00ebve q\u00eb t\u00eb mos k\u00ebrcejn\u00eb nga ura n\u00eb Ujman.<\/span><\/p>\n<p><span style=\"color: #000000;\">Ndryshe, FSK-ja \u00ebsht\u00eb n\u00eb proces t\u00eb transformimit t\u00eb saj n\u00eb ushtri, pas ndryshimeve ligjore t\u00eb miratuara. Ky proces pritet t\u00eb p\u00ebrmbyllet m\u00eb 2028.<a href=\"https:\/\/www.evropaelire.org\/a\/britania-dhe-franca-laverdojne-bashkepunimin-kfor-fsk\/33489321.html\"><span style=\"color: #0000ff;\"><strong>\/REL<\/strong><\/span><\/a><\/span><\/p>\n","protected":false,"gt_translate_keys":[{"key":"rendered","format":"html"}]},"excerpt":{"rendered":"<p>Ambasada e Mbret\u00ebris\u00eb s\u00eb Bashkuar n\u00eb Kosov\u00eb ka vler\u00ebsuar koordinimin mes misionit t\u00eb KFOR-it dhe Forc\u00ebs s\u00eb Siguris\u00eb s\u00eb Kosov\u00ebs n\u00eb operacionin e k\u00ebrkim-shp\u00ebtimit t\u00eb RR.L, q\u00eb ishte zhdukur n\u00eb liqenin e Ujamanit n\u00eb Zubin Potok. P\u00ebrmes nj\u00eb deklarate, Ambasada Britanike thekson se ky operacion \u00ebsht\u00eb d\u00ebshmi e aft\u00ebsive t\u00eb shk\u00eblqyera t\u00eb FSK-s\u00eb n\u00eb k\u00ebrkim [&hellip;]<\/p>\n","protected":false,"gt_translate_keys":[{"key":"rendered","format":"html"}]},"author":49,"featured_media":753536,"comment_status":"closed","ping_status":"open","sticky":false,"template":"","format":"standard","meta":{"footnotes":""},"categories":[6],"tags":[],"class_list":["post-753535","post","type-post","status-publish","format-standard","has-post-thumbnail","hentry","category-nderkombetare"],"gt_translate_keys":[{"key":"link","format":"url"}],"_links":{"self":[{"href":"https:\/\/www.hashtag.al\/index.php\/wp-json\/wp\/v2\/posts\/753535","targetHints":{"allow":["GET"]}}],"collection":[{"href":"https:\/\/www.hashtag.al\/index.php\/wp-json\/wp\/v2\/posts"}],"about":[{"href":"https:\/\/www.hashtag.al\/index.php\/wp-json\/wp\/v2\/types\/post"}],"author":[{"embeddable":true,"href":"https:\/\/www.hashtag.al\/index.php\/wp-json\/wp\/v2\/users\/49"}],"replies":[{"embeddable":true,"href":"https:\/\/www.hashtag.al\/index.php\/wp-json\/wp\/v2\/comments?post=753535"}],"version-history":[{"count":99999,"href":"https:\/\/www.hashtag.al\/index.php\/wp-json\/wp\/v2\/posts\/753535\/revisions"}],"predecessor-version":[{"id":753537,"href":"https:\/\/www.hashtag.al\/index.php\/wp-json\/wp\/v2\/posts\/753535\/revisions\/753537"}],"wp:featuredmedia":[{"embeddable":true,"href":"https:\/\/www.hashtag.al\/index.php\/wp-json\/wp\/v2\/media\/753536"}],"wp:attachment":[{"href":"https:\/\/www.hashtag.al\/index.php\/wp-json\/wp\/v2\/media?parent=753535"}],"wp:term":[{"taxonomy":"category","embeddable":true,"href":"https:\/\/www.hashtag.al\/index.php\/wp-json\/wp\/v2\/categories?post=753535"},{"taxonomy":"post_tag","embeddable":true,"href":"https:\/\/www.hashtag.al\/index.php\/wp-json\/wp\/v2\/tags?post=753535"}],"curies":[{"name":"wp","href":"https:\/\/api.w.org\/{rel}","templated":true}]}}