{"id":753528,"date":"2025-07-30T11:02:08","date_gmt":"2025-07-30T09:02:08","guid":{"rendered":"https:\/\/www.hashtag.al\/?p=753528"},"modified":"2025-07-30T11:02:08","modified_gmt":"2025-07-30T09:02:08","slug":"shuhen-zjarret-ne-vend-vetem-nje-vater-aktive-ne-skrapar","status":"publish","type":"post","link":"https:\/\/www.hashtag.al\/index.php\/2025\/07\/30\/shuhen-zjarret-ne-vend-vetem-nje-vater-aktive-ne-skrapar\/","title":{"rendered":"Shuhen zjarret n\u00eb vend, vet\u00ebm nj\u00eb vat\u00ebr aktive n\u00eb Skrapar","gt_translate_keys":[{"key":"rendered","format":"text"}]},"content":{"rendered":"<p data-start=\"83\" data-end=\"454\"><span style=\"color: #000000;\"><img loading=\"lazy\" decoding=\"async\" class=\"aligncenter size-full wp-image-753529\" src=\"https:\/\/www.hashtag.al\/wp-content\/uploads\/2025\/07\/zjarri-4-641x450-1.jpg\" alt=\"\" width=\"641\" height=\"450\" srcset=\"https:\/\/www.hashtag.al\/wp-content\/uploads\/2025\/07\/zjarri-4-641x450-1.jpg 641w, https:\/\/www.hashtag.al\/wp-content\/uploads\/2025\/07\/zjarri-4-641x450-1-300x211.jpg 300w, https:\/\/www.hashtag.al\/wp-content\/uploads\/2025\/07\/zjarri-4-641x450-1-570x400.jpg 570w, https:\/\/www.hashtag.al\/wp-content\/uploads\/2025\/07\/zjarri-4-641x450-1-360x252.jpg 360w\" sizes=\"auto, (max-width: 641px) 100vw, 641px\" \/><\/span><\/p>\n<p data-start=\"83\" data-end=\"454\"><span style=\"color: #000000;\">Pas dit\u00ebsh t\u00eb v\u00ebshtira me zjarre n\u00eb disa zona t\u00eb vendit, situata m\u00eb n\u00eb fund \u00ebsht\u00eb p\u00ebrmir\u00ebsuar. Ministria e Mbrojtjes b\u00ebn me dije se fal\u00eb reshjeve t\u00eb shiut q\u00eb kan\u00eb p\u00ebrfshir\u00eb pjes\u00ebn m\u00eb t\u00eb madhe t\u00eb territorit, zjarret jan\u00eb shuar pothuajse plot\u00ebsisht. <\/span><\/p>\n<p data-start=\"83\" data-end=\"454\"><span style=\"color: #000000;\">Aktualisht, mbetet aktive vet\u00ebm nj\u00eb vat\u00ebr n\u00eb fshatin Spathar\u00eb t\u00eb nj\u00ebsis\u00eb administrative V\u00ebndresh\u00eb, n\u00eb bashkin\u00eb e Skraparit.<\/span><\/p>\n<p data-start=\"456\" data-end=\"570\"><span style=\"color: #000000;\">Disa nga zonat m\u00eb t\u00eb prekura ishin Klosi, Mati, Dibra dhe Bulqiza, ku jan\u00eb djegur qindra hektar\u00eb pyje e kullota.<\/span><\/p>\n<p><span style=\"color: #000000;\"><strong>Njoftimi:<\/strong><\/span><\/p>\n<p><span style=\"color: #000000;\"><em>Ministria e Mbrojtjes njofton se situata nga zjarret n\u00eb territorin e Shqip\u00ebris\u00eb \u00ebsht\u00eb p\u00ebrmir\u00ebsuar ndjesh\u00ebm gjat\u00eb 24 or\u00ebve t\u00eb fundit, fal\u00eb reshjeve t\u00eb shiut q\u00eb kan\u00eb p\u00ebrfshir\u00eb pjes\u00ebn m\u00eb t\u00eb madhe t\u00eb vendit.<\/em><\/span><\/p>\n<p><span style=\"color: #000000;\"><em>Aktualisht, vet\u00ebm nj\u00eb vat\u00ebr zjarri mbetet aktive n\u00eb fshatin Spathar\u00eb, nj\u00ebsia administrative V\u00ebndresh\u00eb, bashkia Skrapar, nd\u00ebrsa t\u00eb gjitha vatrat e tjera jan\u00eb shuar.<\/em><\/span><\/p>\n<div id=\"taboola-sponsored-mid-article\" class=\"trc_related_container tbl-trecs-container trc_spotlight_widget trc_elastic trc_elastic_sc-ma-balkanweb\" data-placement-name=\"Sponsored Mid Article\">\n<div id=\"vtaboola-sponsored-mid-article-video\"><\/div>\n<\/div>\n<p><span style=\"color: #000000;\"><strong>Zjarret e shuara dhe d\u00ebmet p\u00ebrkat\u00ebse:<\/strong><\/span><\/p>\n<p><span style=\"color: #000000;\"><em>Plan i Bardh\u00eb &amp; Mali i Allushit, Klos: u dogj\u00ebn 120 ha, nd\u00ebrsa 350 ha t\u00eb tjera u p\u00ebrfshin\u00eb nga flak\u00ebt.<\/em><\/span><\/p>\n<p>&nbsp;<\/p>\n<p>&nbsp;<\/p>\n<p><span style=\"color: #000000;\"><em>Zall Gjo\u00e7aj, Derjan, Mat: 20 ha t\u00eb djegura, 499 ha t\u00eb p\u00ebrshkuara.<\/em><\/span><\/p>\n<p><span style=\"color: #000000;\"><em>Gur i Bardh\u00eb, Xib\u00ebr, Klos: zjarri tashm\u00eb i shuar.<\/em><\/span><\/p>\n<p><span style=\"color: #000000;\"><em>Gur\u00eb-Lur\u00eb, Lur\u00eb, Dib\u00ebr: 55 ha t\u00eb djegura, 580 ha t\u00eb p\u00ebrshkuara.<\/em><\/span><\/p>\n<p><span style=\"color: #000000;\"><em>Qafa e Buallit, Bulqiz\u00eb: 22 ha t\u00eb djegura, 35 ha t\u00eb p\u00ebrshkuara, pavar\u00ebsisht nd\u00ebrhyrjes tok\u00ebsore dhe nga ajri me helikopter.<\/em><\/span><\/p>\n<p><span style=\"color: #000000;\"><em>Sipas Institutit t\u00eb Gjeoshkencave, sot priten reshje t\u00eb dob\u00ebta n\u00eb qarqet Kuk\u00ebs, Dib\u00ebr, Elbasan, Berat dhe Kor\u00e7\u00eb, si dhe reshje t\u00eb shp\u00ebrndara n\u00eb qarqet e tjera.<\/em><\/span><\/p>\n","protected":false,"gt_translate_keys":[{"key":"rendered","format":"html"}]},"excerpt":{"rendered":"<p>Pas dit\u00ebsh t\u00eb v\u00ebshtira me zjarre n\u00eb disa zona t\u00eb vendit, situata m\u00eb n\u00eb fund \u00ebsht\u00eb p\u00ebrmir\u00ebsuar. Ministria e Mbrojtjes b\u00ebn me dije se fal\u00eb reshjeve t\u00eb shiut q\u00eb kan\u00eb p\u00ebrfshir\u00eb pjes\u00ebn m\u00eb t\u00eb madhe t\u00eb territorit, zjarret jan\u00eb shuar pothuajse plot\u00ebsisht. Aktualisht, mbetet aktive vet\u00ebm nj\u00eb vat\u00ebr n\u00eb fshatin Spathar\u00eb t\u00eb nj\u00ebsis\u00eb administrative V\u00ebndresh\u00eb, [&hellip;]<\/p>\n","protected":false,"gt_translate_keys":[{"key":"rendered","format":"html"}]},"author":49,"featured_media":753529,"comment_status":"closed","ping_status":"open","sticky":false,"template":"","format":"standard","meta":{"footnotes":""},"categories":[65],"tags":[],"class_list":["post-753528","post","type-post","status-publish","format-standard","has-post-thumbnail","hentry","category-lajme"],"gt_translate_keys":[{"key":"link","format":"url"}],"_links":{"self":[{"href":"https:\/\/www.hashtag.al\/index.php\/wp-json\/wp\/v2\/posts\/753528","targetHints":{"allow":["GET"]}}],"collection":[{"href":"https:\/\/www.hashtag.al\/index.php\/wp-json\/wp\/v2\/posts"}],"about":[{"href":"https:\/\/www.hashtag.al\/index.php\/wp-json\/wp\/v2\/types\/post"}],"author":[{"embeddable":true,"href":"https:\/\/www.hashtag.al\/index.php\/wp-json\/wp\/v2\/users\/49"}],"replies":[{"embeddable":true,"href":"https:\/\/www.hashtag.al\/index.php\/wp-json\/wp\/v2\/comments?post=753528"}],"version-history":[{"count":99999,"href":"https:\/\/www.hashtag.al\/index.php\/wp-json\/wp\/v2\/posts\/753528\/revisions"}],"predecessor-version":[{"id":753530,"href":"https:\/\/www.hashtag.al\/index.php\/wp-json\/wp\/v2\/posts\/753528\/revisions\/753530"}],"wp:featuredmedia":[{"embeddable":true,"href":"https:\/\/www.hashtag.al\/index.php\/wp-json\/wp\/v2\/media\/753529"}],"wp:attachment":[{"href":"https:\/\/www.hashtag.al\/index.php\/wp-json\/wp\/v2\/media?parent=753528"}],"wp:term":[{"taxonomy":"category","embeddable":true,"href":"https:\/\/www.hashtag.al\/index.php\/wp-json\/wp\/v2\/categories?post=753528"},{"taxonomy":"post_tag","embeddable":true,"href":"https:\/\/www.hashtag.al\/index.php\/wp-json\/wp\/v2\/tags?post=753528"}],"curies":[{"name":"wp","href":"https:\/\/api.w.org\/{rel}","templated":true}]}}