{"id":753522,"date":"2025-07-30T08:54:22","date_gmt":"2025-07-30T06:54:22","guid":{"rendered":"https:\/\/www.hashtag.al\/?p=753522"},"modified":"2025-07-30T08:54:22","modified_gmt":"2025-07-30T06:54:22","slug":"manjani-nuk-mundet-kodi-penal-te-jete-arma-e-grabitjes-se-prones","status":"publish","type":"post","link":"https:\/\/www.hashtag.al\/index.php\/2025\/07\/30\/manjani-nuk-mundet-kodi-penal-te-jete-arma-e-grabitjes-se-prones\/","title":{"rendered":"Manjani: Nuk mundet kodi penal t\u00eb jet\u00eb arma e grabitjes s\u00eb pron\u00ebs","gt_translate_keys":[{"key":"rendered","format":"text"}]},"content":{"rendered":"<p><span style=\"color: #000000;\"><img loading=\"lazy\" decoding=\"async\" class=\"aligncenter size-full wp-image-724936\" src=\"https:\/\/www.hashtag.al\/wp-content\/uploads\/2025\/02\/800-0-1732743297xylli-manjani-668.jpg\" alt=\"\" width=\"800\" height=\"526\" srcset=\"https:\/\/www.hashtag.al\/wp-content\/uploads\/2025\/02\/800-0-1732743297xylli-manjani-668.jpg 800w, https:\/\/www.hashtag.al\/wp-content\/uploads\/2025\/02\/800-0-1732743297xylli-manjani-668-300x197.jpg 300w, https:\/\/www.hashtag.al\/wp-content\/uploads\/2025\/02\/800-0-1732743297xylli-manjani-668-768x505.jpg 768w\" sizes=\"auto, (max-width: 800px) 100vw, 800px\" \/><\/span><\/p>\n<p data-start=\"76\" data-end=\"209\"><span style=\"color: #000000;\">Juristi Ylli Manjani ka kritikuar ashp\u00ebr draftin e ri t\u00eb Kodit Penal, duke e cil\u00ebsuar si t\u00eb rreziksh\u00ebm dhe t\u00eb padrejt\u00eb p\u00ebr qytetar\u00ebt.<\/span><\/p>\n<p data-start=\"211\" data-end=\"370\"><span style=\"color: #000000;\">I ftuar n\u00eb emisionin \u201cNow\u201d n\u00eb Euronews Albania, Manjani tha se ky nen p\u00ebrzien t\u00eb drejt\u00ebn civile me at\u00eb penale dhe mund t\u00eb \u00e7oj\u00eb n\u00eb konfiskime pronash pa prova konkrete.<\/span><\/p>\n<p data-start=\"728\" data-end=\"864\"><span style=\"color: #000000;\">Manjani kujtoi se aktualisht sekuestrimi i pasuris\u00eb b\u00ebhet vet\u00ebm p\u00ebr persona t\u00eb dyshuar p\u00ebr krime, nd\u00ebrsa drafti i ri prek \u00e7do qytetar.<\/span><\/p>\n<p><span style=\"color: #000000;\"><strong>Manjani:<\/strong><em> Ngat\u00ebrresa e posht\u00ebr, fashiste e t\u00eb drejt\u00ebs civilie me t\u00eb drejt\u00ebn penale, \u00ebsht\u00eb nj\u00eb gj\u00eb q\u00eb duhet neveritur. Ka nj\u00eb nen atje q\u00eb \u00ebsht\u00eb p\u00ebrs\u00ebritur disa her\u00eb, q\u00eb thot\u00eb \u201cpasurimi i paligjsh\u00ebm i kujtdo, t\u00eb ndalon polici n\u00eb rrug\u00eb dhe t\u00eb thot\u00eb k\u00ebt\u00eb xhaket\u00ebn ku e ke bler\u00eb se nuk ma mbush mendjen ti mua\u201d.<\/em><\/span><\/p>\n<p><span style=\"color: #000000;\"><strong>Gazetarja:<\/strong><em> Pse k\u00ebshtu \u00ebsht\u00eb, prit se duhet ta lexojm\u00eb k\u00ebt\u00eb tani.<\/em><\/span><\/p>\n<p><span style=\"color: #000000;\"><strong>Manjani:<\/strong> Po, po. <em>SKandal! Ju thash\u00eb pak m\u00eb par\u00eb, duhet mbrojtur pasuria, ky \u00ebsht\u00eb q\u00ebllimi. Nuk mundet kodi penal t\u00eb jet\u00eb arma e grabitjes s\u00eb pron\u00ebs. \u00cbsht\u00eb e tmerrshme. Kjo \u00ebsht\u00eb normale vet\u00ebm p\u00ebr shoq\u00ebrit\u00eb bolshevike, kjo \u00ebsht\u00eb majmuniz\u00ebm nuk \u00ebsht\u00eb logjik\u00eb. Aktualisht kjo b\u00ebhet me ligjin antimafia vet\u00ebm p\u00ebr persona q\u00eb indicie q\u00eb ka vep\u00ebr penale, kjo \u00ebsht\u00eb tjet\u00ebr gj\u00eb. N\u00eb kodin e ri \u00ebsht\u00eb p\u00ebr \u00e7do qytetar. Nuk ka sot shqiptar q\u00eb me standardet e vetingut q\u00eb ka shpikur reforma t\u00eb justifikoj\u00eb pasurin\u00eb. N\u00ebse q\u00ebllimi \u00ebsht\u00eb q\u00eb t\u00eb v\u00ebm\u00eb nj\u00eb stek\u00eb si t\u2019u marrim pronat shqiptar\u00ebve, kjo \u00ebsht\u00eb steka<\/em>\u201d, tha Manjani.<\/span><\/p>\n<p><span style=\"color: #000000;\">Lidhur me draftin e Kodit t\u00eb ri Manjani, u shpreh se, kryeministri Rama sipas tij po hesht q\u00ebllimisht dhe po b\u00ebn mir\u00eb.<\/span><\/p>\n<p><span style=\"color: #000000;\">Sipas tij, Rama \u00ebsht\u00eb duke par\u00eb se sa po p\u00ebrqafohet ky Kod nga shoq\u00ebria.<\/span><\/p>\n<p><span style=\"color: #000000;\"><strong>Manjani: <\/strong><em>Dua t\u00eb them q\u00eb ne mund t\u00eb marrim gj\u00ebra qesharake sa t\u00eb duash, ajo q\u00eb i mungon k\u00ebtij projekti \u00ebsht\u00eb boshti logjik proporcional dhe mendimi politik. Edhe shikon, kryeministri i vendit nuk flet dhe mendoj q\u00eb ka b\u00ebr\u00eb qasjen e duhur. Kemi r\u00ebn\u00eb dakord q\u00eb mund t\u00eb ket\u00eb probleme, por budalla nuk \u00ebsht\u00eb p\u00ebrderisa \u00ebsht\u00eb aty. Un\u00eb mendoj q\u00eb qasja \u00ebsht\u00eb e duhur, mendoj q\u00eb po e b\u00ebn p\u00ebr t\u00eb par\u00eb sa shoq\u00ebria \u00ebsht\u00eb e gatshme dhe grupet e interesit t\u00eb gatshme. Ky projekt ka nevoj\u00eb p\u00ebr nj\u00eb kod t\u00eb ri t\u00eb procedur\u00ebs penale dhe k\u00ebtu ka t\u00eb drejt\u00eb Prokurori i P\u00ebrgjithsh\u00ebm.\u201d-tha Manjani.\u00a0<\/em><\/span><\/p>\n","protected":false,"gt_translate_keys":[{"key":"rendered","format":"html"}]},"excerpt":{"rendered":"<p>Juristi Ylli Manjani ka kritikuar ashp\u00ebr draftin e ri t\u00eb Kodit Penal, duke e cil\u00ebsuar si t\u00eb rreziksh\u00ebm dhe t\u00eb padrejt\u00eb p\u00ebr qytetar\u00ebt. I ftuar n\u00eb emisionin \u201cNow\u201d n\u00eb Euronews Albania, Manjani tha se ky nen p\u00ebrzien t\u00eb drejt\u00ebn civile me at\u00eb penale dhe mund t\u00eb \u00e7oj\u00eb n\u00eb konfiskime pronash pa prova konkrete. Manjani kujtoi [&hellip;]<\/p>\n","protected":false,"gt_translate_keys":[{"key":"rendered","format":"html"}]},"author":49,"featured_media":724936,"comment_status":"closed","ping_status":"open","sticky":false,"template":"","format":"standard","meta":{"footnotes":""},"categories":[22],"tags":[],"class_list":["post-753522","post","type-post","status-publish","format-standard","has-post-thumbnail","hentry","category-ballina"],"gt_translate_keys":[{"key":"link","format":"url"}],"_links":{"self":[{"href":"https:\/\/www.hashtag.al\/index.php\/wp-json\/wp\/v2\/posts\/753522","targetHints":{"allow":["GET"]}}],"collection":[{"href":"https:\/\/www.hashtag.al\/index.php\/wp-json\/wp\/v2\/posts"}],"about":[{"href":"https:\/\/www.hashtag.al\/index.php\/wp-json\/wp\/v2\/types\/post"}],"author":[{"embeddable":true,"href":"https:\/\/www.hashtag.al\/index.php\/wp-json\/wp\/v2\/users\/49"}],"replies":[{"embeddable":true,"href":"https:\/\/www.hashtag.al\/index.php\/wp-json\/wp\/v2\/comments?post=753522"}],"version-history":[{"count":99999,"href":"https:\/\/www.hashtag.al\/index.php\/wp-json\/wp\/v2\/posts\/753522\/revisions"}],"predecessor-version":[{"id":753524,"href":"https:\/\/www.hashtag.al\/index.php\/wp-json\/wp\/v2\/posts\/753522\/revisions\/753524"}],"wp:featuredmedia":[{"embeddable":true,"href":"https:\/\/www.hashtag.al\/index.php\/wp-json\/wp\/v2\/media\/724936"}],"wp:attachment":[{"href":"https:\/\/www.hashtag.al\/index.php\/wp-json\/wp\/v2\/media?parent=753522"}],"wp:term":[{"taxonomy":"category","embeddable":true,"href":"https:\/\/www.hashtag.al\/index.php\/wp-json\/wp\/v2\/categories?post=753522"},{"taxonomy":"post_tag","embeddable":true,"href":"https:\/\/www.hashtag.al\/index.php\/wp-json\/wp\/v2\/tags?post=753522"}],"curies":[{"name":"wp","href":"https:\/\/api.w.org\/{rel}","templated":true}]}}