{"id":753484,"date":"2025-07-29T22:08:49","date_gmt":"2025-07-29T20:08:49","guid":{"rendered":"https:\/\/www.hashtag.al\/?p=753484"},"modified":"2025-07-29T22:09:55","modified_gmt":"2025-07-29T20:09:55","slug":"tha-se-u-dhunua-ne-komisariatin-e-rreshenit-policia-deklarate-qytetari-sulmoi-efektivet-kemi-pamjet-filmike","status":"publish","type":"post","link":"https:\/\/www.hashtag.al\/index.php\/2025\/07\/29\/tha-se-u-dhunua-ne-komisariatin-e-rreshenit-policia-deklarate-qytetari-sulmoi-efektivet-kemi-pamjet-filmike\/","title":{"rendered":"Qytetari denoncoi se u dhunua n\u00eb Komisariatin e Rr\u00ebshenit, policia deklarat\u00eb: Mandreja sulmoi efektiv\u00ebt, kemi pamjet filmike","gt_translate_keys":[{"key":"rendered","format":"text"}]},"content":{"rendered":"<p><img loading=\"lazy\" decoding=\"async\" class=\"aligncenter size-full wp-image-753485\" src=\"https:\/\/www.hashtag.al\/wp-content\/uploads\/2025\/07\/640-0-1681639107xpolicia-294.gif\" alt=\"\" width=\"640\" height=\"374\" \/><\/p>\n<p><span style=\"color: #000000;\">Policia e Shtetit ka reaguar pas\u00a0nj\u00eb deklarate n\u00eb media nga qytetari Emirion Mandreja, I cili ka akuzuar blut\u00eb se e kan\u00eb dhunuar n\u00eb komisariatin\u00a0e\u00a0Rr\u00ebshenit\u00a0m\u00eb 17 janar 2024.<\/span><\/p>\n<p><span style=\"color: #000000;\">Sipas Policis\u00eb, ngjarja ka nisur gjat\u00eb nj\u00eb kontrolli rutin\u00eb n\u00eb terren, rreth or\u00ebs 14:45, kur Shefi i Komisariatit t\u00eb Mirdit\u00ebs n\u00eb at\u00eb koh\u00eb, Kryekomisar Klodian Kondi, bashk\u00eb me Shefin e Rendit dhe Specialistin p\u00ebr Krimet, kan\u00eb ndaluar p\u00ebr verifikim nj\u00eb automjet q\u00eb drejtohej nga Emirion Mandreja. Punonj\u00ebsit e rendit jan\u00eb prezantuar dhe kan\u00eb k\u00ebrkuar dokumentin e identifikimit, por, sipas tyre, drejtuesi i mjetit ka refuzuar kategorikisht t\u00eb bashk\u00ebpunoj\u00eb, duke mbajtur q\u00ebndrim sfidues dhe duke shfaqur sjellje verbale agresive.<\/span><\/p>\n<p><span style=\"color: #000000;\">P\u00ebr k\u00ebt\u00eb arsye, ai \u00ebsht\u00eb shoq\u00ebruar n\u00eb ambientet e komisariatit, ku, sipas njoftimit, ka vijuar t\u00eb kund\u00ebrshtoj\u00eb me dhun\u00eb, duke ofenduar dhe k\u00ebrc\u00ebnuar punonj\u00ebsit e Policis\u00eb. N\u00eb nj\u00eb moment, ai ka tentuar t\u00eb godas\u00eb me grusht Kryekomisarin Kondi dhe e ka goditur at\u00eb me shkelm n\u00eb gjymtyr\u00eb, n\u00eb prani t\u00eb disa efektiv\u00ebve t\u00eb tjer\u00eb. Policia b\u00ebn me dije se gjat\u00eb p\u00ebrplasjes, shtetasi ka ushtruar dhun\u00eb edhe ndaj vetes, duke goditur me kok\u00eb murin dhe tavolin\u00ebn n\u00eb zyr\u00ebn e Oficerit t\u00eb Roj\u00ebs. T\u00eb gjitha k\u00ebto veprime, sipas autoriteteve, jan\u00eb dokumentuar n\u00eb dosjen hetimore.<\/span><\/p>\n<p><span style=\"color: #000000;\">Menj\u00ebher\u00eb pas incidentit, Kryekomisar Kondi ka depozituar kall\u00ebzim penal p\u00ebr goditje p\u00ebr shkak t\u00eb detyr\u00ebs dhe kanosje ndaj tij, nd\u00ebrkoh\u00eb q\u00eb d\u00ebshmi kan\u00eb dh\u00ebn\u00eb edhe punonj\u00ebsit e tjer\u00eb t\u00eb pranish\u00ebm. Pas p\u00ebrfundimit t\u00eb procedurave, Mandreja \u00ebsht\u00eb arrestuar nga Oficer\u00ebt e Policis\u00eb Gjyq\u00ebsore pran\u00eb Prokuroris\u00eb s\u00eb Lezh\u00ebs p\u00ebr vepr\u00ebn penale \u201cKund\u00ebrshtimi i punonj\u00ebsit t\u00eb policis\u00eb s\u00eb rendit publik\u201d.<\/span><\/p>\n<p><span style=\"color: #000000;\">Policia njofton gjithashtu se pamjet filmike t\u00eb momentit t\u00eb shoq\u00ebrimit dhe t\u00eb q\u00ebndrimit t\u00eb tij n\u00eb komisariat i jan\u00eb dor\u00ebzuar Agjencis\u00eb s\u00eb Mbik\u00ebqyrjes Policore (AMP), e cila po heton paralelisht edhe kall\u00ebzimin e b\u00ebr\u00eb nga vet\u00eb Ermion Mandreja lidhur me ngjarjen.<\/span><\/p>\n<p><span style=\"color: #000000;\">\u00c7\u00ebshtja \u00ebsht\u00eb aktualisht n\u00eb gjykim pran\u00eb Gjykat\u00ebs s\u00eb Shkall\u00ebs s\u00eb Par\u00eb t\u00eb Juridiksionit t\u00eb P\u00ebrgjithsh\u00ebm n\u00eb Lezh\u00eb. Kryekomisar Klodian Kondi dhe punonj\u00ebsit e tjer\u00eb t\u00eb policis\u00eb q\u00eb ishin t\u00eb pranish\u00ebm jan\u00eb thirrur p\u00ebr t\u00eb d\u00ebshmuar n\u00eb proces, n\u00eb cil\u00ebsin\u00eb e t\u00eb d\u00ebmtuarve.<\/span><\/p>\n","protected":false,"gt_translate_keys":[{"key":"rendered","format":"html"}]},"excerpt":{"rendered":"<p>Policia e Shtetit ka reaguar pas\u00a0nj\u00eb deklarate n\u00eb media nga qytetari Emirion Mandreja, I cili ka akuzuar blut\u00eb se e kan\u00eb dhunuar n\u00eb komisariatin\u00a0e\u00a0Rr\u00ebshenit\u00a0m\u00eb 17 janar 2024. Sipas Policis\u00eb, ngjarja ka nisur gjat\u00eb nj\u00eb kontrolli rutin\u00eb n\u00eb terren, rreth or\u00ebs 14:45, kur Shefi i Komisariatit t\u00eb Mirdit\u00ebs n\u00eb at\u00eb koh\u00eb, Kryekomisar Klodian Kondi, bashk\u00eb me [&hellip;]<\/p>\n","protected":false,"gt_translate_keys":[{"key":"rendered","format":"html"}]},"author":51,"featured_media":753485,"comment_status":"closed","ping_status":"open","sticky":false,"template":"","format":"standard","meta":{"footnotes":""},"categories":[65],"tags":[],"class_list":["post-753484","post","type-post","status-publish","format-standard","has-post-thumbnail","hentry","category-lajme"],"gt_translate_keys":[{"key":"link","format":"url"}],"_links":{"self":[{"href":"https:\/\/www.hashtag.al\/index.php\/wp-json\/wp\/v2\/posts\/753484","targetHints":{"allow":["GET"]}}],"collection":[{"href":"https:\/\/www.hashtag.al\/index.php\/wp-json\/wp\/v2\/posts"}],"about":[{"href":"https:\/\/www.hashtag.al\/index.php\/wp-json\/wp\/v2\/types\/post"}],"author":[{"embeddable":true,"href":"https:\/\/www.hashtag.al\/index.php\/wp-json\/wp\/v2\/users\/51"}],"replies":[{"embeddable":true,"href":"https:\/\/www.hashtag.al\/index.php\/wp-json\/wp\/v2\/comments?post=753484"}],"version-history":[{"count":99999,"href":"https:\/\/www.hashtag.al\/index.php\/wp-json\/wp\/v2\/posts\/753484\/revisions"}],"predecessor-version":[{"id":753487,"href":"https:\/\/www.hashtag.al\/index.php\/wp-json\/wp\/v2\/posts\/753484\/revisions\/753487"}],"wp:featuredmedia":[{"embeddable":true,"href":"https:\/\/www.hashtag.al\/index.php\/wp-json\/wp\/v2\/media\/753485"}],"wp:attachment":[{"href":"https:\/\/www.hashtag.al\/index.php\/wp-json\/wp\/v2\/media?parent=753484"}],"wp:term":[{"taxonomy":"category","embeddable":true,"href":"https:\/\/www.hashtag.al\/index.php\/wp-json\/wp\/v2\/categories?post=753484"},{"taxonomy":"post_tag","embeddable":true,"href":"https:\/\/www.hashtag.al\/index.php\/wp-json\/wp\/v2\/tags?post=753484"}],"curies":[{"name":"wp","href":"https:\/\/api.w.org\/{rel}","templated":true}]}}