{"id":753481,"date":"2025-07-29T21:51:03","date_gmt":"2025-07-29T19:51:03","guid":{"rendered":"https:\/\/www.hashtag.al\/?p=753481"},"modified":"2025-07-29T21:51:03","modified_gmt":"2025-07-29T19:51:03","slug":"ghislaine-maxwell-do-deshmoje-para-kongresit-per-dosjen-epstein-nese-i-jepet-imunitet","status":"publish","type":"post","link":"https:\/\/www.hashtag.al\/index.php\/2025\/07\/29\/ghislaine-maxwell-do-deshmoje-para-kongresit-per-dosjen-epstein-nese-i-jepet-imunitet\/","title":{"rendered":"Ghislaine Maxwell do d\u00ebshmoj\u00eb para Kongresit\u00a0p\u00ebr Dosjen Epstein n\u00ebse i jepet imunitet","gt_translate_keys":[{"key":"rendered","format":"text"}]},"content":{"rendered":"<p><img loading=\"lazy\" decoding=\"async\" class=\"aligncenter size-full wp-image-753482\" src=\"https:\/\/www.hashtag.al\/wp-content\/uploads\/2025\/07\/maxwell-scaled.jpg\" alt=\"\" width=\"2560\" height=\"2047\" srcset=\"https:\/\/www.hashtag.al\/wp-content\/uploads\/2025\/07\/maxwell-scaled.jpg 2560w, https:\/\/www.hashtag.al\/wp-content\/uploads\/2025\/07\/maxwell-300x240.jpg 300w, https:\/\/www.hashtag.al\/wp-content\/uploads\/2025\/07\/maxwell-1024x819.jpg 1024w, https:\/\/www.hashtag.al\/wp-content\/uploads\/2025\/07\/maxwell-768x614.jpg 768w, https:\/\/www.hashtag.al\/wp-content\/uploads\/2025\/07\/maxwell-1536x1228.jpg 1536w, https:\/\/www.hashtag.al\/wp-content\/uploads\/2025\/07\/maxwell-2048x1637.jpg 2048w, https:\/\/www.hashtag.al\/wp-content\/uploads\/2025\/07\/maxwell-250x200.jpg 250w, https:\/\/www.hashtag.al\/wp-content\/uploads\/2025\/07\/maxwell-555x445.jpg 555w\" sizes=\"auto, (max-width: 2560px) 100vw, 2560px\" \/><\/p>\n<p><span style=\"color: #000000;\">Ghislaine Maxwell \u00ebsht\u00eb ofruar t\u00eb d\u00ebshmoj\u00eb para Kongresit, por u ka k\u00ebrkuar ligjv\u00ebn\u00ebsve t&#8217;i japin imunitet, s\u00eb bashku me kushte t\u00eb tjera, sipas nj\u00eb liste k\u00ebrkesash t\u00eb d\u00ebrguara n\u00eb komitetin mbik\u00ebqyr\u00ebs t\u00eb Dhom\u00ebs s\u00eb P\u00ebrfaq\u00ebsuesve nga avokat\u00ebt e saj, t\u00eb par\u00eb nga CNN.<\/span><\/p>\n<p><span style=\"color: #000000;\">James Comer, i cili kryeson komitetin mbik\u00ebqyr\u00ebs t\u00eb Dhom\u00ebs s\u00eb P\u00ebrfaq\u00ebsuesve, i k\u00ebrkoi Maxwell t\u00eb d\u00ebshmoj\u00eb muajin e ardhsh\u00ebm. N\u00eb nj\u00eb let\u00ebr t\u00eb re d\u00ebrguar sot Comer, avokat\u00ebt e Maxwell than\u00eb se fillimisht vendos\u00ebn t\u00eb p\u00ebrdorin t\u00eb drejtat e saj t\u00eb amendamentit t\u00eb pest\u00eb, por m\u00eb pas ofruan t\u00eb bashk\u00ebpunojn\u00eb me Kongresin &#8220;n\u00ebse mund t\u00eb krijohet nj\u00eb rrug\u00eb e drejt\u00eb dhe e sigurt p\u00ebrpara&#8221;, shkruan <a style=\"color: #000000;\" href=\"https:\/\/www.theguardian.com\/us-news\/live\/2025\/jul\/29\/four-killed-shooting-manhattan-new-york-donald-trump-us-politics-latest-news-updates\">The Guardian<\/a>.<\/span><\/p>\n<p><span style=\"color: #000000;\">Letra vjen pasi Maxwell, bashk\u00ebpun\u00ebtore\u00a0e\u00a0Epstein, i cili po vuan nj\u00eb d\u00ebnim me 20 vjet burg p\u00ebr trafikim seksual dhe krime t\u00eb tjera, i k\u00ebrkoi gjykat\u00ebs supreme t\u00eb SHBA-s\u00eb t\u00eb rr\u00ebzoj\u00eb d\u00ebnimin e saj.<\/span><\/p>\n<p><span style=\"color: #000000;\">Avokat\u00ebt e saj pretendojn\u00eb se \u201c\u00e7do d\u00ebshmi q\u00eb ajo jep tani mund t\u00eb kompromentoj\u00eb t\u00eb drejtat e saj kushtetuese, t\u00eb paragjykoj\u00eb pretendimet e saj ligjore dhe potencialisht t\u00eb njollos\u00eb nj\u00eb juri n\u00eb t\u00eb ardhmen\u201d.<\/span><\/p>\n<p><span style=\"color: #000000;\">Letra vijon: <em><i>\u201c<\/i><\/em><em><i>Ajo q\u00eb I p\u00ebrforcon k\u00ebto <\/i><\/em><em><i>shqet\u00ebsime<\/i><\/em><em><i>\u00a0tonat, jan\u00eb <\/i><\/em><em><i>komentet publike nga an\u00ebtar\u00ebt e Kongresit q\u00eb duket se kan\u00eb paragjykuar besueshm\u00ebrin\u00eb e znj. <\/i><\/em><em><i>Maxwell <\/i><\/em><em><i>pa d\u00ebgjuar fare se \u00e7far\u00eb ka p\u00ebr t\u00eb th\u00ebn\u00eb ose pa vler\u00ebsuar dokumentacionin e gjer\u00eb q\u00eb e v\u00ebrteton at\u00eb.\u201d<\/i><\/em><\/span><\/p>\n<p><span style=\"color: #000000;\">Nj\u00eb z\u00ebdh\u00ebn\u00ebs i komitetit mbik\u00ebqyr\u00ebs hodhi posht\u00eb iden\u00eb e dh\u00ebnies s\u00eb imunitetit Max\u00ebell, duke i th\u00ebn\u00eb CNN:<\/span><\/p>\n<p><span style=\"color: #000000;\">Komiteti mbik\u00ebqyr\u00ebs do t&#8217;i p\u00ebrgjigjet avokatit t\u00eb znj. Maxwell s\u00eb shpejti, por nuk do t\u00eb shqyrtoj\u00eb dh\u00ebnien e imunitetit t\u00eb Kongresit p\u00ebr d\u00ebshmin\u00eb e saj.<\/span><\/p>\n<p><span style=\"color: #000000;\">Sipas raportit t\u00eb CNN, kushtet e Maxwell, si\u00e7 jan\u00eb p\u00ebrcaktuar nga avokat\u00ebt e saj, p\u00ebrfshijn\u00eb:<\/span><\/p>\n<p><span style=\"color: #000000;\">Nj\u00eb dh\u00ebnie imuniteti formal.<\/span><\/p>\n<p><span style=\"color: #000000;\">Intervista nuk mund t\u00eb ndodh\u00eb n\u00eb burgun ku ajo po vuan d\u00ebnimin e saj.<\/span><\/p>\n<p><span style=\"color: #000000;\"><em><i>\u201cP\u00ebr t\u2019u p\u00ebrgatitur n\u00eb m\u00ebnyr\u00eb <\/i><\/em><em><i>t\u00eb p\u00ebrshtatshme <\/i><\/em><em><i>p\u00ebr \u00e7do deklarat\u00eb n\u00eb Kongres \u2013 dhe p\u00ebr t\u00eb siguruar sakt\u00ebsi dhe drejt\u00ebsi \u2013 do na duheshin pyetjet e Komitetit paraprakisht\u2026Pyetjet e papritura do ishin t\u00eb pap\u00ebrshtatshme dhe joproduktive.\u201d<\/i><\/em><\/span><\/p>\n<p><span style=\"color: #000000;\">N\u00ebse k\u00ebrkesat nuk mund t\u00eb p\u00ebrmbushen, avokat\u00ebt e saj than\u00eb: \u201cMaxwell nuk do t\u00eb ket\u00eb zgjidhje tjet\u00ebr ve\u00e7se t\u00eb p\u00ebrdor\u00eb t\u00eb drejtat e saj t\u00eb amendamentit t\u00eb pest\u00eb\u201d (t\u00eb drejt\u00ebn p\u00ebr t\u00eb heshtur).<\/span><\/p>\n<p><span style=\"color: #000000;\">Letra p\u00ebrfundon me nj\u00eb apel p\u00ebr falje nga Donald Trump, p\u00ebr t\u00eb cilin, thon\u00eb avokat\u00ebt e saj, Maxwell do ishte \u201ce gatshme dhe e etur\u201d t\u00eb d\u00ebshmonte.<\/span><\/p>\n","protected":false,"gt_translate_keys":[{"key":"rendered","format":"html"}]},"excerpt":{"rendered":"<p>Ghislaine Maxwell \u00ebsht\u00eb ofruar t\u00eb d\u00ebshmoj\u00eb para Kongresit, por u ka k\u00ebrkuar ligjv\u00ebn\u00ebsve t&#8217;i japin imunitet, s\u00eb bashku me kushte t\u00eb tjera, sipas nj\u00eb liste k\u00ebrkesash t\u00eb d\u00ebrguara n\u00eb komitetin mbik\u00ebqyr\u00ebs t\u00eb Dhom\u00ebs s\u00eb P\u00ebrfaq\u00ebsuesve nga avokat\u00ebt e saj, t\u00eb par\u00eb nga CNN. James Comer, i cili kryeson komitetin mbik\u00ebqyr\u00ebs t\u00eb Dhom\u00ebs s\u00eb P\u00ebrfaq\u00ebsuesve, i [&hellip;]<\/p>\n","protected":false,"gt_translate_keys":[{"key":"rendered","format":"html"}]},"author":51,"featured_media":753482,"comment_status":"closed","ping_status":"open","sticky":false,"template":"","format":"standard","meta":{"footnotes":""},"categories":[53],"tags":[],"class_list":["post-753481","post","type-post","status-publish","format-standard","has-post-thumbnail","hentry","category-fast-foodi"],"gt_translate_keys":[{"key":"link","format":"url"}],"_links":{"self":[{"href":"https:\/\/www.hashtag.al\/index.php\/wp-json\/wp\/v2\/posts\/753481","targetHints":{"allow":["GET"]}}],"collection":[{"href":"https:\/\/www.hashtag.al\/index.php\/wp-json\/wp\/v2\/posts"}],"about":[{"href":"https:\/\/www.hashtag.al\/index.php\/wp-json\/wp\/v2\/types\/post"}],"author":[{"embeddable":true,"href":"https:\/\/www.hashtag.al\/index.php\/wp-json\/wp\/v2\/users\/51"}],"replies":[{"embeddable":true,"href":"https:\/\/www.hashtag.al\/index.php\/wp-json\/wp\/v2\/comments?post=753481"}],"version-history":[{"count":99999,"href":"https:\/\/www.hashtag.al\/index.php\/wp-json\/wp\/v2\/posts\/753481\/revisions"}],"predecessor-version":[{"id":753483,"href":"https:\/\/www.hashtag.al\/index.php\/wp-json\/wp\/v2\/posts\/753481\/revisions\/753483"}],"wp:featuredmedia":[{"embeddable":true,"href":"https:\/\/www.hashtag.al\/index.php\/wp-json\/wp\/v2\/media\/753482"}],"wp:attachment":[{"href":"https:\/\/www.hashtag.al\/index.php\/wp-json\/wp\/v2\/media?parent=753481"}],"wp:term":[{"taxonomy":"category","embeddable":true,"href":"https:\/\/www.hashtag.al\/index.php\/wp-json\/wp\/v2\/categories?post=753481"},{"taxonomy":"post_tag","embeddable":true,"href":"https:\/\/www.hashtag.al\/index.php\/wp-json\/wp\/v2\/tags?post=753481"}],"curies":[{"name":"wp","href":"https:\/\/api.w.org\/{rel}","templated":true}]}}