{"id":753454,"date":"2025-07-29T19:36:24","date_gmt":"2025-07-29T17:36:24","guid":{"rendered":"https:\/\/www.hashtag.al\/?p=753454"},"modified":"2025-07-29T19:37:42","modified_gmt":"2025-07-29T17:37:42","slug":"nje-nga-ekzekutivet-me-te-larta-ne-blackstone-u-vra-nga-te-shtenat-ne-nju-jork","status":"publish","type":"post","link":"https:\/\/www.hashtag.al\/index.php\/2025\/07\/29\/nje-nga-ekzekutivet-me-te-larta-ne-blackstone-u-vra-nga-te-shtenat-ne-nju-jork\/","title":{"rendered":"Kush ishte ekzekutivja e lart\u00eb e Blackstone q\u00eb u vra nga t\u00eb sht\u00ebnat n\u00eb Nju Jork","gt_translate_keys":[{"key":"rendered","format":"text"}]},"content":{"rendered":"<p><img loading=\"lazy\" decoding=\"async\" class=\"aligncenter size-full wp-image-753455\" src=\"https:\/\/www.hashtag.al\/wp-content\/uploads\/2025\/07\/lepartner.jpg\" alt=\"\" width=\"1200\" height=\"851\" srcset=\"https:\/\/www.hashtag.al\/wp-content\/uploads\/2025\/07\/lepartner.jpg 1200w, https:\/\/www.hashtag.al\/wp-content\/uploads\/2025\/07\/lepartner-300x213.jpg 300w, https:\/\/www.hashtag.al\/wp-content\/uploads\/2025\/07\/lepartner-1024x726.jpg 1024w, https:\/\/www.hashtag.al\/wp-content\/uploads\/2025\/07\/lepartner-768x545.jpg 768w\" sizes=\"auto, (max-width: 1200px) 100vw, 1200px\" \/><\/p>\n<p><span style=\"color: #000000;\">Ekzekutivja e lart\u00eb e\u00a0Blackstone, Wesley LePatner, e\u00a0cila\u00a0drejtonte fondin e pasurive t\u00eb paluajtshme prej 53 miliard\u00eb dollar\u00ebsh t\u00eb nj\u00ebr\u00ebs prej kompanive m\u00eb t\u00eb fuqishm\u00eb t\u00eb bot\u00ebs, u vra t\u00eb h\u00ebn\u00ebn n\u00eb t\u00eb sht\u00ebnat n\u00eb selin\u00eb e firm\u00ebs n\u00eb Manhattan, Nju Jork.<\/span><\/p>\n<p><span style=\"color: #000000;\">&#8220;Fjal\u00ebt nuk mund ta shprehin tronditjen q\u00eb ndiejm\u00eb. \u00ebesley ishte nj\u00eb an\u00ebtare e dashur e familjes Blackstone dhe do na mungoj\u00eb shum\u00eb&#8221;, tha kompania n\u00eb nj\u00eb deklarat\u00eb me email t\u00eb mart\u00ebn.<\/span><\/p>\n<p><span style=\"color: #000000;\"><em><i>&#8220;Ajo ishte e shk\u00eblqyer, pasionante, e ngroht\u00eb, bujare dhe thell\u00ebsisht e respektuar brenda firm\u00ebs son\u00eb dhe m\u00eb gjer\u00eb.&#8221;<\/i><\/em><\/span><\/p>\n<p><span style=\"color: #000000;\">Autori vrau veten dhe kat\u00ebr persona t\u00eb tjer\u00eb, p\u00ebrfshir\u00eb LePatner, 43 vje\u00e7, n\u00eb nj\u00eb seri t\u00eb sht\u00ebnash n\u00eb 345 Park Avenue n\u00eb Manhattan t\u00eb h\u00ebn\u00ebn. Dy oficer\u00eb t\u00eb lart\u00eb t\u00eb forcave t\u00eb zbatimit t\u00eb ligjit than\u00eb se i dyshuari kishte n\u00eb sh\u00ebnjest\u00ebr zyr\u00ebn e Lig\u00ebs Komb\u00ebtare t\u00eb Futbollit, por p\u00ebrfundoi gabimisht n\u00eb katin e nj\u00eb kompanie tjet\u00ebr, shkruan <span style=\"color: #0000ff;\"><a style=\"color: #0000ff;\" href=\"https:\/\/www.bloomberg.com\/news\/articles\/2025-07-29\/blackstone-says-wesley-lepatner-killed-in-monday-shooting\">Bloomberg<\/a><\/span>.<\/span><\/p>\n<p><span style=\"color: #000000;\">LePatner, e cila iu bashkua n\u00eb vitin 2014\u00a0me kompanin\u00eb, ishte drejtuese e biznesit kryesor t\u00eb pasurive t\u00eb patundshme t\u00eb Blackstone, nj\u00eb deg\u00eb e madhe n\u00eb administratorin e aseteve. Ajo u ngjit me shpejt\u00ebsi n\u00eb radh\u00ebt e kompanis\u00eb nd\u00ebrsa biznesi u rrit, dhe k\u00ebt\u00eb vit mori rolin e drejtoresh\u00ebs ekzekutive t\u00eb Blackstone Real Estate Income Trust, nj\u00eb fond\u00a0pronash me investime n\u00eb qendra t\u00eb dh\u00ebnash, apartamente me qira dhe magazina.<\/span><\/p>\n<p><span style=\"color: #000000;\">Ajo kaloi m\u00eb shum\u00eb se nj\u00eb dekad\u00eb n\u00eb Goldman Sachs Group Inc. Ajo ka sh\u00ebrbyer n\u00eb bordet e Muzeut Metropolitan t\u00eb Artit, Federat\u00ebs UJA t\u00eb Nju Jorkut dhe K\u00ebshillit t\u00eb Bibliotek\u00ebs s\u00eb Universitetit Yale, dhe \u00ebsht\u00eb an\u00ebtare e Bordit K\u00ebshillimor t\u00eb Guvernator\u00ebve t\u00eb NAREIT.<\/span><\/p>\n","protected":false,"gt_translate_keys":[{"key":"rendered","format":"html"}]},"excerpt":{"rendered":"<p>Ekzekutivja e lart\u00eb e\u00a0Blackstone, Wesley LePatner, e\u00a0cila\u00a0drejtonte fondin e pasurive t\u00eb paluajtshme prej 53 miliard\u00eb dollar\u00ebsh t\u00eb nj\u00ebr\u00ebs prej kompanive m\u00eb t\u00eb fuqishm\u00eb t\u00eb bot\u00ebs, u vra t\u00eb h\u00ebn\u00ebn n\u00eb t\u00eb sht\u00ebnat n\u00eb selin\u00eb e firm\u00ebs n\u00eb Manhattan, Nju Jork. &#8220;Fjal\u00ebt nuk mund ta shprehin tronditjen q\u00eb ndiejm\u00eb. \u00ebesley ishte nj\u00eb an\u00ebtare e dashur e [&hellip;]<\/p>\n","protected":false,"gt_translate_keys":[{"key":"rendered","format":"html"}]},"author":51,"featured_media":753455,"comment_status":"closed","ping_status":"open","sticky":false,"template":"","format":"standard","meta":{"footnotes":""},"categories":[6],"tags":[],"class_list":["post-753454","post","type-post","status-publish","format-standard","has-post-thumbnail","hentry","category-nderkombetare"],"gt_translate_keys":[{"key":"link","format":"url"}],"_links":{"self":[{"href":"https:\/\/www.hashtag.al\/index.php\/wp-json\/wp\/v2\/posts\/753454","targetHints":{"allow":["GET"]}}],"collection":[{"href":"https:\/\/www.hashtag.al\/index.php\/wp-json\/wp\/v2\/posts"}],"about":[{"href":"https:\/\/www.hashtag.al\/index.php\/wp-json\/wp\/v2\/types\/post"}],"author":[{"embeddable":true,"href":"https:\/\/www.hashtag.al\/index.php\/wp-json\/wp\/v2\/users\/51"}],"replies":[{"embeddable":true,"href":"https:\/\/www.hashtag.al\/index.php\/wp-json\/wp\/v2\/comments?post=753454"}],"version-history":[{"count":99999,"href":"https:\/\/www.hashtag.al\/index.php\/wp-json\/wp\/v2\/posts\/753454\/revisions"}],"predecessor-version":[{"id":753457,"href":"https:\/\/www.hashtag.al\/index.php\/wp-json\/wp\/v2\/posts\/753454\/revisions\/753457"}],"wp:featuredmedia":[{"embeddable":true,"href":"https:\/\/www.hashtag.al\/index.php\/wp-json\/wp\/v2\/media\/753455"}],"wp:attachment":[{"href":"https:\/\/www.hashtag.al\/index.php\/wp-json\/wp\/v2\/media?parent=753454"}],"wp:term":[{"taxonomy":"category","embeddable":true,"href":"https:\/\/www.hashtag.al\/index.php\/wp-json\/wp\/v2\/categories?post=753454"},{"taxonomy":"post_tag","embeddable":true,"href":"https:\/\/www.hashtag.al\/index.php\/wp-json\/wp\/v2\/tags?post=753454"}],"curies":[{"name":"wp","href":"https:\/\/api.w.org\/{rel}","templated":true}]}}