{"id":753370,"date":"2025-07-29T10:15:56","date_gmt":"2025-07-29T08:15:56","guid":{"rendered":"https:\/\/www.hashtag.al\/?p=753370"},"modified":"2025-07-29T10:16:34","modified_gmt":"2025-07-29T08:16:34","slug":"konflikt-ne-korce-nje-i-plagosur-arrestohet-autori","status":"publish","type":"post","link":"https:\/\/www.hashtag.al\/index.php\/2025\/07\/29\/konflikt-ne-korce-nje-i-plagosur-arrestohet-autori\/","title":{"rendered":"Konflikt n\u00eb Kor\u00e7\u00eb, nj\u00eb i plagosur, arrestohet autori","gt_translate_keys":[{"key":"rendered","format":"text"}]},"content":{"rendered":"<p><span style=\"color: #000000;\"><img loading=\"lazy\" decoding=\"async\" class=\"aligncenter size-full wp-image-742340\" src=\"https:\/\/www.hashtag.al\/wp-content\/uploads\/2025\/05\/1742484421_policiaetiranes-1.jpg\" alt=\"\" width=\"539\" height=\"305\" srcset=\"https:\/\/www.hashtag.al\/wp-content\/uploads\/2025\/05\/1742484421_policiaetiranes-1.jpg 539w, https:\/\/www.hashtag.al\/wp-content\/uploads\/2025\/05\/1742484421_policiaetiranes-1-300x170.jpg 300w\" sizes=\"auto, (max-width: 539px) 100vw, 539px\" \/><\/span><br \/>\n<span style=\"color: #000000;\">Nj\u00eb konflikt p\u00ebr motive t\u00eb dob\u00ebta ka ndodhur mbr\u00ebmjen e kaluar n\u00eb Kor\u00e7\u00eb, ku nj\u00eb person ka goditur nj\u00eb tjet\u00ebr me grushte n\u00eb fytyr\u00eb dhe m\u00eb pas \u00ebsht\u00eb larguar nga vendngjarja.<\/span><\/p>\n<p><span style=\"color: #000000;\"> Autori \u00ebsht\u00eb arrestuar nga policia pak m\u00eb von\u00eb, nd\u00ebrsa i plagosuri \u00ebsht\u00eb transportuar drejt Tiran\u00ebs p\u00ebr trajtim m\u00eb t\u00eb specializuar mjek\u00ebsor, sipas raportimeve t\u00eb<\/span> <a href=\"https:\/\/www.balkanweb.com\/korce-konfliktohen-per-motive-te-dobeta-arrestohet-nje-person-i-plagosuri-drejt-tiranes\/#gsc.tab=0\"><span style=\"color: #0000ff;\"><strong>BW.<\/strong><\/span><\/a><\/p>\n","protected":false,"gt_translate_keys":[{"key":"rendered","format":"html"}]},"excerpt":{"rendered":"<p>Nj\u00eb konflikt p\u00ebr motive t\u00eb dob\u00ebta ka ndodhur mbr\u00ebmjen e kaluar n\u00eb Kor\u00e7\u00eb, ku nj\u00eb person ka goditur nj\u00eb tjet\u00ebr me grushte n\u00eb fytyr\u00eb dhe m\u00eb pas \u00ebsht\u00eb larguar nga vendngjarja. Autori \u00ebsht\u00eb arrestuar nga policia pak m\u00eb von\u00eb, nd\u00ebrsa i plagosuri \u00ebsht\u00eb transportuar drejt Tiran\u00ebs p\u00ebr trajtim m\u00eb t\u00eb specializuar mjek\u00ebsor, sipas raportimeve t\u00eb [&hellip;]<\/p>\n","protected":false,"gt_translate_keys":[{"key":"rendered","format":"html"}]},"author":49,"featured_media":742340,"comment_status":"closed","ping_status":"open","sticky":false,"template":"","format":"standard","meta":{"footnotes":""},"categories":[65],"tags":[],"class_list":["post-753370","post","type-post","status-publish","format-standard","has-post-thumbnail","hentry","category-lajme"],"gt_translate_keys":[{"key":"link","format":"url"}],"_links":{"self":[{"href":"https:\/\/www.hashtag.al\/index.php\/wp-json\/wp\/v2\/posts\/753370","targetHints":{"allow":["GET"]}}],"collection":[{"href":"https:\/\/www.hashtag.al\/index.php\/wp-json\/wp\/v2\/posts"}],"about":[{"href":"https:\/\/www.hashtag.al\/index.php\/wp-json\/wp\/v2\/types\/post"}],"author":[{"embeddable":true,"href":"https:\/\/www.hashtag.al\/index.php\/wp-json\/wp\/v2\/users\/49"}],"replies":[{"embeddable":true,"href":"https:\/\/www.hashtag.al\/index.php\/wp-json\/wp\/v2\/comments?post=753370"}],"version-history":[{"count":99999,"href":"https:\/\/www.hashtag.al\/index.php\/wp-json\/wp\/v2\/posts\/753370\/revisions"}],"predecessor-version":[{"id":753380,"href":"https:\/\/www.hashtag.al\/index.php\/wp-json\/wp\/v2\/posts\/753370\/revisions\/753380"}],"wp:featuredmedia":[{"embeddable":true,"href":"https:\/\/www.hashtag.al\/index.php\/wp-json\/wp\/v2\/media\/742340"}],"wp:attachment":[{"href":"https:\/\/www.hashtag.al\/index.php\/wp-json\/wp\/v2\/media?parent=753370"}],"wp:term":[{"taxonomy":"category","embeddable":true,"href":"https:\/\/www.hashtag.al\/index.php\/wp-json\/wp\/v2\/categories?post=753370"},{"taxonomy":"post_tag","embeddable":true,"href":"https:\/\/www.hashtag.al\/index.php\/wp-json\/wp\/v2\/tags?post=753370"}],"curies":[{"name":"wp","href":"https:\/\/api.w.org\/{rel}","templated":true}]}}