{"id":753324,"date":"2025-07-28T21:28:41","date_gmt":"2025-07-28T19:28:41","guid":{"rendered":"https:\/\/www.hashtag.al\/?p=753324"},"modified":"2025-07-28T21:28:41","modified_gmt":"2025-07-28T19:28:41","slug":"tesla-e-samsung-nenshkruajne-marreveshjen-16-5-miliarde-dollareshe-per-cipat","status":"publish","type":"post","link":"https:\/\/www.hashtag.al\/index.php\/2025\/07\/28\/tesla-e-samsung-nenshkruajne-marreveshjen-16-5-miliarde-dollareshe-per-cipat\/","title":{"rendered":"Tesla e Samsung n\u00ebnshkruajn\u00eb marr\u00ebveshjen\u00a016.5 miliard\u00eb dollar\u00ebshe p\u00ebr \u00e7ipat","gt_translate_keys":[{"key":"rendered","format":"text"}]},"content":{"rendered":"<p><img loading=\"lazy\" decoding=\"async\" class=\"aligncenter size-full wp-image-749105\" src=\"https:\/\/www.hashtag.al\/wp-content\/uploads\/2025\/06\/a65afd6d-elon-musk.jpg\" alt=\"\" width=\"1440\" height=\"810\" srcset=\"https:\/\/www.hashtag.al\/wp-content\/uploads\/2025\/06\/a65afd6d-elon-musk.jpg 1440w, https:\/\/www.hashtag.al\/wp-content\/uploads\/2025\/06\/a65afd6d-elon-musk-300x169.jpg 300w, https:\/\/www.hashtag.al\/wp-content\/uploads\/2025\/06\/a65afd6d-elon-musk-1024x576.jpg 1024w, https:\/\/www.hashtag.al\/wp-content\/uploads\/2025\/06\/a65afd6d-elon-musk-768x432.jpg 768w\" sizes=\"auto, (max-width: 1440px) 100vw, 1440px\" \/><\/p>\n<p><span style=\"color: #000000;\">Drejtori ekzekutiv i Tesl\u00ebs, Elon Musk, tha se kishte n\u00ebnshkruar nj\u00eb marr\u00ebveshje prej 16.5 miliard\u00eb dollar\u00ebsh p\u00ebr t\u00eb furnizuar \u00e7ipa nga Samsung, nj\u00eb veprim q\u00eb pritet t\u00eb forcoj\u00eb biznesin\u00a0gjigantit t\u00eb teknologjis\u00eb s\u00eb Kores\u00eb s\u00eb Jugut, i cili po rezulton me humbje.<\/span><\/p>\n<p><span style=\"color: #000000;\">Aksionet e Samsung u rrit\u00ebn me 6.8% n\u00eb nivelin m\u00eb t\u00eb lart\u00eb q\u00eb nga shtatori i vitit t\u00eb kaluar pas lajmit p\u00ebr marr\u00ebveshjen. Aksionet e Tesl\u00ebs u rrit\u00ebn me 1.9% n\u00eb tregtimin para-tregut n\u00eb SHBA, shkruan<span style=\"color: #0000ff;\"><a style=\"color: #0000ff;\" href=\"https:\/\/edition.cnn.com\/2025\/07\/28\/business\/tesla-samsung-chip-deal\"> CNN<\/a><\/span>.<\/span><\/p>\n<p><span style=\"color: #000000;\">Musk tha se fabrika e re e \u00e7ipave e\u00a0Samsung n\u00eb Taylor, Teksas, do prodhoj\u00eb \u00e7ipin AI6 t\u00eb brezit t\u00eb ardhsh\u00ebm t\u00eb Tesl\u00ebs, duke rigjall\u00ebruar potencialisht projektin q\u00eb \u00ebsht\u00eb p\u00ebrballur me vonesa t\u00eb gjata p\u00ebr shkak t\u00eb v\u00ebshtir\u00ebsive t\u00eb Samsung n\u00eb mbajtjen dhe t\u00ebrheqjen e klient\u00ebve t\u00eb m\u00ebdhenj.<\/span><\/p>\n<p><span style=\"color: #000000;\"><em><i>&#8220;Samsung pranoi t\u00eb lejoj\u00eb Tesl\u00ebn t\u00eb ndihmoj\u00eb n\u00eb maksimizimin e efikasitetit t\u00eb prodhimit. Kjo \u00ebsht\u00eb nj\u00eb pik\u00eb kritike, pasi un\u00eb do <\/i><\/em><em><i>merrem <\/i><\/em><em><i>personalisht p\u00ebr t\u00eb p\u00ebrshpejtuar ritmin e <\/i><\/em><em><i>ecuris\u00eb<\/i><\/em><em><i>. Dhe fabrika \u00ebsht\u00eb e vendosur n\u00eb m\u00ebnyr\u00eb t\u00eb p\u00ebrshtatshme jo shum\u00eb larg sht\u00ebpis\u00eb sime&#8221;<\/i><\/em>, tha Musk n\u00eb nj\u00eb postim n\u00eb X t\u00eb h\u00ebn\u00ebn.<\/span><\/p>\n<p><span style=\"color: #000000;\">N\u00eb tetor, Reuters raportoi se Samsung kishte shtyr\u00eb marrjen e d\u00ebrgesave t\u00eb pajisjeve t\u00eb prodhimit t\u00eb \u00e7ipave ASML p\u00ebr fabrik\u00ebn e saj n\u00eb Teksas, pasi ende nuk kishte fituar ndonj\u00eb klient t\u00eb madh p\u00ebr projektin. Tashm\u00eb e ka shtyr\u00eb fillimin e funksionimit t\u00eb uzin\u00ebs n\u00eb vitin 2026.<\/span><\/p>\n<p><span style=\"color: #000000;\">Nd\u00ebrsa nuk u dha asnj\u00eb afat kohor p\u00ebr prodhimin e \u00e7ipave AI6, Musk ka th\u00ebn\u00eb m\u00eb par\u00eb se \u00e7ipat AI5 t\u00eb\u00a0brezit t\u00eb ardhsh\u00ebm do prodhohen n\u00eb fund t\u00eb vitit 2026.<\/span><\/p>\n","protected":false,"gt_translate_keys":[{"key":"rendered","format":"html"}]},"excerpt":{"rendered":"<p>Drejtori ekzekutiv i Tesl\u00ebs, Elon Musk, tha se kishte n\u00ebnshkruar nj\u00eb marr\u00ebveshje prej 16.5 miliard\u00eb dollar\u00ebsh p\u00ebr t\u00eb furnizuar \u00e7ipa nga Samsung, nj\u00eb veprim q\u00eb pritet t\u00eb forcoj\u00eb biznesin\u00a0gjigantit t\u00eb teknologjis\u00eb s\u00eb Kores\u00eb s\u00eb Jugut, i cili po rezulton me humbje. Aksionet e Samsung u rrit\u00ebn me 6.8% n\u00eb nivelin m\u00eb t\u00eb lart\u00eb q\u00eb nga [&hellip;]<\/p>\n","protected":false,"gt_translate_keys":[{"key":"rendered","format":"html"}]},"author":51,"featured_media":749105,"comment_status":"closed","ping_status":"open","sticky":false,"template":"","format":"standard","meta":{"footnotes":""},"categories":[53],"tags":[],"class_list":["post-753324","post","type-post","status-publish","format-standard","has-post-thumbnail","hentry","category-fast-foodi"],"gt_translate_keys":[{"key":"link","format":"url"}],"_links":{"self":[{"href":"https:\/\/www.hashtag.al\/index.php\/wp-json\/wp\/v2\/posts\/753324","targetHints":{"allow":["GET"]}}],"collection":[{"href":"https:\/\/www.hashtag.al\/index.php\/wp-json\/wp\/v2\/posts"}],"about":[{"href":"https:\/\/www.hashtag.al\/index.php\/wp-json\/wp\/v2\/types\/post"}],"author":[{"embeddable":true,"href":"https:\/\/www.hashtag.al\/index.php\/wp-json\/wp\/v2\/users\/51"}],"replies":[{"embeddable":true,"href":"https:\/\/www.hashtag.al\/index.php\/wp-json\/wp\/v2\/comments?post=753324"}],"version-history":[{"count":99999,"href":"https:\/\/www.hashtag.al\/index.php\/wp-json\/wp\/v2\/posts\/753324\/revisions"}],"predecessor-version":[{"id":753325,"href":"https:\/\/www.hashtag.al\/index.php\/wp-json\/wp\/v2\/posts\/753324\/revisions\/753325"}],"wp:featuredmedia":[{"embeddable":true,"href":"https:\/\/www.hashtag.al\/index.php\/wp-json\/wp\/v2\/media\/749105"}],"wp:attachment":[{"href":"https:\/\/www.hashtag.al\/index.php\/wp-json\/wp\/v2\/media?parent=753324"}],"wp:term":[{"taxonomy":"category","embeddable":true,"href":"https:\/\/www.hashtag.al\/index.php\/wp-json\/wp\/v2\/categories?post=753324"},{"taxonomy":"post_tag","embeddable":true,"href":"https:\/\/www.hashtag.al\/index.php\/wp-json\/wp\/v2\/tags?post=753324"}],"curies":[{"name":"wp","href":"https:\/\/api.w.org\/{rel}","templated":true}]}}