{"id":753315,"date":"2025-07-28T20:51:22","date_gmt":"2025-07-28T18:51:22","guid":{"rendered":"https:\/\/www.hashtag.al\/?p=753315"},"modified":"2025-07-28T20:51:22","modified_gmt":"2025-07-28T18:51:22","slug":"rebelet-sulmojne-kishen-ne-kongo-38-viktima","status":"publish","type":"post","link":"https:\/\/www.hashtag.al\/index.php\/2025\/07\/28\/rebelet-sulmojne-kishen-ne-kongo-38-viktima\/","title":{"rendered":"Rebel\u00ebt sulmojn\u00eb kish\u00ebn n\u00eb Kongo, 38 viktima","gt_translate_keys":[{"key":"rendered","format":"text"}]},"content":{"rendered":"<p><img loading=\"lazy\" decoding=\"async\" class=\"aligncenter size-full wp-image-753319\" src=\"https:\/\/www.hashtag.al\/wp-content\/uploads\/2025\/07\/kongo.jpeg\" alt=\"\" width=\"1200\" height=\"675\" srcset=\"https:\/\/www.hashtag.al\/wp-content\/uploads\/2025\/07\/kongo.jpeg 1200w, https:\/\/www.hashtag.al\/wp-content\/uploads\/2025\/07\/kongo-300x169.jpeg 300w, https:\/\/www.hashtag.al\/wp-content\/uploads\/2025\/07\/kongo-1024x576.jpeg 1024w, https:\/\/www.hashtag.al\/wp-content\/uploads\/2025\/07\/kongo-768x432.jpeg 768w\" sizes=\"auto, (max-width: 1200px) 100vw, 1200px\" \/><\/p>\n<p><span style=\"color: #000000;\">Rebel\u00ebt vran\u00eb 38 persona t\u00eb diel\u00ebn n\u00eb nj\u00eb sulm ndaj nj\u00eb kishe n\u00eb Kongon lindore, than\u00eb zyrtar\u00ebt e qytetit.<\/span><\/p>\n<p><span style=\"color: #000000;\">Sulmi n\u00eb Komanda, qytet n\u00eb Republik\u00ebn Demokratike verilindore t\u00eb Kongos, besohet se \u00ebsht\u00eb kryer nga rebel\u00ebt e ADF-s\u00eb, t\u00eb armatosur me arm\u00eb dhe hanxhar\u00eb, than\u00eb zyrtar\u00ebt p\u00ebr <span style=\"color: #0000ff;\"><a style=\"color: #0000ff;\" href=\"https:\/\/www.reuters.com\/world\/africa\/islamic-state-backed-rebels-kill-38-attack-east-congo-church-2025-07-27\/\">Reuters<\/a><\/span>.<\/span><\/p>\n<p><span style=\"color: #000000;\">Jean Kato, nj\u00eb zyrtar n\u00eb administrat\u00ebn e qytetit, tha se besimtar\u00ebt po merrnin pjes\u00eb n\u00eb nj\u00eb mesh\u00eb nate kur rebel\u00ebt sulmuan kish\u00ebn n\u00eb or\u00ebt e para t\u00eb m\u00ebngjesit t\u00eb s\u00eb diel\u00ebs.<\/span><\/p>\n<p><span style=\"color: #000000;\">Tridhjet\u00eb e tet\u00eb persona mbet\u00ebn t\u00eb vdekur, 15 t\u00eb plagosur dhe disa t\u00eb tjer\u00eb ende rezultojn\u00eb t\u00eb zhdukur, than\u00eb zyrtar\u00ebt.<\/span><\/p>\n<p><span style=\"color: #000000;\">Christophe Munyanderu, nj\u00eb aktivist i t\u00eb drejtave t\u00eb njeriut i pranish\u00ebm n\u00eb vendngjarje n\u00eb Komanda, tha se t\u00eb sht\u00ebna u d\u00ebgjuan gjat\u00eb nat\u00ebs, por njer\u00ebzit n\u00eb fillim menduan se ishin hajdut\u00eb.<\/span><\/p>\n","protected":false,"gt_translate_keys":[{"key":"rendered","format":"html"}]},"excerpt":{"rendered":"<p>Rebel\u00ebt vran\u00eb 38 persona t\u00eb diel\u00ebn n\u00eb nj\u00eb sulm ndaj nj\u00eb kishe n\u00eb Kongon lindore, than\u00eb zyrtar\u00ebt e qytetit. Sulmi n\u00eb Komanda, qytet n\u00eb Republik\u00ebn Demokratike verilindore t\u00eb Kongos, besohet se \u00ebsht\u00eb kryer nga rebel\u00ebt e ADF-s\u00eb, t\u00eb armatosur me arm\u00eb dhe hanxhar\u00eb, than\u00eb zyrtar\u00ebt p\u00ebr Reuters. Jean Kato, nj\u00eb zyrtar n\u00eb administrat\u00ebn e qytetit, [&hellip;]<\/p>\n","protected":false,"gt_translate_keys":[{"key":"rendered","format":"html"}]},"author":51,"featured_media":753319,"comment_status":"closed","ping_status":"open","sticky":false,"template":"","format":"standard","meta":{"footnotes":""},"categories":[6],"tags":[],"class_list":["post-753315","post","type-post","status-publish","format-standard","has-post-thumbnail","hentry","category-nderkombetare"],"gt_translate_keys":[{"key":"link","format":"url"}],"_links":{"self":[{"href":"https:\/\/www.hashtag.al\/index.php\/wp-json\/wp\/v2\/posts\/753315","targetHints":{"allow":["GET"]}}],"collection":[{"href":"https:\/\/www.hashtag.al\/index.php\/wp-json\/wp\/v2\/posts"}],"about":[{"href":"https:\/\/www.hashtag.al\/index.php\/wp-json\/wp\/v2\/types\/post"}],"author":[{"embeddable":true,"href":"https:\/\/www.hashtag.al\/index.php\/wp-json\/wp\/v2\/users\/51"}],"replies":[{"embeddable":true,"href":"https:\/\/www.hashtag.al\/index.php\/wp-json\/wp\/v2\/comments?post=753315"}],"version-history":[{"count":99999,"href":"https:\/\/www.hashtag.al\/index.php\/wp-json\/wp\/v2\/posts\/753315\/revisions"}],"predecessor-version":[{"id":753320,"href":"https:\/\/www.hashtag.al\/index.php\/wp-json\/wp\/v2\/posts\/753315\/revisions\/753320"}],"wp:featuredmedia":[{"embeddable":true,"href":"https:\/\/www.hashtag.al\/index.php\/wp-json\/wp\/v2\/media\/753319"}],"wp:attachment":[{"href":"https:\/\/www.hashtag.al\/index.php\/wp-json\/wp\/v2\/media?parent=753315"}],"wp:term":[{"taxonomy":"category","embeddable":true,"href":"https:\/\/www.hashtag.al\/index.php\/wp-json\/wp\/v2\/categories?post=753315"},{"taxonomy":"post_tag","embeddable":true,"href":"https:\/\/www.hashtag.al\/index.php\/wp-json\/wp\/v2\/tags?post=753315"}],"curies":[{"name":"wp","href":"https:\/\/api.w.org\/{rel}","templated":true}]}}