{"id":753294,"date":"2025-07-28T18:37:30","date_gmt":"2025-07-28T16:37:30","guid":{"rendered":"https:\/\/www.hashtag.al\/?p=753294"},"modified":"2025-07-28T18:37:58","modified_gmt":"2025-07-28T16:37:58","slug":"kryeministri-francez-marreveshja-tregtare-shba-be-nje-dite-e-erret-per-europen","status":"publish","type":"post","link":"https:\/\/www.hashtag.al\/index.php\/2025\/07\/28\/kryeministri-francez-marreveshja-tregtare-shba-be-nje-dite-e-erret-per-europen\/","title":{"rendered":"Kryeministri francez: Marr\u00ebveshja tregtare SHBA-BE, nj\u00eb \u201cdit\u00eb e err\u00ebt\u201d p\u00ebr Europ\u00ebn","gt_translate_keys":[{"key":"rendered","format":"text"}]},"content":{"rendered":"<p><span style=\"color: #000000;\"><img loading=\"lazy\" decoding=\"async\" class=\"alignnone size-medium wp-image-753295\" src=\"https:\/\/www.hashtag.al\/wp-content\/uploads\/2025\/07\/Screenshot-2025-07-28-183121-300x190.png\" alt=\"\" width=\"300\" height=\"190\" srcset=\"https:\/\/www.hashtag.al\/wp-content\/uploads\/2025\/07\/Screenshot-2025-07-28-183121-300x190.png 300w, https:\/\/www.hashtag.al\/wp-content\/uploads\/2025\/07\/Screenshot-2025-07-28-183121.png 747w\" sizes=\"auto, (max-width: 300px) 100vw, 300px\" \/><\/span><\/p>\n<p><span style=\"color: #000000;\">Kryeministri francez Fran\u00e7ois Bayrou ka deklaruar se Bashkimi Europian i \u00ebsht\u00eb dor\u00ebzuar k\u00ebrc\u00ebnimeve t\u00eb Donald Trump p\u00ebr rritje t\u00eb p\u00ebrshkall\u00ebzuar tarifash, nd\u00ebrsa e ka cil\u00ebsuar marr\u00ebveshjen e arritur t\u00eb diel\u00ebn n\u00eb Skoci si nj\u00eb \u201cdit\u00eb t\u00eb err\u00ebt\u201d p\u00ebr BE-n\u00eb.<\/span><\/p>\n<p><span style=\"color: #000000;\"><em>\u201c\u00cbsht\u00eb nj\u00eb dit\u00eb e err\u00ebt kur nj\u00eb aleanc\u00eb e popujve t\u00eb lir\u00eb, e bashkuar p\u00ebr t\u00eb afirmuar vlerat dhe p\u00ebr t\u00eb mbrojtur interesat e p\u00ebrbashk\u00ebta, i dor\u00ebzohet n\u00ebnshtrimit\u201d,<\/em> shkroi Bayrou n\u00eb rrjetin X t\u00eb h\u00ebn\u00ebn.<\/span><\/p>\n<p><span style=\"color: #000000;\">N\u00eb kontrast me q\u00ebndrimin francez, kancelari gjerman Friedrich Merz dhe kryeministrja italiane Giorgia Meloni p\u00ebrsh\u00ebndet\u00ebn marr\u00ebveshjen, t\u00eb cil\u00ebn komisioneri europian p\u00ebr Tregtin\u00eb, Maro\u0161 \u0160ef\u010dovi\u010d, e quajti nj\u00eb \u201cp\u00ebrparim t\u00eb madh\u201d p\u00ebr t\u00eb shmangur nj\u00eb luft\u00eb tregtare t\u00eb d\u00ebmshme mes dy ekonomive m\u00eb t\u00eb m\u00ebdha t\u00eb bot\u00ebs, p\u00ebrcjell <span style=\"color: #0000ff;\"><a style=\"color: #0000ff;\" href=\"https:\/\/www.theguardian.com\/us-news\/2025\/jul\/28\/us-eu-trade-deal-germany-france-tump-tariff\">The Guardian.<\/a><\/span><\/span><\/p>\n<p><span style=\"color: #000000;\">Marr\u00ebveshja parashikon vendosjen e tarifave 15% p\u00ebr thuajse t\u00eb gjitha eksportet europiane drejt SHBA-ve, p\u00ebrfshir\u00eb edhe automjetet \u2013 nivel ky q\u00eb \u00ebsht\u00eb trefishi i tarif\u00ebs aktuale mesatare prej 4.8%.<\/span><\/p>\n<p><span style=\"color: #000000;\">Megjithat\u00eb, kjo shmang rrezikun e vendosjes s\u00eb tarifave nd\u00ebshkuese prej 30%, t\u00eb cilat Trump kishte paralajm\u00ebruar t\u2019i vendoste m\u00eb 1 gusht n\u00ebse nuk arrihej nj\u00eb marr\u00ebveshje.<\/span><\/p>\n<p>&nbsp;<\/p>\n<p><span style=\"color: #000000;\"><strong>Mosdakord\u00ebsia franceze<\/strong><\/span><\/p>\n<p><span style=\"color: #000000;\">Kritikat e ashpra t\u00eb Franc\u00ebs, si edhe heshtja e presidentit Emmanuel Macron q\u00eb nga n\u00ebnshkrimi i marr\u00ebveshjes mes Trump dhe presidentes s\u00eb Komisionit Europian, Ursula von der Leyen, kan\u00eb nxjerr\u00eb n\u00eb pah p\u00ebr\u00e7arje t\u00eb mundshme brenda BE-s\u00eb, n\u00eb koh\u00ebn kur marr\u00ebveshja duhet t\u00eb miratohet nga shtetet an\u00ebtare.<\/span><\/p>\n<p><span style=\"color: #000000;\">Merz vler\u00ebsoi marr\u00ebveshjen, e cila u finalizua n\u00eb sallonin e nj\u00eb resorti golfi t\u00eb Trump n\u00eb Skoci, duke theksuar se ajo shmangu \u201cp\u00ebrshkall\u00ebzimin e panevojsh\u00ebm t\u00eb marr\u00ebdh\u00ebnieve tregtare transatlantike\u201d dhe nj\u00eb luft\u00eb tregtare potencialisht t\u00eb d\u00ebmshme.<\/span><\/p>\n<p><span style=\"color: #000000;\">Edhe Meloni u shpreh pozitive, duke th\u00ebn\u00eb se marr\u00ebveshja shmangu \u201cpasoja potencialisht shkat\u00ebrruese\u201d.<\/span><\/p>\n<p><span style=\"color: #000000;\">Gjat\u00eb nj\u00eb samiti n\u00eb Etiopi, ajo deklaroi se nj\u00eb p\u00ebrshkall\u00ebzim tregtar mes Europ\u00ebs dhe SHBA-ve do t\u00eb kishte sjell\u00eb pasoja t\u00eb paparashikueshme, ndon\u00ebse shtoi se Roma do t\u00eb duhet t\u00eb \u201cstudioj\u00eb detajet\u201d e marr\u00ebveshjes.<\/span><\/p>\n<p>&nbsp;<\/p>\n<p><span style=\"color: #000000;\"><strong>Tregjet reagojn\u00eb, Franca kritikon<\/strong><\/span><\/p>\n<p><span style=\"color: #000000;\">Tregjet europiane pat\u00ebn nj\u00eb rritje n\u00eb fillim t\u00eb dit\u00ebs s\u00eb h\u00ebn\u00eb, si pasoj\u00eb e leht\u00ebsimit q\u00eb erdhi nga arritja e marr\u00ebveshjes. Indeksi DAX i Gjermanis\u00eb u rrit me 0.86%, nd\u00ebrsa CAC 40 i Franc\u00ebs u rrit me 1.1%, duke \u00e7uar indeksin pan-europian Stoxx 600 n\u00eb nivelin m\u00eb t\u00eb lart\u00eb q\u00eb nga fundi i marsit.<\/span><\/p>\n<p><span style=\"color: #000000;\">Megjithat\u00eb, kjo eufori ra pas deklaratave t\u00eb forta nga Parisi, q\u00eb historikisht \u00ebsht\u00eb par\u00eb si bashk\u00eb-drejtues i projektit europian bashk\u00eb me Gjermanin\u00eb.<\/span><\/p>\n<p><span style=\"color: #000000;\"><em>\u201cGjendja aktuale nuk \u00ebsht\u00eb e pranueshme dhe nuk mund t\u00eb vazhdoj\u00eb k\u00ebshtu,\u201d<\/em> tha ministri francez p\u00ebr \u00e7\u00ebshtjet europiane, Benjamin Haddad, duke i b\u00ebr\u00eb thirrje BE-s\u00eb t\u00eb aktivizoj\u00eb instrumentin e saj kund\u00ebr shantazhit (\u201canti-coercion instrument\u201d), q\u00eb do t\u00eb lejonte kund\u00ebrmasa jo-tarifore.<\/span><\/p>\n<p><span style=\"color: #000000;\">Ministri francez i Tregtis\u00eb, Laurent Saint-Martin, kritikoi gjithashtu m\u00ebnyr\u00ebn se si BE-ja i trajtoi negociatat, duke theksuar se blloku nuk duhej t\u00eb kishte hezituar t\u00eb reagonte ndaj nj\u00eb p\u00ebrballjeje t\u00eb iniciuar nga Trump.<\/span><\/p>\n<p><span style=\"color: #000000;\"><em>\u201cDonald Trump kupton vet\u00ebm forc\u00ebn,\u201d<\/em> tha ai p\u00ebr radion France Inter. \u201c<em>Do t\u00eb kishte qen\u00eb m\u00eb mir\u00eb t\u00eb tregonim aft\u00ebsin\u00eb ton\u00eb p\u00ebr t\u00eb reaguar m\u00eb her\u00ebt. Marr\u00ebveshja mund t\u00eb kishte pasur nj\u00eb tjet\u00ebr pamje.\u201d<\/em><\/span><\/p>\n<p>&nbsp;<\/p>\n<p><span style=\"color: #000000;\"><strong>Detaje t\u00eb reja p\u00ebr tarifat<\/strong><\/span><\/p>\n<p><span style=\"color: #000000;\">Euroja ra me gati 1% ndaj dollarit amerikan, duke zbritur me nj\u00eb cent n\u00eb nivelin 1.163.<\/span><\/p>\n<p><span style=\"color: #000000;\">Zyrtar\u00eb t\u00eb lart\u00eb t\u00eb BE-s\u00eb zbuluan se tarifa 15% do t\u00eb aplikohet p\u00ebr 70% t\u00eb eksporteve europiane drejt SHBA-ve. Megjithat\u00eb, disa sektor\u00eb do t\u00eb p\u00ebrjashtohen: pjes\u00ebt e avion\u00ebve, disa produkte kimike, pajisjet p\u00ebr prodhimin e \u00e7ipave dhe produkte bujq\u00ebsore t\u00eb caktuara si tapa vere dhe materialet p\u00ebr dysheme.<\/span><\/p>\n<p><span style=\"color: #000000;\">Sektori farmaceutik europian nuk do t\u00eb p\u00ebrballet me tarifa mbi 15% sipas marr\u00ebveshjes s\u00eb arritur me Trump.<\/span><\/p>\n<p><span style=\"color: #000000;\">\u00a0Deri n\u00eb p\u00ebrfundimin e hetimit t\u00eb Trump mbi barnat (bazuar n\u00eb nenin 232 p\u00ebr sigurin\u00eb komb\u00ebtare), eksportet farmaceutike t\u00eb BE-s\u00eb do t\u00eb mbeten pa tarifa.<\/span><\/p>\n<p><span style=\"color: #000000;\">N\u00ebse n\u00eb t\u00eb ardhmen vendosen tarifa edhe p\u00ebr k\u00ebt\u00eb sektor, BE ka marr\u00eb nj\u00eb angazhim nga Trump q\u00eb ato t\u00eb mos e kalojn\u00eb nivelin maksimal prej 15%.<\/span><\/p>\n<p><span style=\"color: #000000;\">Negociatat nis\u00ebn t\u00eb diel\u00ebn me k\u00ebrkes\u00ebn fillestare t\u00eb Trump q\u00eb BE t\u00eb pranoj\u00eb tarifa 30%, m\u00eb pas 21%, derisa pal\u00ebt u dakord\u00ebsuan n\u00eb 15%, n\u00eb bisedime q\u00eb jan\u00eb p\u00ebrshkruar si \u201cshum\u00eb intensive\u201d.<\/span><\/p>\n","protected":false,"gt_translate_keys":[{"key":"rendered","format":"html"}]},"excerpt":{"rendered":"<p>Kryeministri francez Fran\u00e7ois Bayrou ka deklaruar se Bashkimi Europian i \u00ebsht\u00eb dor\u00ebzuar k\u00ebrc\u00ebnimeve t\u00eb Donald Trump p\u00ebr rritje t\u00eb p\u00ebrshkall\u00ebzuar tarifash, nd\u00ebrsa e ka cil\u00ebsuar marr\u00ebveshjen e arritur t\u00eb diel\u00ebn n\u00eb Skoci si nj\u00eb \u201cdit\u00eb t\u00eb err\u00ebt\u201d p\u00ebr BE-n\u00eb. \u201c\u00cbsht\u00eb nj\u00eb dit\u00eb e err\u00ebt kur nj\u00eb aleanc\u00eb e popujve t\u00eb lir\u00eb, e bashkuar p\u00ebr t\u00eb [&hellip;]<\/p>\n","protected":false,"gt_translate_keys":[{"key":"rendered","format":"html"}]},"author":32,"featured_media":753295,"comment_status":"closed","ping_status":"open","sticky":false,"template":"","format":"standard","meta":{"footnotes":""},"categories":[6],"tags":[],"class_list":["post-753294","post","type-post","status-publish","format-standard","has-post-thumbnail","hentry","category-nderkombetare"],"gt_translate_keys":[{"key":"link","format":"url"}],"_links":{"self":[{"href":"https:\/\/www.hashtag.al\/index.php\/wp-json\/wp\/v2\/posts\/753294","targetHints":{"allow":["GET"]}}],"collection":[{"href":"https:\/\/www.hashtag.al\/index.php\/wp-json\/wp\/v2\/posts"}],"about":[{"href":"https:\/\/www.hashtag.al\/index.php\/wp-json\/wp\/v2\/types\/post"}],"author":[{"embeddable":true,"href":"https:\/\/www.hashtag.al\/index.php\/wp-json\/wp\/v2\/users\/32"}],"replies":[{"embeddable":true,"href":"https:\/\/www.hashtag.al\/index.php\/wp-json\/wp\/v2\/comments?post=753294"}],"version-history":[{"count":99999,"href":"https:\/\/www.hashtag.al\/index.php\/wp-json\/wp\/v2\/posts\/753294\/revisions"}],"predecessor-version":[{"id":753297,"href":"https:\/\/www.hashtag.al\/index.php\/wp-json\/wp\/v2\/posts\/753294\/revisions\/753297"}],"wp:featuredmedia":[{"embeddable":true,"href":"https:\/\/www.hashtag.al\/index.php\/wp-json\/wp\/v2\/media\/753295"}],"wp:attachment":[{"href":"https:\/\/www.hashtag.al\/index.php\/wp-json\/wp\/v2\/media?parent=753294"}],"wp:term":[{"taxonomy":"category","embeddable":true,"href":"https:\/\/www.hashtag.al\/index.php\/wp-json\/wp\/v2\/categories?post=753294"},{"taxonomy":"post_tag","embeddable":true,"href":"https:\/\/www.hashtag.al\/index.php\/wp-json\/wp\/v2\/tags?post=753294"}],"curies":[{"name":"wp","href":"https:\/\/api.w.org\/{rel}","templated":true}]}}