{"id":753198,"date":"2025-07-28T09:20:37","date_gmt":"2025-07-28T07:20:37","guid":{"rendered":"https:\/\/www.hashtag.al\/?p=753198"},"modified":"2025-07-28T09:21:23","modified_gmt":"2025-07-28T07:21:23","slug":"gjykata-ne-prishtine-pritet-te-shpalle-aktgjykimin-per-sulmin-ndaj-zyrave-te-kqz-se","status":"publish","type":"post","link":"https:\/\/www.hashtag.al\/index.php\/2025\/07\/28\/gjykata-ne-prishtine-pritet-te-shpalle-aktgjykimin-per-sulmin-ndaj-zyrave-te-kqz-se\/","title":{"rendered":"Gjykata n\u00eb Prishtin\u00eb pritet t\u00eb shpall\u00eb aktgjykimin p\u00ebr sulmin ndaj zyrave t\u00eb KQZ-s\u00eb","gt_translate_keys":[{"key":"rendered","format":"text"}]},"content":{"rendered":"<p><span style=\"color: #000000;\"><img loading=\"lazy\" decoding=\"async\" class=\"aligncenter size-full wp-image-753199\" src=\"https:\/\/www.hashtag.al\/wp-content\/uploads\/2025\/07\/Capture-193-768x442-1.jpg\" alt=\"\" width=\"768\" height=\"442\" srcset=\"https:\/\/www.hashtag.al\/wp-content\/uploads\/2025\/07\/Capture-193-768x442-1.jpg 768w, https:\/\/www.hashtag.al\/wp-content\/uploads\/2025\/07\/Capture-193-768x442-1-300x173.jpg 300w, https:\/\/www.hashtag.al\/wp-content\/uploads\/2025\/07\/Capture-193-768x442-1-250x145.jpg 250w\" sizes=\"auto, (max-width: 768px) 100vw, 768px\" \/><\/span><\/p>\n<p><span style=\"color: #000000;\">M\u00eb 28 korrik, para Gjykat\u00ebs Themelore n\u00eb Prishtin\u00eb, pritet t\u00eb shpallet aktgjykimi n\u00eb rastin e sulmit ndaj zyrave t\u00eb Komisionit Komunal Zgjedhor n\u00eb Mitrovic\u00ebn e Veriut n\u00eb dhjetor t\u00eb vitit 2022. P\u00ebr k\u00ebt\u00eb rast jan\u00eb t\u00eb akuzuar Millun Millenkoviq \u2013 Llune, Dejan Pantiq, Aleksandar Vllajiq dhe Miomir Vakiq.<\/span><\/p>\n<div class=\"col-md-10 col-sm-10 article-text\">\n<p><span style=\"color: #000000;\">Prokuroria e Kosov\u00ebs kishte ngritur aktakuz\u00eb n\u00eb dhjetor t\u00eb vitit 2023 p\u00ebr vepr\u00ebn penale \u201cakt terrorist\u201d. Ata akuzohen se kan\u00eb sulmuar zyrat e KQZ-s\u00eb me bomba dore dhe mjete shp\u00ebrthyese, me q\u00ebllim \u2013 si\u00e7 thuhet n\u00eb aktakuz\u00eb \u2013 \u201cdestabilizimin ose shkat\u00ebrrimin e strukturave politike dhe kushtetuese t\u00eb Republik\u00ebs s\u00eb Kosov\u00ebs\u201d. Sipas prokuroris\u00eb, nga ky sulm jan\u00eb rrezikuar seriozisht jet\u00ebt e zyrtar\u00ebve t\u00eb KQZ-s\u00eb dhe pjes\u00ebtar\u00ebve t\u00eb Policis\u00eb s\u00eb Kosov\u00ebs.<\/span><\/p>\n<p><span style=\"color: #000000;\">N\u00eb seanc\u00ebn e par\u00eb, t\u00eb mbajtur n\u00eb fund t\u00eb janarit 2024, t\u00eb gjith\u00eb t\u00eb akuzuarit jan\u00eb deklaruar t\u00eb pafajsh\u00ebm.<\/span><\/p>\n<p><span style=\"color: #000000;\">Millenkoviq dhe Vllajiq ndodhen n\u00eb paraburgim, nd\u00ebrsa Vakiq dhe Pantiq po mbrohen n\u00eb liri.<\/span><\/p>\n<p><span style=\"color: #000000;\"><strong>Kush \u00ebsht\u00eb Millun Millenkoviq \u2013 Llune?<\/strong><\/span><\/p>\n<p><span style=\"color: #000000;\">Ai p\u00ebrmendet si organizatori kryesor i sulmit ndaj zyrave t\u00eb KQZ-s\u00eb. Pas arrestimit t\u00eb tij m\u00eb 13 qershor 2023 n\u00eb Mitrovic\u00ebn e Veriut, ministri i Brendsh\u00ebm i Kosov\u00ebs, Xhelal Sve\u00e7la, tha se Policia kishte arrestuar \u201cnj\u00ebrin nga udh\u00ebheq\u00ebsit e formacionit kriminal \u2018Mbrojtja Civile\u2019, i cili ka drejtuar grupe kriminale q\u00eb p\u00ebr vite me radh\u00eb kan\u00eb terrorizuar qytetar\u00ebt tan\u00eb, kan\u00eb sulmuar Policin\u00eb e Kosov\u00ebs dhe institucionet e Republik\u00ebs s\u00eb Kosov\u00ebs\u201d.<\/span><\/p>\n<p><span style=\"color: #000000;\">Qeveria e Kosov\u00ebs i ka shpallur organizatat \u201cMbrojtja Civile\u201d dhe \u201cBrigada e Veriut\u201d si terroriste.<\/span><\/p>\n<p><span style=\"color: #000000;\">Sve\u00e7la, po ashtu, e ka lidhur Millenkoviqin me organizimin e sulmeve ndaj pjes\u00ebtar\u00ebve t\u00eb KFOR-it n\u00eb maj t\u00eb vitit 2023 n\u00eb Zve\u00e7an, kur tensionet shp\u00ebrthyen pas hyrjes s\u00eb kryetar\u00ebve shqiptar\u00eb n\u00eb nd\u00ebrtesat komunale. Nga p\u00ebrplasjet u plagos\u00ebn mbi 100 persona nga t\u00eb dyja pal\u00ebt.<\/span><\/p>\n<p><span style=\"color: #000000;\">N\u00eb an\u00ebn tjet\u00ebr, drejtori i Zyr\u00ebs p\u00ebr Kosov\u00ebn n\u00eb Qeverin\u00eb e Serbis\u00eb, Petar Petkoviq, e ka mohuar q\u00eb Millenkoviq t\u00eb jet\u00eb kriminel, duke e quajtur \u201cluft\u00ebtar t\u00eb shquar p\u00ebr interesat komb\u00ebtare serbe n\u00eb veri t\u00eb Kosov\u00ebs\u201d. Edhe presidenti i Serbis\u00eb, Aleksandar Vu\u00e7iq, kishte reaguar pas arrestimit, duke th\u00ebn\u00eb se ka biseduar me zyrtar\u00eb nd\u00ebrkomb\u00ebtar\u00eb p\u00ebr k\u00ebt\u00eb \u00e7\u00ebshtje.<\/span><\/p>\n<p><span style=\"color: #000000;\">Procesi gjyq\u00ebsor dhe d\u00ebshmit\u00eb e Prokuroris\u00eb<\/span><br \/>\n<span style=\"color: #000000;\">Deklaratat p\u00ebrfundimtare t\u00eb mbrojtjes u dhan\u00eb t\u00eb premten, ku u theksua se aktakuza pjes\u00ebrisht bazohet n\u00eb komunikime t\u00eb p\u00ebrgjuara p\u00ebrmes aplikacionit Viber. Avokat\u00ebt i mohuan akuzat ndaj klient\u00ebve t\u00eb tyre.<\/span><\/p>\n<p><span style=\"color: #000000;\">Portali \u201cBetimi p\u00ebr Drejt\u00ebsi\u201d, q\u00eb ndjek rregullisht proceset gjyq\u00ebsore n\u00eb Kosov\u00eb, raportoi se avokati Lubomir Pantoviq deklaroi se t\u00eb gjitha provat e p\u00ebrfshira n\u00eb aktakuz\u00eb mb\u00ebshteten n\u00eb raporte dhe dokumente policore, pa ndonj\u00eb p\u00ebrshkrim konkret t\u00eb veprimeve t\u00eb pretenduara t\u00eb t\u00eb akuzuarve.<\/span><\/p>\n<p><span style=\"color: #000000;\">Kush jan\u00eb t\u00eb akuzuarit p\u00ebr terroriz\u00ebm?<\/span><br \/>\n<span style=\"color: #000000;\">M\u00eb 6 dhjetor 2022, n\u00eb zyrat e Komisionit Komunal Zgjedhor n\u00eb Mitrovic\u00ebn e Veriut u hodh\u00ebn dy mjete shp\u00ebrthyese, nga t\u00eb cilat nj\u00ebra eksplodoi.<\/span><\/p>\n<p><span style=\"color: #000000;\">P\u00ebr k\u00ebt\u00eb rast, m\u00eb 9 dhjetor n\u00eb pik\u00ebn kufitare t\u00eb Jarinj\u00ebs u arrestua Dejan Pantiq, ish-pjes\u00ebtar i Policis\u00eb s\u00eb Kosov\u00ebs, veprim q\u00eb nxiti kriz\u00eb n\u00eb veri dhe vendosjen e barrikadave nga serb\u00ebt lokal\u00eb. Barrikadat u hoq\u00ebn m\u00eb 29 dhjetor, pasi nj\u00eb vendim gjyq\u00ebsor e lejoi Pantiqin t\u00eb mbahej n\u00eb arrest sht\u00ebpiak.<\/span><\/p>\n<p><span style=\"color: #000000;\">M\u00eb 13 qershor 2023, n\u00eb Mitrovic\u00ebn e Veriut u arrestua Millun Millenkoviq \u2013 Llune. Arrestimi i tij u pasua nga ndezja e sirenave t\u00eb alarmit n\u00eb qytet, \u00e7ka solli grumbullime t\u00eb qytetar\u00ebve. Gjat\u00eb periudhave t\u00eb tensionuara n\u00eb veri, k\u00ebto sirena jan\u00eb p\u00ebrdorur p\u00ebr t\u00eb mobilizuar popullat\u00ebn \u2013 dyqanet, barnatoret dhe hap\u00ebsirat komerciale mbylleshin, nd\u00ebrsa grupe t\u00eb organizuara dilnin n\u00eb rrug\u00eb ose vendosnin barrikada.<\/span><\/p>\n<p><span style=\"color: #000000;\">Nuk dihej kush i menaxhonte k\u00ebto sirena, por n\u00eb dhjetor 2023, Policia e Kosov\u00ebs njoftoi se kishte konfiskuar n\u00eb Mitrovic\u00ebn e Veriut nj\u00eb siren\u00eb alarmi me gjasht\u00eb altoparlant\u00eb.<\/span><\/p>\n<p><span style=\"color: #000000;\">Aleksandar Vllajiq u arrestua n\u00ebn dyshimin se kishte mbledhur dhe transmetuar informacione konfidenciale p\u00ebr Agjencin\u00eb e Siguris\u00eb dhe Informacionit t\u00eb Serbis\u00eb (BIA). Ai u akuzua m\u00eb pas n\u00eb nj\u00eb rast t\u00eb ve\u00e7ant\u00eb p\u00ebr spiunazh dhe n\u00eb fillim t\u00eb qershorit u d\u00ebnua me pes\u00eb vjet burg. Vllajiq e pranoi faj\u00ebsin\u00eb p\u00ebr rastin e spiunazhit, por e mohon p\u00ebrfshirjen n\u00eb sulmin ndaj KQZ-s\u00eb.<\/span><\/p>\n<p><span style=\"color: #000000;\">Gjat\u00eb gjykimit, prokuroria paraqiti prova se edhe Miomir Vakiq ka qen\u00eb i p\u00ebrfshir\u00eb n\u00eb sulm. Jan\u00eb prezantuar mesazhe q\u00eb ai ka shk\u00ebmbyer me t\u00eb akuzuarin Dejan Pantiq, n\u00eb t\u00eb cilat Pantiq shkruan: \u201cK\u00ebtu po bien dardhat\u201d, nd\u00ebrsa Vakiq i p\u00ebrgjigjet: \u201chidhuni ndonj\u00eb moll\u00eb\u201d.<\/span><\/p>\n<p><span style=\"color: #000000;\">Sipas prokuroris\u00eb, kjo gjuh\u00eb e koduar n\u00ebnkuptonte vendndodhjen e policis\u00eb dhe p\u00ebrdorimin e bombave.<a href=\"https:\/\/www.evropaelire.org\/a\/aktgjykimi-kqz-veri-sulmi\/33485186.html\"><span style=\"color: #0000ff;\"><strong>\/REL<\/strong><\/span><\/a><\/span><\/p>\n<\/div>\n","protected":false,"gt_translate_keys":[{"key":"rendered","format":"html"}]},"excerpt":{"rendered":"<p>M\u00eb 28 korrik, para Gjykat\u00ebs Themelore n\u00eb Prishtin\u00eb, pritet t\u00eb shpallet aktgjykimi n\u00eb rastin e sulmit ndaj zyrave t\u00eb Komisionit Komunal Zgjedhor n\u00eb Mitrovic\u00ebn e Veriut n\u00eb dhjetor t\u00eb vitit 2022. P\u00ebr k\u00ebt\u00eb rast jan\u00eb t\u00eb akuzuar Millun Millenkoviq \u2013 Llune, Dejan Pantiq, Aleksandar Vllajiq dhe Miomir Vakiq. Prokuroria e Kosov\u00ebs kishte ngritur aktakuz\u00eb n\u00eb [&hellip;]<\/p>\n","protected":false,"gt_translate_keys":[{"key":"rendered","format":"html"}]},"author":49,"featured_media":753199,"comment_status":"closed","ping_status":"open","sticky":false,"template":"","format":"standard","meta":{"footnotes":""},"categories":[149,65],"tags":[],"class_list":["post-753198","post","type-post","status-publish","format-standard","has-post-thumbnail","hentry","category-kosoverajon","category-lajme"],"gt_translate_keys":[{"key":"link","format":"url"}],"_links":{"self":[{"href":"https:\/\/www.hashtag.al\/index.php\/wp-json\/wp\/v2\/posts\/753198","targetHints":{"allow":["GET"]}}],"collection":[{"href":"https:\/\/www.hashtag.al\/index.php\/wp-json\/wp\/v2\/posts"}],"about":[{"href":"https:\/\/www.hashtag.al\/index.php\/wp-json\/wp\/v2\/types\/post"}],"author":[{"embeddable":true,"href":"https:\/\/www.hashtag.al\/index.php\/wp-json\/wp\/v2\/users\/49"}],"replies":[{"embeddable":true,"href":"https:\/\/www.hashtag.al\/index.php\/wp-json\/wp\/v2\/comments?post=753198"}],"version-history":[{"count":99999,"href":"https:\/\/www.hashtag.al\/index.php\/wp-json\/wp\/v2\/posts\/753198\/revisions"}],"predecessor-version":[{"id":753201,"href":"https:\/\/www.hashtag.al\/index.php\/wp-json\/wp\/v2\/posts\/753198\/revisions\/753201"}],"wp:featuredmedia":[{"embeddable":true,"href":"https:\/\/www.hashtag.al\/index.php\/wp-json\/wp\/v2\/media\/753199"}],"wp:attachment":[{"href":"https:\/\/www.hashtag.al\/index.php\/wp-json\/wp\/v2\/media?parent=753198"}],"wp:term":[{"taxonomy":"category","embeddable":true,"href":"https:\/\/www.hashtag.al\/index.php\/wp-json\/wp\/v2\/categories?post=753198"},{"taxonomy":"post_tag","embeddable":true,"href":"https:\/\/www.hashtag.al\/index.php\/wp-json\/wp\/v2\/tags?post=753198"}],"curies":[{"name":"wp","href":"https:\/\/api.w.org\/{rel}","templated":true}]}}