{"id":753001,"date":"2025-07-26T20:17:31","date_gmt":"2025-07-26T18:17:31","guid":{"rendered":"https:\/\/www.hashtag.al\/?p=753001"},"modified":"2025-07-26T20:17:31","modified_gmt":"2025-07-26T18:17:31","slug":"raund-i-ri-bisedimesh-izrael-siri-pritet-se-shpejti","status":"publish","type":"post","link":"https:\/\/www.hashtag.al\/index.php\/2025\/07\/26\/raund-i-ri-bisedimesh-izrael-siri-pritet-se-shpejti\/","title":{"rendered":"Raund i ri bisedimesh Izrael-Siri pritet s\u00eb shpejti","gt_translate_keys":[{"key":"rendered","format":"text"}]},"content":{"rendered":"<p data-start=\"50\" data-end=\"142\"><span style=\"color: #000000;\"><img loading=\"lazy\" decoding=\"async\" class=\"size-medium wp-image-753002 aligncenter\" src=\"https:\/\/www.hashtag.al\/wp-content\/uploads\/2025\/07\/IMG_4239-300x169.jpeg\" alt=\"\" width=\"300\" height=\"169\" srcset=\"https:\/\/www.hashtag.al\/wp-content\/uploads\/2025\/07\/IMG_4239-300x169.jpeg 300w, https:\/\/www.hashtag.al\/wp-content\/uploads\/2025\/07\/IMG_4239-768x433.jpeg 768w, https:\/\/www.hashtag.al\/wp-content\/uploads\/2025\/07\/IMG_4239.jpeg 828w\" sizes=\"auto, (max-width: 300px) 100vw, 300px\" \/><br \/>\nNj\u00eb takim mes delegacioneve izraelite dhe siriane \u00ebsht\u00eb zhvilluar k\u00ebt\u00eb jav\u00eb n\u00eb Paris, me nd\u00ebrmjet\u00ebsimin e Shteteve t\u00eb Bashkuara, n\u00eb p\u00ebrpjekje p\u00ebr t\u00eb arritur nj\u00eb marr\u00ebveshje sigurie mes pal\u00ebve. Megjith\u00ebse bisedimet jan\u00eb p\u00ebrshkruar nga burime diplomatike si \u201ct\u00eb ndershme dhe t\u00eb p\u00ebrgjegjshme\u201d, ato p\u00ebrfunduan pa arritur nj\u00eb marr\u00ebveshje konkrete, p\u00ebrcjell <span style=\"color: #0000ff;\"><a style=\"color: #0000ff;\" href=\"https:\/\/www.ynetnews.com\/article\/rjxwutfpxg\">YNetNews<\/a><\/span>.<\/span><\/p>\n<p data-start=\"488\" data-end=\"860\"><span style=\"color: #000000;\">N\u00eb diskutime mor\u00ebn pjes\u00eb Ministri izraelit i \u00c7\u00ebshtjeve Strategjike, Ron Dermer, K\u00ebshilltari i Siguris\u00eb Komb\u00ebtare, Tzachi Hanegbi, dhe Ministri i Jasht\u00ebm sirian, Asaad al-Shaibani. Nd\u00ebrmjet\u00ebs ishte Ambasadori amerikan dhe i D\u00ebrguari i Posa\u00e7\u00ebm p\u00ebr Sirin\u00eb, Tom Barrack, i cili deklaroi se takimi kontribuoi n\u00eb hapjen e nj\u00eb dialogu t\u00eb drejtp\u00ebrdrejt\u00eb dhe n\u00eb uljen e tensioneve.<\/span><\/p>\n<p data-start=\"862\" data-end=\"896\"><span style=\"color: #000000;\">Bisedimet u fokusuan kryesisht n\u00eb:<\/span><\/p>\n<ul data-start=\"897\" data-end=\"1159\">\n<li data-start=\"897\" data-end=\"959\">\n<p data-start=\"899\" data-end=\"959\"><span style=\"color: #000000;\">Sigurimin e stabilitetit p\u00ebrgjat\u00eb kufirit izraelito-sirian<\/span><\/p>\n<\/li>\n<li data-start=\"960\" data-end=\"1046\">\n<p data-start=\"962\" data-end=\"1046\"><span style=\"color: #000000;\">T\u00eb ardhmen e provinc\u00ebs s\u00eb Sweid\u00ebs, e banuar kryesisht nga komuniteti druze<\/span><\/p>\n<\/li>\n<li data-start=\"1047\" data-end=\"1159\">\n<p data-start=\"1049\" data-end=\"1159\"><span style=\"color: #000000;\">Mund\u00ebsin\u00eb p\u00ebr t\u00eb ringjallur marr\u00ebveshjen e vitit 1974 p\u00ebr \u00e7militarizimin e zon\u00ebs s\u00eb ndarjes mes dy vendeve<\/span><\/p>\n<\/li>\n<\/ul>\n<p data-start=\"1161\" data-end=\"1424\"><span style=\"color: #000000;\">Takimi vjen n\u00eb nj\u00eb koh\u00eb kur dhuna \u00ebsht\u00eb rritur n\u00eb jug t\u00eb Siris\u00eb, ve\u00e7an\u00ebrisht n\u00eb zonat pran\u00eb kufirit me Izraelin. Nj\u00eb raund i ri bisedimesh pritet t\u00eb zhvillohet s\u00eb shpejti, nd\u00ebrsa Uashingtoni synon t\u00eb ruaj\u00eb rolin e tij si nd\u00ebrmjet\u00ebs n\u00eb uljen e tensioneve n\u00eb rajon.<\/span><\/p>\n","protected":false,"gt_translate_keys":[{"key":"rendered","format":"html"}]},"excerpt":{"rendered":"<p>Nj\u00eb takim mes delegacioneve izraelite dhe siriane \u00ebsht\u00eb zhvilluar k\u00ebt\u00eb jav\u00eb n\u00eb Paris, me nd\u00ebrmjet\u00ebsimin e Shteteve t\u00eb Bashkuara, n\u00eb p\u00ebrpjekje p\u00ebr t\u00eb arritur nj\u00eb marr\u00ebveshje sigurie mes pal\u00ebve. Megjith\u00ebse bisedimet jan\u00eb p\u00ebrshkruar nga burime diplomatike si \u201ct\u00eb ndershme dhe t\u00eb p\u00ebrgjegjshme\u201d, ato p\u00ebrfunduan pa arritur nj\u00eb marr\u00ebveshje konkrete, p\u00ebrcjell YNetNews. N\u00eb diskutime mor\u00ebn pjes\u00eb [&hellip;]<\/p>\n","protected":false,"gt_translate_keys":[{"key":"rendered","format":"html"}]},"author":32,"featured_media":753002,"comment_status":"closed","ping_status":"open","sticky":false,"template":"","format":"standard","meta":{"footnotes":""},"categories":[6],"tags":[],"class_list":["post-753001","post","type-post","status-publish","format-standard","has-post-thumbnail","hentry","category-nderkombetare"],"gt_translate_keys":[{"key":"link","format":"url"}],"_links":{"self":[{"href":"https:\/\/www.hashtag.al\/index.php\/wp-json\/wp\/v2\/posts\/753001","targetHints":{"allow":["GET"]}}],"collection":[{"href":"https:\/\/www.hashtag.al\/index.php\/wp-json\/wp\/v2\/posts"}],"about":[{"href":"https:\/\/www.hashtag.al\/index.php\/wp-json\/wp\/v2\/types\/post"}],"author":[{"embeddable":true,"href":"https:\/\/www.hashtag.al\/index.php\/wp-json\/wp\/v2\/users\/32"}],"replies":[{"embeddable":true,"href":"https:\/\/www.hashtag.al\/index.php\/wp-json\/wp\/v2\/comments?post=753001"}],"version-history":[{"count":99999,"href":"https:\/\/www.hashtag.al\/index.php\/wp-json\/wp\/v2\/posts\/753001\/revisions"}],"predecessor-version":[{"id":753003,"href":"https:\/\/www.hashtag.al\/index.php\/wp-json\/wp\/v2\/posts\/753001\/revisions\/753003"}],"wp:featuredmedia":[{"embeddable":true,"href":"https:\/\/www.hashtag.al\/index.php\/wp-json\/wp\/v2\/media\/753002"}],"wp:attachment":[{"href":"https:\/\/www.hashtag.al\/index.php\/wp-json\/wp\/v2\/media?parent=753001"}],"wp:term":[{"taxonomy":"category","embeddable":true,"href":"https:\/\/www.hashtag.al\/index.php\/wp-json\/wp\/v2\/categories?post=753001"},{"taxonomy":"post_tag","embeddable":true,"href":"https:\/\/www.hashtag.al\/index.php\/wp-json\/wp\/v2\/tags?post=753001"}],"curies":[{"name":"wp","href":"https:\/\/api.w.org\/{rel}","templated":true}]}}