{"id":752806,"date":"2025-07-25T12:26:30","date_gmt":"2025-07-25T10:26:30","guid":{"rendered":"https:\/\/www.hashtag.al\/?p=752806"},"modified":"2025-07-25T12:26:30","modified_gmt":"2025-07-25T10:26:30","slug":"rama-ndan-citim-te-hashim-thacit-nga-haga-shume-e-vertete-komandant","status":"publish","type":"post","link":"https:\/\/www.hashtag.al\/index.php\/2025\/07\/25\/rama-ndan-citim-te-hashim-thacit-nga-haga-shume-e-vertete-komandant\/","title":{"rendered":"Rama ndan citim t\u00eb Hashim Tha\u00e7it nga Haga: Shum\u00eb e v\u00ebrtet\u00eb komandant","gt_translate_keys":[{"key":"rendered","format":"text"}]},"content":{"rendered":"<p data-start=\"48\" data-end=\"122\"><span style=\"color: #000000;\"><img loading=\"lazy\" decoding=\"async\" class=\"size-medium wp-image-320832 aligncenter\" src=\"https:\/\/www.hashtag.al\/wp-content\/uploads\/2019\/09\/edi-rama-hashim-thaci-300x208.jpg\" alt=\"\" width=\"300\" height=\"208\" srcset=\"https:\/\/www.hashtag.al\/wp-content\/uploads\/2019\/09\/edi-rama-hashim-thaci-300x208.jpg 300w, https:\/\/www.hashtag.al\/wp-content\/uploads\/2019\/09\/edi-rama-hashim-thaci-768x533.jpg 768w, https:\/\/www.hashtag.al\/wp-content\/uploads\/2019\/09\/edi-rama-hashim-thaci-1024x711.jpg 1024w, https:\/\/www.hashtag.al\/wp-content\/uploads\/2019\/09\/edi-rama-hashim-thaci.jpg 1042w\" sizes=\"auto, (max-width: 300px) 100vw, 300px\" \/><br \/>\nKryeministri Edi Rama ka reaguar s\u00ebrish n\u00eb mb\u00ebshtetje t\u00eb ish-Presidentit t\u00eb Kosov\u00ebs, Hashim Tha\u00e7i, i cili po mbahet n\u00eb paraburgim n\u00eb Hag\u00eb ku po p\u00ebrballet me drejt\u00ebsin\u00eb nd\u00ebrkomb\u00ebtare.<\/span><\/p>\n<p data-start=\"309\" data-end=\"494\"><span style=\"color: #000000;\">N\u00eb nj\u00eb postim n\u00eb Facebook, Rama ndau nj\u00eb citim nga nj\u00eb intervist\u00eb e fundit e Tha\u00e7it, ku ky i fundit shprehet: \u201cUn\u00eb jam i privuar p\u00ebrkoh\u00ebsisht, por populli im \u00ebsht\u00eb i lir\u00eb p\u00ebrjet\u00ebsisht\u201d.<\/span><\/p>\n<p data-start=\"496\" data-end=\"633\"><span style=\"color: #000000;\">\u201cShum\u00eb e v\u00ebrtet\u00eb komandant\u201d, komentoi Rama krahas citimit, duke rikonfirmuar q\u00ebndrimin e tij pro Tha\u00e7it dhe procesit \u00e7lirimtar t\u00eb U\u00c7K-s\u00eb.<\/span><\/p>\n<p data-start=\"635\" data-end=\"851\"><span style=\"color: #000000;\">N\u00eb t\u00eb nj\u00ebjtin postim, kryeministri shtoi edhe nj\u00eb kritik\u00eb t\u00eb drejtp\u00ebrdrejt\u00eb ndaj sistemit aktual t\u00eb drejt\u00ebsis\u00eb nd\u00ebrkomb\u00ebtare:<\/span><br data-start=\"760\" data-end=\"763\" \/><span style=\"color: #000000;\">\u201c\u00c7ka s\u2019\u00ebsht\u00eb as e lir\u00eb dhe as me er\u00eb t\u00eb mir\u00eb \u00ebsht\u00eb drejt\u00ebsia nd\u00ebrkomb\u00ebtare\u201d, shkroi ai.<\/span><\/p>\n<p data-start=\"853\" data-end=\"1017\" data-is-last-node=\"\" data-is-only-node=\"\"><span style=\"color: #000000;\">Hashim Tha\u00e7i ndodhet n\u00eb paraburgim n\u00eb Hag\u00eb prej n\u00ebntorit 2020, ku s\u00eb bashku me ish-krer\u00eb t\u00eb tjer\u00eb t\u00eb U\u00c7K-s\u00eb po gjykohet p\u00ebr krime lufte dhe krime kund\u00ebr njer\u00ebzimit.<\/span><\/p>\n","protected":false,"gt_translate_keys":[{"key":"rendered","format":"html"}]},"excerpt":{"rendered":"<p>Kryeministri Edi Rama ka reaguar s\u00ebrish n\u00eb mb\u00ebshtetje t\u00eb ish-Presidentit t\u00eb Kosov\u00ebs, Hashim Tha\u00e7i, i cili po mbahet n\u00eb paraburgim n\u00eb Hag\u00eb ku po p\u00ebrballet me drejt\u00ebsin\u00eb nd\u00ebrkomb\u00ebtare. N\u00eb nj\u00eb postim n\u00eb Facebook, Rama ndau nj\u00eb citim nga nj\u00eb intervist\u00eb e fundit e Tha\u00e7it, ku ky i fundit shprehet: \u201cUn\u00eb jam i privuar p\u00ebrkoh\u00ebsisht, por [&hellip;]<\/p>\n","protected":false,"gt_translate_keys":[{"key":"rendered","format":"html"}]},"author":32,"featured_media":320832,"comment_status":"closed","ping_status":"open","sticky":false,"template":"","format":"standard","meta":{"footnotes":""},"categories":[65],"tags":[],"class_list":["post-752806","post","type-post","status-publish","format-standard","has-post-thumbnail","hentry","category-lajme"],"gt_translate_keys":[{"key":"link","format":"url"}],"_links":{"self":[{"href":"https:\/\/www.hashtag.al\/index.php\/wp-json\/wp\/v2\/posts\/752806","targetHints":{"allow":["GET"]}}],"collection":[{"href":"https:\/\/www.hashtag.al\/index.php\/wp-json\/wp\/v2\/posts"}],"about":[{"href":"https:\/\/www.hashtag.al\/index.php\/wp-json\/wp\/v2\/types\/post"}],"author":[{"embeddable":true,"href":"https:\/\/www.hashtag.al\/index.php\/wp-json\/wp\/v2\/users\/32"}],"replies":[{"embeddable":true,"href":"https:\/\/www.hashtag.al\/index.php\/wp-json\/wp\/v2\/comments?post=752806"}],"version-history":[{"count":99999,"href":"https:\/\/www.hashtag.al\/index.php\/wp-json\/wp\/v2\/posts\/752806\/revisions"}],"predecessor-version":[{"id":752807,"href":"https:\/\/www.hashtag.al\/index.php\/wp-json\/wp\/v2\/posts\/752806\/revisions\/752807"}],"wp:featuredmedia":[{"embeddable":true,"href":"https:\/\/www.hashtag.al\/index.php\/wp-json\/wp\/v2\/media\/320832"}],"wp:attachment":[{"href":"https:\/\/www.hashtag.al\/index.php\/wp-json\/wp\/v2\/media?parent=752806"}],"wp:term":[{"taxonomy":"category","embeddable":true,"href":"https:\/\/www.hashtag.al\/index.php\/wp-json\/wp\/v2\/categories?post=752806"},{"taxonomy":"post_tag","embeddable":true,"href":"https:\/\/www.hashtag.al\/index.php\/wp-json\/wp\/v2\/tags?post=752806"}],"curies":[{"name":"wp","href":"https:\/\/api.w.org\/{rel}","templated":true}]}}