{"id":752771,"date":"2025-07-24T22:44:07","date_gmt":"2025-07-24T20:44:07","guid":{"rendered":"https:\/\/www.hashtag.al\/?p=752771"},"modified":"2025-07-24T22:44:47","modified_gmt":"2025-07-24T20:44:47","slug":"752771","status":"publish","type":"post","link":"https:\/\/www.hashtag.al\/index.php\/2025\/07\/24\/752771\/","title":{"rendered":"Netanyahu takon liderin shpirt\u00ebror t\u00eb komunitetit druzi mes tensioneve n\u00eb jug t\u00eb Siris\u00eb","gt_translate_keys":[{"key":"rendered","format":"text"}]},"content":{"rendered":"<p data-start=\"96\" data-end=\"187\"><span style=\"color: #000000;\"><img loading=\"lazy\" decoding=\"async\" class=\"size-medium wp-image-724249 aligncenter\" src=\"https:\/\/www.hashtag.al\/wp-content\/uploads\/2025\/02\/netanyahu-1-300x172.png\" alt=\"\" width=\"300\" height=\"172\" srcset=\"https:\/\/www.hashtag.al\/wp-content\/uploads\/2025\/02\/netanyahu-1-300x172.png 300w, https:\/\/www.hashtag.al\/wp-content\/uploads\/2025\/02\/netanyahu-1-1024x587.png 1024w, https:\/\/www.hashtag.al\/wp-content\/uploads\/2025\/02\/netanyahu-1-768x440.png 768w, https:\/\/www.hashtag.al\/wp-content\/uploads\/2025\/02\/netanyahu-1.png 1159w\" sizes=\"auto, (max-width: 300px) 100vw, 300px\" \/><br \/>\nKryeministri i Izraelit, Benjamin Netanyahu, u takua t\u00eb enjten n\u00eb Zyr\u00ebn e Kryeministrit n\u00eb Jeruzalem me liderin shpirt\u00ebror t\u00eb komunitetit druzi, sheikun Muwafaq Tarif.<\/span><\/p>\n<p data-start=\"358\" data-end=\"670\"><span style=\"color: #000000;\">Takimi vjen n\u00eb nj\u00eb koh\u00eb tensioni t\u00eb lart\u00eb n\u00eb jug t\u00eb Siris\u00eb, nd\u00ebrsa Ministri i \u00c7\u00ebshtjeve Strategjike, Ron Dermer, pritet t\u00eb takohet n\u00eb Paris me t\u00eb d\u00ebrguarin special t\u00eb SHBA-s\u00eb p\u00ebr Sirin\u00eb, Tom Barrack, dhe ministrin e Jasht\u00ebm sirian, Asaad al-Shaibani, p\u00ebr t\u00eb diskutuar \u00e7\u00ebshtje t\u00eb siguris\u00eb q\u00eb lidhen me k\u00ebt\u00eb rajon.<\/span><\/p>\n<p data-start=\"698\" data-end=\"1103\"><span style=\"color: #000000;\">Jav\u00ebn e kaluar, n\u00eb qytetin Suweida t\u00eb Siris\u00eb jugore shp\u00ebrtheu nj\u00eb konflikt i armatosur mes komunitetit druzi dhe fiseve lokale beduine. Si pjes\u00eb e p\u00ebrpjekjeve p\u00ebr t\u00eb mbrojtur pakic\u00ebn druzi dhe p\u00ebr t\u00eb parandaluar futjen e forcave t\u00eb regjimit sirian n\u00eb zon\u00ebn neutrale pran\u00eb kufirit me Izraelin, forcat izraelite nd\u00ebrmor\u00ebn sulme ajrore n\u00eb Damask dhe kund\u00ebr forcave qeveritare q\u00eb po bashk\u00ebpunonin me beduin\u00ebt.<\/span><\/p>\n<p data-start=\"1143\" data-end=\"1517\"><span style=\"color: #000000;\">Nd\u00ebrkoh\u00eb, dhjet\u00ebra qytetar\u00eb izraelit\u00eb me origjin\u00eb druzi arrit\u00ebn t\u00eb kalojn\u00eb kufirin nga fshati druzi Majdal Shams n\u00eb veri t\u00eb Izraelit n\u00eb territorin sirian. Sipas burimeve t\u00eb <a href=\"https:\/\/www.jpost.com\/middle-east\/article-862163\"><span style=\"color: #0000ff;\">The Jerusalem Post<\/span><\/a>, kjo situat\u00eb ka shtuar ndjesh\u00ebm ndjeshm\u00ebrin\u00eb e komunitetit druzi dhe ka shtyr\u00eb drejtuesit politik\u00eb dhe shpirt\u00ebror\u00eb t\u00eb koordinohen p\u00ebr t\u00eb siguruar mbrojtjen dhe stabilitetin e tyre.<\/span><\/p>\n","protected":false,"gt_translate_keys":[{"key":"rendered","format":"html"}]},"excerpt":{"rendered":"<p>Kryeministri i Izraelit, Benjamin Netanyahu, u takua t\u00eb enjten n\u00eb Zyr\u00ebn e Kryeministrit n\u00eb Jeruzalem me liderin shpirt\u00ebror t\u00eb komunitetit druzi, sheikun Muwafaq Tarif. Takimi vjen n\u00eb nj\u00eb koh\u00eb tensioni t\u00eb lart\u00eb n\u00eb jug t\u00eb Siris\u00eb, nd\u00ebrsa Ministri i \u00c7\u00ebshtjeve Strategjike, Ron Dermer, pritet t\u00eb takohet n\u00eb Paris me t\u00eb d\u00ebrguarin special t\u00eb SHBA-s\u00eb p\u00ebr [&hellip;]<\/p>\n","protected":false,"gt_translate_keys":[{"key":"rendered","format":"html"}]},"author":32,"featured_media":724249,"comment_status":"closed","ping_status":"open","sticky":false,"template":"","format":"standard","meta":{"footnotes":""},"categories":[6],"tags":[],"class_list":["post-752771","post","type-post","status-publish","format-standard","has-post-thumbnail","hentry","category-nderkombetare"],"gt_translate_keys":[{"key":"link","format":"url"}],"_links":{"self":[{"href":"https:\/\/www.hashtag.al\/index.php\/wp-json\/wp\/v2\/posts\/752771","targetHints":{"allow":["GET"]}}],"collection":[{"href":"https:\/\/www.hashtag.al\/index.php\/wp-json\/wp\/v2\/posts"}],"about":[{"href":"https:\/\/www.hashtag.al\/index.php\/wp-json\/wp\/v2\/types\/post"}],"author":[{"embeddable":true,"href":"https:\/\/www.hashtag.al\/index.php\/wp-json\/wp\/v2\/users\/32"}],"replies":[{"embeddable":true,"href":"https:\/\/www.hashtag.al\/index.php\/wp-json\/wp\/v2\/comments?post=752771"}],"version-history":[{"count":99999,"href":"https:\/\/www.hashtag.al\/index.php\/wp-json\/wp\/v2\/posts\/752771\/revisions"}],"predecessor-version":[{"id":752773,"href":"https:\/\/www.hashtag.al\/index.php\/wp-json\/wp\/v2\/posts\/752771\/revisions\/752773"}],"wp:featuredmedia":[{"embeddable":true,"href":"https:\/\/www.hashtag.al\/index.php\/wp-json\/wp\/v2\/media\/724249"}],"wp:attachment":[{"href":"https:\/\/www.hashtag.al\/index.php\/wp-json\/wp\/v2\/media?parent=752771"}],"wp:term":[{"taxonomy":"category","embeddable":true,"href":"https:\/\/www.hashtag.al\/index.php\/wp-json\/wp\/v2\/categories?post=752771"},{"taxonomy":"post_tag","embeddable":true,"href":"https:\/\/www.hashtag.al\/index.php\/wp-json\/wp\/v2\/tags?post=752771"}],"curies":[{"name":"wp","href":"https:\/\/api.w.org\/{rel}","templated":true}]}}