{"id":752767,"date":"2025-07-24T22:02:40","date_gmt":"2025-07-24T20:02:40","guid":{"rendered":"https:\/\/www.hashtag.al\/?p=752767"},"modified":"2025-07-24T22:02:40","modified_gmt":"2025-07-24T20:02:40","slug":"macron-franca-do-ta-njohe-shtetin-e-palestines","status":"publish","type":"post","link":"https:\/\/www.hashtag.al\/index.php\/2025\/07\/24\/macron-franca-do-ta-njohe-shtetin-e-palestines\/","title":{"rendered":"Macron: Franca do ta njoh\u00eb shtetin e Palestin\u00ebs","gt_translate_keys":[{"key":"rendered","format":"text"}]},"content":{"rendered":"<p data-start=\"76\" data-end=\"360\"><span style=\"color: #000000;\"><img decoding=\"async\" src=\"https:\/\/www.hashtag.al\/wp-content\/uploads\/2024\/09\/macron.jpg\" \/><\/span><\/p>\n<p data-start=\"76\" data-end=\"360\"><span style=\"color: #000000;\">Presidenti francez Emmanuel Macron ka njoftuar se Franca do t\u00eb njoh\u00eb zyrtarisht shtetin e Palestin\u00ebs. N\u00eb nj\u00eb postim n\u00eb platform\u00ebn X, ai shkruan: \u201cNga nj\u00eb angazhim historik p\u00ebr paqe t\u00eb drejt\u00eb dhe t\u00eb q\u00ebndrueshme n\u00eb Lindjen e Mesme, kam vendosur q\u00eb Franca t\u00eb njoh\u00eb shtetin e Palestin\u00ebs.\u201d<\/span><\/p>\n<p data-start=\"362\" data-end=\"491\"><span style=\"color: #000000;\">Macron shtoi se do t\u00eb b\u00ebj\u00eb nj\u00eb deklarat\u00eb solemne gjat\u00eb Asambles\u00eb s\u00eb P\u00ebrgjithshme t\u00eb Kombeve t\u00eb Bashkuara n\u00eb Nju Jork, n\u00eb shtator, p\u00ebrcjell <span style=\"color: #0000ff;\"><a style=\"color: #0000ff;\" href=\"https:\/\/www.ynetnews.com\/article\/nxn382sao?utm_source=ynetnews.com&amp;utm_medium=Share&amp;utm_campaign=whatsapputm_term=nxn382sao&amp;utm_content=Flash\">YNetNews<\/a><\/span>.<\/span><\/p>\n<p data-start=\"493\" data-end=\"756\" data-is-last-node=\"\" data-is-only-node=\"\"><span style=\"color: #000000;\">Presidenti francez theksoi se prioriteti \u00ebsht\u00eb t\u2019i jepet fund luft\u00ebs n\u00eb Gaza dhe t\u00eb sigurohet ndihm\u00eb p\u00ebr popullsin\u00eb civile. Ai gjithashtu b\u00ebri thirrje p\u00ebr lirimin e pengjeve, \u00e7armatosjen e Hamasit dhe rind\u00ebrtimin e Gaz\u00ebs. \u201cPaqja \u00ebsht\u00eb e mundur,\u201d p\u00ebrfundoi Macron.<\/span><\/p>\n","protected":false,"gt_translate_keys":[{"key":"rendered","format":"html"}]},"excerpt":{"rendered":"<p>Presidenti francez Emmanuel Macron ka njoftuar se Franca do t\u00eb njoh\u00eb zyrtarisht shtetin e Palestin\u00ebs. N\u00eb nj\u00eb postim n\u00eb platform\u00ebn X, ai shkruan: \u201cNga nj\u00eb angazhim historik p\u00ebr paqe t\u00eb drejt\u00eb dhe t\u00eb q\u00ebndrueshme n\u00eb Lindjen e Mesme, kam vendosur q\u00eb Franca t\u00eb njoh\u00eb shtetin e Palestin\u00ebs.\u201d Macron shtoi se do t\u00eb b\u00ebj\u00eb nj\u00eb deklarat\u00eb [&hellip;]<\/p>\n","protected":false,"gt_translate_keys":[{"key":"rendered","format":"html"}]},"author":32,"featured_media":700078,"comment_status":"closed","ping_status":"open","sticky":false,"template":"","format":"standard","meta":{"footnotes":""},"categories":[6],"tags":[],"class_list":["post-752767","post","type-post","status-publish","format-standard","has-post-thumbnail","hentry","category-nderkombetare"],"gt_translate_keys":[{"key":"link","format":"url"}],"_links":{"self":[{"href":"https:\/\/www.hashtag.al\/index.php\/wp-json\/wp\/v2\/posts\/752767","targetHints":{"allow":["GET"]}}],"collection":[{"href":"https:\/\/www.hashtag.al\/index.php\/wp-json\/wp\/v2\/posts"}],"about":[{"href":"https:\/\/www.hashtag.al\/index.php\/wp-json\/wp\/v2\/types\/post"}],"author":[{"embeddable":true,"href":"https:\/\/www.hashtag.al\/index.php\/wp-json\/wp\/v2\/users\/32"}],"replies":[{"embeddable":true,"href":"https:\/\/www.hashtag.al\/index.php\/wp-json\/wp\/v2\/comments?post=752767"}],"version-history":[{"count":99999,"href":"https:\/\/www.hashtag.al\/index.php\/wp-json\/wp\/v2\/posts\/752767\/revisions"}],"predecessor-version":[{"id":752768,"href":"https:\/\/www.hashtag.al\/index.php\/wp-json\/wp\/v2\/posts\/752767\/revisions\/752768"}],"wp:featuredmedia":[{"embeddable":true,"href":"https:\/\/www.hashtag.al\/index.php\/wp-json\/wp\/v2\/media\/700078"}],"wp:attachment":[{"href":"https:\/\/www.hashtag.al\/index.php\/wp-json\/wp\/v2\/media?parent=752767"}],"wp:term":[{"taxonomy":"category","embeddable":true,"href":"https:\/\/www.hashtag.al\/index.php\/wp-json\/wp\/v2\/categories?post=752767"},{"taxonomy":"post_tag","embeddable":true,"href":"https:\/\/www.hashtag.al\/index.php\/wp-json\/wp\/v2\/tags?post=752767"}],"curies":[{"name":"wp","href":"https:\/\/api.w.org\/{rel}","templated":true}]}}