{"id":752728,"date":"2025-07-24T18:07:36","date_gmt":"2025-07-24T16:07:36","guid":{"rendered":"https:\/\/www.hashtag.al\/?p=752728"},"modified":"2025-07-24T18:07:36","modified_gmt":"2025-07-24T16:07:36","slug":"fier-mbyti-te-atin-me-tel-dhe-e-kallezoi-ne-polici-si-ngjarje-aksidentale-arrestohet-26-vjecarja","status":"publish","type":"post","link":"https:\/\/www.hashtag.al\/index.php\/2025\/07\/24\/fier-mbyti-te-atin-me-tel-dhe-e-kallezoi-ne-polici-si-ngjarje-aksidentale-arrestohet-26-vjecarja\/","title":{"rendered":"Fier\/ Mbyti t\u00eb atin me tel dhe e kall\u00ebzoi n\u00eb polici si ngjarje aksidentale, arrestohet 26-vje\u00e7arja","gt_translate_keys":[{"key":"rendered","format":"text"}]},"content":{"rendered":"<p><span style=\"color: #000000;\"><img loading=\"lazy\" decoding=\"async\" class=\"alignnone size-medium wp-image-752729\" src=\"https:\/\/www.hashtag.al\/wp-content\/uploads\/2025\/07\/policia-Fier-768x576-1-300x225.jpg\" alt=\"\" width=\"300\" height=\"225\" srcset=\"https:\/\/www.hashtag.al\/wp-content\/uploads\/2025\/07\/policia-Fier-768x576-1-300x225.jpg 300w, https:\/\/www.hashtag.al\/wp-content\/uploads\/2025\/07\/policia-Fier-768x576-1.jpg 768w\" sizes=\"auto, (max-width: 300px) 100vw, 300px\" \/><\/span><\/p>\n<p><span style=\"color: #000000;\">Nj\u00eb ngjarje e r\u00ebnd\u00eb familjare \u00ebsht\u00eb zbardhur nga Policia e Fierit, pas nj\u00eb hetimi t\u00eb shpejt\u00eb dhe profesional q\u00eb \u00e7oi n\u00eb arrestimin e 26-vje\u00e7ares Emanilda Rama, e cila akuzohet p\u00ebr vrasjen e babait t\u00eb saj, Anesti Rama, 56 vje\u00e7.<\/span><\/p>\n<p><span style=\"color: #000000;\">Sipas autoriteteve, ngjarja ndodhi n\u00eb banes\u00ebn e familjes n\u00eb fshatin Frash\u00ebr, mbr\u00ebmjen e s\u00eb mart\u00ebs m\u00eb 23 korrik.<\/span><\/p>\n<p><span style=\"color: #000000;\">Fillimisht, vajza njoftoi policin\u00eb rreth or\u00ebs 23:00 duke deklaruar se i ati kishte humbur jet\u00ebn aksidentalisht. Por dyshimet e para t\u00eb ngritura nga hetuesit gjat\u00eb d\u00ebshmis\u00eb s\u00eb saj dhe analiz\u00ebs s\u00eb vendngjarjes \u00e7uan n\u00eb nisjen e hetimeve t\u00eb thelluara n\u00eb bashk\u00ebpunim me Prokurorin\u00eb e Fierit.<\/span><\/p>\n<p><span style=\"color: #000000;\">Sipas Policis\u00eb s\u00eb Shtetit, hetimet zbuluan se 26-vje\u00e7arja kishte vrar\u00eb t\u00eb atin p\u00ebr motive t\u00eb dob\u00ebta, duke e mbytur me nj\u00eb tel. Krimi dyshohet t\u00eb jet\u00eb kryer me paramendim, nd\u00ebrsa pas ngjarjes, e reja tentoi t\u00eb inskenonte gjith\u00e7ka si nj\u00eb aksident.<\/span><\/p>\n<p><span style=\"color: #000000;\">Policia njoftoi gjithashtu se \u00ebsht\u00eb shoq\u00ebruar n\u00ebna e vajz\u00ebs, e cila dyshohet se ka bashk\u00ebpunuar n\u00eb pastrimin e trupit t\u00eb viktim\u00ebs p\u00ebr t\u00eb mbuluar gjurm\u00ebt e vrasjes dhe p\u00ebr t\u00eb krijuar iden\u00eb e nj\u00eb vdekjeje aksidentale.<\/span><\/p>\n<p><span style=\"color: #000000;\">Operacioni u kodua me emrin \u201cInskenimi\u201d dhe u drejtua nga specialist\u00ebt e Seksionit p\u00ebr Hetimin e Krimeve t\u00eb R\u00ebnda t\u00eb Policis\u00eb s\u00eb Fierit. Autoritetet thon\u00eb se do t\u00eb vijojn\u00eb hetimet p\u00ebr zbardhjen e plot\u00eb t\u00eb motiveve dhe rrethanave t\u00eb krimit.<\/span><\/p>\n<p><span style=\"color: #000000;\">Ngjarja ka tronditur komunitetin lokal, nd\u00ebrsa pritet q\u00eb Prokuroria t\u00eb k\u00ebrkoj\u00eb mas\u00eb sigurie p\u00ebr t\u00eb arrestuarit n\u00eb dit\u00ebt n\u00eb vijim.<\/span><\/p>\n<p>&nbsp;<\/p>\n<p><span style=\"color: #000000;\">Njoftimi:<\/span><\/p>\n<p><span style=\"color: #000000;\">Si rezultat i hetimeve profesionale dhe t\u00eb shpejta, t\u00eb kryera nga specialist\u00ebt e Seksionit p\u00ebr Hetimin e Krimeve t\u00eb R\u00ebnda t\u00eb Drejtoris\u00eb Vendore t\u00eb Policis\u00eb Fier, n\u00eb bashk\u00ebpunim me Prokurorin\u00eb e Fierit, pas kall\u00ebzimit t\u00eb shtetases 26 vje\u00e7are, rreth or\u00ebs 23:00 t\u00eb dat\u00ebs 23.07.2025, se babai i saj, 56 vje\u00e7, kishte humbur jet\u00ebn aksidentalisht, n\u00eb banes\u00ebn e tyre, n\u00eb fshatin Frash\u00ebr, u finalizua operacioni \u201cInskenimi\u201d.<\/span><\/p>\n<p><span style=\"color: #000000;\">Sh\u00ebrbimet e Policis\u00eb, gjat\u00eb deponimit t\u00eb 26-vje\u00e7ares dhe gjat\u00eb veprimeve t\u00eb para hetimore, kan\u00eb krijuar dyshim se humbja e jet\u00ebs s\u00eb 56-vje\u00e7arit nuk ishte aksidentale dhe p\u00ebr k\u00ebt\u00eb arsye kan\u00eb vijuar hetimet e thelluara.<\/span><\/p>\n<p><span style=\"color: #000000;\">Gjat\u00eb k\u00ebtyre veprimeve t\u00eb kryera n\u00eb koordinim me Prokurorin\u00eb e Fierit, ka rezultuar se shtetasja Emanilda Rama ka vrar\u00eb baban\u00eb e saj, shtetasin Anesti Rama, p\u00ebr motive t\u00eb dob\u00ebta, me mjet strangulues (mbytur me tel).<\/span><\/p>\n","protected":false,"gt_translate_keys":[{"key":"rendered","format":"html"}]},"excerpt":{"rendered":"<p>Nj\u00eb ngjarje e r\u00ebnd\u00eb familjare \u00ebsht\u00eb zbardhur nga Policia e Fierit, pas nj\u00eb hetimi t\u00eb shpejt\u00eb dhe profesional q\u00eb \u00e7oi n\u00eb arrestimin e 26-vje\u00e7ares Emanilda Rama, e cila akuzohet p\u00ebr vrasjen e babait t\u00eb saj, Anesti Rama, 56 vje\u00e7. Sipas autoriteteve, ngjarja ndodhi n\u00eb banes\u00ebn e familjes n\u00eb fshatin Frash\u00ebr, mbr\u00ebmjen e s\u00eb mart\u00ebs m\u00eb [&hellip;]<\/p>\n","protected":false,"gt_translate_keys":[{"key":"rendered","format":"html"}]},"author":32,"featured_media":752729,"comment_status":"closed","ping_status":"open","sticky":false,"template":"","format":"standard","meta":{"footnotes":""},"categories":[65],"tags":[],"class_list":["post-752728","post","type-post","status-publish","format-standard","has-post-thumbnail","hentry","category-lajme"],"gt_translate_keys":[{"key":"link","format":"url"}],"_links":{"self":[{"href":"https:\/\/www.hashtag.al\/index.php\/wp-json\/wp\/v2\/posts\/752728","targetHints":{"allow":["GET"]}}],"collection":[{"href":"https:\/\/www.hashtag.al\/index.php\/wp-json\/wp\/v2\/posts"}],"about":[{"href":"https:\/\/www.hashtag.al\/index.php\/wp-json\/wp\/v2\/types\/post"}],"author":[{"embeddable":true,"href":"https:\/\/www.hashtag.al\/index.php\/wp-json\/wp\/v2\/users\/32"}],"replies":[{"embeddable":true,"href":"https:\/\/www.hashtag.al\/index.php\/wp-json\/wp\/v2\/comments?post=752728"}],"version-history":[{"count":99999,"href":"https:\/\/www.hashtag.al\/index.php\/wp-json\/wp\/v2\/posts\/752728\/revisions"}],"predecessor-version":[{"id":752730,"href":"https:\/\/www.hashtag.al\/index.php\/wp-json\/wp\/v2\/posts\/752728\/revisions\/752730"}],"wp:featuredmedia":[{"embeddable":true,"href":"https:\/\/www.hashtag.al\/index.php\/wp-json\/wp\/v2\/media\/752729"}],"wp:attachment":[{"href":"https:\/\/www.hashtag.al\/index.php\/wp-json\/wp\/v2\/media?parent=752728"}],"wp:term":[{"taxonomy":"category","embeddable":true,"href":"https:\/\/www.hashtag.al\/index.php\/wp-json\/wp\/v2\/categories?post=752728"},{"taxonomy":"post_tag","embeddable":true,"href":"https:\/\/www.hashtag.al\/index.php\/wp-json\/wp\/v2\/tags?post=752728"}],"curies":[{"name":"wp","href":"https:\/\/api.w.org\/{rel}","templated":true}]}}