{"id":752711,"date":"2025-07-24T16:37:15","date_gmt":"2025-07-24T14:37:15","guid":{"rendered":"https:\/\/www.hashtag.al\/?p=752711"},"modified":"2025-07-24T16:37:15","modified_gmt":"2025-07-24T14:37:15","slug":"zjarret-shkrumbojne-malet-ne-shqiperi-situate-e-jashtezakonshme-ne-disa-qarqe","status":"publish","type":"post","link":"https:\/\/www.hashtag.al\/index.php\/2025\/07\/24\/zjarret-shkrumbojne-malet-ne-shqiperi-situate-e-jashtezakonshme-ne-disa-qarqe\/","title":{"rendered":"Zjarret \u2018shkrumbojn\u00eb\u2019 malet n\u00eb Shqip\u00ebri, situat\u00eb e jasht\u00ebzakonshme n\u00eb disa qarqe","gt_translate_keys":[{"key":"rendered","format":"text"}]},"content":{"rendered":"<p><span style=\"color: #000000;\"><img loading=\"lazy\" decoding=\"async\" class=\"alignnone size-medium wp-image-752716\" src=\"https:\/\/www.hashtag.al\/wp-content\/uploads\/2025\/07\/1752911365_zjarretnevend-300x169.jpg\" alt=\"\" width=\"300\" height=\"169\" srcset=\"https:\/\/www.hashtag.al\/wp-content\/uploads\/2025\/07\/1752911365_zjarretnevend-300x169.jpg 300w, https:\/\/www.hashtag.al\/wp-content\/uploads\/2025\/07\/1752911365_zjarretnevend-768x433.jpg 768w, https:\/\/www.hashtag.al\/wp-content\/uploads\/2025\/07\/1752911365_zjarretnevend.jpg 780w\" sizes=\"auto, (max-width: 300px) 100vw, 300px\" \/><\/span><\/p>\n<p><span style=\"color: #000000;\">Qindra hektar\u00eb me pyje jan\u00eb p\u00ebrfshir\u00eb nga flak\u00ebt n\u00eb disa zona t\u00eb vendit, nd\u00ebrsa situata paraqitet alarmante n\u00eb disa qarqe si Dib\u00ebr, Vlor\u00eb, Lezh\u00eb, Gjirokast\u00ebr, Elbasan dhe Shkod\u00ebr.<\/span><\/p>\n<p><span style=\"color: #000000;\">P\u00ebr shkak t\u00eb terreneve t\u00eb v\u00ebshtira dhe kushteve atmosferike sfiduese, p\u00ebrfshir\u00eb er\u00ebn e fort\u00eb dhe temperaturat e larta, zjarret jan\u00eb p\u00ebrhapur me shpejt\u00ebsi, duke v\u00ebn\u00eb n\u00eb rrezik jo vet\u00ebm mjedisin, por edhe banesat dhe jet\u00ebt njer\u00ebzore.<\/span><\/p>\n<p>&nbsp;<\/p>\n<p><span style=\"color: #000000;\"><strong>Situata m\u00eb kritike n\u00eb Parkun Komb\u00ebtar t\u00eb Lur\u00ebs<\/strong><\/span><\/p>\n<p><span style=\"color: #000000;\">N\u00eb Parkun Komb\u00ebtar t\u00eb Lur\u00ebs, flak\u00ebt vijojn\u00eb t\u00eb p\u00ebrhapen me intensitet t\u00eb lart\u00eb dhe nd\u00ebrhyrja nga ajri \u00ebsht\u00eb b\u00ebr\u00eb e pamundur p\u00ebr shkak t\u00eb tymit t\u00eb dendur.<\/span><\/p>\n<p><span style=\"color: #000000;\">Shefi i Emergjencave deklaroi se: <em>\u201cZona mbi Gur\u00eb-Lur\u00ebn \u00ebsht\u00eb mbuluar nga tymi, \u00e7\u2019ka pengon nd\u00ebrhyrjen nga ajri, ndaj avioni po operon n\u00eb zon\u00ebn e Gjocajt.\u201d<\/em><\/span><\/p>\n<p><span style=\"color: #000000;\">Nj\u00eb dit\u00eb m\u00eb par\u00eb, nd\u00ebrhyrja me avionin kroat <em>Canadair<\/em> kishte sjell\u00eb nj\u00eb p\u00ebrmir\u00ebsim t\u00eb p\u00ebrkohsh\u00ebm, por situata u p\u00ebrkeq\u00ebsua s\u00ebrish sot, duke rikthyer shqet\u00ebsimin p\u00ebr p\u00ebrhapje t\u00eb m\u00ebtejshme t\u00eb zjarrit n\u00eb k\u00ebt\u00eb zon\u00eb t\u00eb mbrojtur.<\/span><\/p>\n<p><span style=\"color: #000000;\"><strong><img loading=\"lazy\" decoding=\"async\" class=\"alignnone size-medium wp-image-752715\" src=\"https:\/\/www.hashtag.al\/wp-content\/uploads\/2025\/07\/Screenshot-2025-07-24-160812-300x106.png\" alt=\"\" width=\"300\" height=\"106\" srcset=\"https:\/\/www.hashtag.al\/wp-content\/uploads\/2025\/07\/Screenshot-2025-07-24-160812-300x106.png 300w, https:\/\/www.hashtag.al\/wp-content\/uploads\/2025\/07\/Screenshot-2025-07-24-160812-768x270.png 768w, https:\/\/www.hashtag.al\/wp-content\/uploads\/2025\/07\/Screenshot-2025-07-24-160812.png 1011w\" sizes=\"auto, (max-width: 300px) 100vw, 300px\" \/><\/strong><\/span><\/p>\n<p><span style=\"color: #000000;\"><strong>Shkopeti dhe Lurthi \u2013 Nd\u00ebrhyrje ajrore, stakohet energjia<\/strong><\/span><\/p>\n<p><span style=\"color: #000000;\">N\u00eb malin e Shkopetit, q\u00eb ndodhet nd\u00ebrmjet Kurbinit dhe Mirdit\u00ebs, flak\u00ebt kan\u00eb p\u00ebrfshir\u00eb nj\u00eb sip\u00ebrfaqe t\u00eb madhe pyjore dhe po rrezikojn\u00eb stanet e barinjve.<\/span><\/p>\n<p><span style=\"color: #000000;\">Q\u00eb n\u00eb or\u00ebt e para t\u00eb m\u00ebngjesit ka nisur nj\u00eb nd\u00ebrhyrje nga ajri me dy helikopter\u00eb t\u00eb ardhur nga Hungaria, n\u00eb kuad\u00ebr t\u00eb Mekanizmit Evropian t\u00eb Mbrojtjes Civile.<\/span><\/p>\n<p><span style=\"color: #000000;\">Mediat raportojn\u00eb se p\u00ebr sigurin\u00eb e pilot\u00ebve, \u00ebsht\u00eb nd\u00ebrmarr\u00eb nj\u00eb mas\u00eb e r\u00ebnd\u00ebsishme: <em>\u201c\u00cbsht\u00eb komunikuar me OST, i cili ka nd\u00ebrmarr\u00eb masat p\u00ebr stakimin e nj\u00ebr\u00ebs prej linjave t\u00eb tensionit t\u00eb lart\u00eb, q\u00eb kalon pran\u00eb zon\u00ebs s\u00eb operacionit.\u201d<\/em><\/span><\/p>\n<p><span style=\"color: #000000;\">Pamjet nga ajri tregojn\u00eb shkall\u00ebn e lart\u00eb t\u00eb shkat\u00ebrrimit t\u00eb pyjeve dhe bim\u00ebsis\u00eb q\u00eb po shkrumbohen prej or\u00ebsh.<\/span><\/p>\n<p><span style=\"color: #000000;\"><strong><img loading=\"lazy\" decoding=\"async\" class=\"alignnone size-medium wp-image-752713\" src=\"https:\/\/www.hashtag.al\/wp-content\/uploads\/2025\/07\/Screenshot-2025-07-24-160630-300x219.png\" alt=\"\" width=\"300\" height=\"219\" srcset=\"https:\/\/www.hashtag.al\/wp-content\/uploads\/2025\/07\/Screenshot-2025-07-24-160630-300x219.png 300w, https:\/\/www.hashtag.al\/wp-content\/uploads\/2025\/07\/Screenshot-2025-07-24-160630.png 366w\" sizes=\"auto, (max-width: 300px) 100vw, 300px\" \/><\/strong><\/span><\/p>\n<p><span style=\"color: #000000;\"><strong>Dukati dhe Parku i Llogaras\u00eb \u2013 Zjarri p\u00ebrparon n\u00eb terren t\u00eb pakaluesh\u00ebm<\/strong><\/span><\/p>\n<p><span style=\"color: #000000;\">N\u00eb jug t\u00eb vendit, zjarri n\u00eb malin e Dukatit \u00ebsht\u00eb rikthyer me intensitet dhe po k\u00ebrc\u00ebnon parkun e mbrojtur t\u00eb Llogaras\u00eb. N\u00eb terren ndodhet edhe kryebashkiaku i Vlor\u00ebs, Ermal Dredha, i cili nga fshati Dukat tha:<\/span><\/p>\n<p><span style=\"color: #000000;\"><em>\u201cPo punojm\u00eb me t\u00eb gjith\u00eb forcat mbi Dukat fshat, s\u00eb bashku, po nd\u00ebrhyjm\u00eb si n\u00eb pjes\u00ebn e Dukatit edhe n\u00eb at\u00eb t\u00eb parkut t\u00eb Llogaras\u00eb, p\u00ebr t\u00eb shuar flak\u00ebt dhe parandaluar p\u00ebrhapjen. I kemi b\u00ebr\u00eb thirrje edhe Ministris\u00eb s\u00eb Mbrojtjes q\u00eb na ka d\u00ebrguar me mision dy helikopter\u00eb q\u00eb jan\u00eb p\u00ebrfshir\u00eb n\u00eb aksion tashm\u00eb.\u201d<\/em><\/span><\/p>\n<p><span style=\"color: #000000;\">Sipas tij, n\u00eb terren jan\u00eb angazhuar gjithsej 60 forca, prej t\u00eb cilave 36 jan\u00eb t\u00eb ushtris\u00eb. Kryebashkiaku sqaroi: <em>\u201cKa pjes\u00eb si kjo k\u00ebtu q\u00eb \u00ebsht\u00eb e pamundur t\u00eb menaxhohet me forca njer\u00ebzore pasi terreni \u00ebsht\u00eb shum\u00eb i pjerr\u00ebt dhe i lart\u00eb, i v\u00ebshtir\u00eb p\u00ebr t\u00eb nd\u00ebrhyr\u00eb. Ndaj \u00ebsht\u00eb k\u00ebrkuar edhe ndihma e Ministris\u00eb s\u00eb Mbrojtjes me helikopter\u00eb.\u201d<\/em><\/span><\/p>\n<p><span style=\"color: #000000;\"><strong><img loading=\"lazy\" decoding=\"async\" class=\"alignnone size-medium wp-image-752714\" src=\"https:\/\/www.hashtag.al\/wp-content\/uploads\/2025\/07\/Screenshot-2025-07-24-160522-300x112.png\" alt=\"\" width=\"300\" height=\"112\" srcset=\"https:\/\/www.hashtag.al\/wp-content\/uploads\/2025\/07\/Screenshot-2025-07-24-160522-300x112.png 300w, https:\/\/www.hashtag.al\/wp-content\/uploads\/2025\/07\/Screenshot-2025-07-24-160522-750x282.png 750w, https:\/\/www.hashtag.al\/wp-content\/uploads\/2025\/07\/Screenshot-2025-07-24-160522.png 758w\" sizes=\"auto, (max-width: 300px) 100vw, 300px\" \/><\/strong><\/span><\/p>\n<p><span style=\"color: #000000;\"><strong>Delvin\u00eb \u2013 Flak\u00ebt afrohen pran\u00eb banesave n\u00eb K<\/strong><strong>alas\u00eb<\/strong><\/span><\/p>\n<p><span style=\"color: #000000;\">N\u00eb fshatin Kalas\u00eb t\u00eb Delvin\u00ebs, \u00ebsht\u00eb regjistruar nj\u00eb vat\u00ebr zjarri e cila \u00ebsht\u00eb afruar pran\u00eb zonave t\u00eb banuara.<\/span><\/p>\n<p><span style=\"color: #000000;\"> <em>\u201cZjarri ndodhet pran\u00eb banesave, nd\u00ebrsa banor\u00ebt dhe zjarrfik\u00ebsit po punojn\u00eb p\u00ebr shuarjen e flak\u00ebve\u201d<\/em>, njofton <em>Shqiptarja.com<\/em> n\u00eb edicionin e or\u00ebs 13:14.<\/span><\/p>\n<p><span style=\"color: #000000;\"><strong><img loading=\"lazy\" decoding=\"async\" class=\"alignnone size-medium wp-image-752717\" src=\"https:\/\/www.hashtag.al\/wp-content\/uploads\/2025\/07\/Screenshot-2025-07-24-161118-300x169.png\" alt=\"\" width=\"300\" height=\"169\" srcset=\"https:\/\/www.hashtag.al\/wp-content\/uploads\/2025\/07\/Screenshot-2025-07-24-161118-300x169.png 300w, https:\/\/www.hashtag.al\/wp-content\/uploads\/2025\/07\/Screenshot-2025-07-24-161118.png 751w\" sizes=\"auto, (max-width: 300px) 100vw, 300px\" \/><\/strong><\/span><\/p>\n<p><span style=\"color: #000000;\"><strong>Sevaster dhe Mali i Finiqit \u2013 Dyshime p\u00ebr zjarrv\u00ebnie t\u00eb q\u00ebllimshme<\/strong><\/span><\/p>\n<p><span style=\"color: #000000;\">N\u00eb zon\u00ebn e Sevasterit n\u00eb Vlor\u00eb, zjarri u regjistrua n\u00eb or\u00ebt e para t\u00eb m\u00ebngjesit. <em>\u201cTymi mbulon zon\u00ebn! Rrezikohen stane, pritet nd\u00ebrhyrje me helikopter\u201d,<\/em> raportuan autoritetet. Mendohet se zjarri \u00ebsht\u00eb i q\u00ebllimsh\u00ebm, me q\u00ebllim hapjen e kullotave.<\/span><\/p>\n<p><span style=\"color: #000000;\">Nd\u00ebrkoh\u00eb, n\u00eb malin e Finiqit, nj\u00eb 59-vje\u00e7ar \u00ebsht\u00eb v\u00ebn\u00eb n\u00ebn hetim, pasi dyshohet se ka ndezur zjarr n\u00eb m\u00ebnyr\u00eb t\u00eb q\u00ebllimshme.<\/span><\/p>\n<p><span style=\"color: #000000;\">\u00a0<em>\u201cM\u00eb dat\u00eb 23.07.2025, rreth or\u00ebs 21:30, ka ndezur zjarr n\u00eb zon\u00ebn e quajtur \u2018Mali i Finiqit\u2019, dhe si pasoj\u00eb jan\u00eb djegur nj\u00eb sip\u00ebrfaqe toke me shkurre dhe bim\u00ebsi t\u00eb dendur\u201d,<\/em> njoftoi policia e Sarand\u00ebs. Prokuroria e Sarand\u00ebs ka nisur procedim penal p\u00ebr shtetasin n\u00eb fjal\u00eb.<\/span><\/p>\n<p><span style=\"color: #000000;\"><strong><img loading=\"lazy\" decoding=\"async\" class=\"alignnone size-medium wp-image-752712\" src=\"https:\/\/www.hashtag.al\/wp-content\/uploads\/2025\/07\/Screenshot-2025-07-24-160703-300x110.png\" alt=\"\" width=\"300\" height=\"110\" srcset=\"https:\/\/www.hashtag.al\/wp-content\/uploads\/2025\/07\/Screenshot-2025-07-24-160703-300x110.png 300w, https:\/\/www.hashtag.al\/wp-content\/uploads\/2025\/07\/Screenshot-2025-07-24-160703-750x277.png 750w, https:\/\/www.hashtag.al\/wp-content\/uploads\/2025\/07\/Screenshot-2025-07-24-160703.png 757w\" sizes=\"auto, (max-width: 300px) 100vw, 300px\" \/><\/strong><\/span><\/p>\n<p><span style=\"color: #000000;\"><strong>Gjirokast\u00ebr \u2013 Flak\u00ebt mes fshatrave Prongji dhe Kardhiq<\/strong><\/span><\/p>\n<p><span style=\"color: #000000;\">Nj\u00eb tjet\u00ebr vat\u00ebr zjarri \u00ebsht\u00eb aktivizuar n\u00eb Gjirokast\u00ebr, mes fshatrave Prongji dhe Kardhiq. Sipas mediave <em>\u201cForcat e emergjenc\u00ebs jan\u00eb duke punuar p\u00ebr t\u00eb izoluar dhe shuar t\u00ebr\u00ebsisht zjarrin, me q\u00ebllim p\u00ebr t\u00eb mos lejuar p\u00ebrhapjen drejt zonave t\u00eb banuara.\u201d<\/em><\/span><\/p>\n<p><span style=\"color: #000000;\"><img decoding=\"async\" src=\"https:\/\/shqiptarja.com\/uploads\/ckeditor\/6881fe0575787finqi.jpg\" \/><\/span><\/p>\n<p><span style=\"color: #000000;\"><strong>Kor\u00e7\u00eb \u2013 Vatra e zjarrit n\u00eb Dishnic\u00eb mbetet aktive, nd\u00ebrsa ajo n\u00eb V\u00ebrnik \u00ebsht\u00eb shuar<\/strong><\/span><\/p>\n<p><span style=\"color: #000000;\">Prefektura e Kor\u00e7\u00ebs raportoi sot se zjarri n\u00eb Dishnic\u00eb, Nj\u00ebsia Administrative Bulgarec, vijon me intensitet t\u00eb ul\u00ebt. <em>\u201cForcat e sh\u00ebrbimit pyjor dhe ato t\u00eb Nj\u00ebsis\u00eb Administrative Bulgarec jan\u00eb angazhuar q\u00eb prej or\u00ebs 05:00, duke krijuar breza kund\u00ebr zjarrit p\u00ebr t\u00eb ndaluar avancimin e flak\u00ebve\u201d<\/em>, thuhet n\u00eb njoftim. <\/span><\/p>\n<p><span style=\"color: #000000;\">Nd\u00ebrkoh\u00eb, vatra n\u00eb V\u00ebrnik \u00ebsht\u00eb neutralizuar plot\u00ebsisht dhe nuk jan\u00eb konstatuar riaktivizime.<\/span><\/p>\n<p>&nbsp;<\/p>\n<p><span style=\"color: #000000;\"><strong>Bilanci i 24 or\u00ebve \u2013 34 vatra zjarri, 8 ende aktive<\/strong><\/span><\/p>\n<p><span style=\"color: #000000;\">Sipas t\u00eb dh\u00ebnave zyrtare t\u00eb Agjencis\u00eb Komb\u00ebtare t\u00eb Mbrojtjes Civile, gjat\u00eb 24 or\u00ebve t\u00eb fundit jan\u00eb raportuar 34 vatra zjarri, prej t\u00eb cilave 8 mbeten ende aktive dhe 3 t\u00eb tjera jan\u00eb n\u00ebn monitorim t\u00eb vazhduesh\u00ebm. Zonat m\u00eb problematike jan\u00eb identifikuar n\u00eb qarqet Shkod\u00ebr, Lezh\u00eb, Dib\u00ebr, Elbasan dhe Gjirokast\u00ebr.<\/span><\/p>\n<p><span style=\"color: #000000;\">N\u00eb operacionet e shuarjes jan\u00eb p\u00ebrfshir\u00eb:<\/span><\/p>\n<ul>\n<li><span style=\"color: #000000;\"><strong>776 forca operacionale<\/strong>,<\/span><\/li>\n<li><span style=\"color: #000000;\"><strong>40 automjete zjarrfik\u00ebse<\/strong>,<\/span><\/li>\n<li><span style=\"color: #000000;\"><strong>1 helikopter i Forcave t\u00eb Armatosura<\/strong>,<\/span><\/li>\n<li><span style=\"color: #000000;\"><strong>1 avion \u201cCanadair\u201d nga Kroacia<\/strong>,<\/span><\/li>\n<li><span style=\"color: #000000;\"><strong>2 helikopter\u00eb nga Hungaria<\/strong>, t\u00eb gjith\u00eb t\u00eb angazhuar n\u00eb kuad\u00ebr t\u00eb Mekanizmit Evropian t\u00eb Mbrojtjes Civile.<\/span><\/li>\n<\/ul>\n<p><span style=\"color: #000000;\">Operacionet do t\u00eb vazhdojn\u00eb edhe n\u00eb or\u00ebt n\u00eb vijim, nd\u00ebrsa autoritetet kan\u00eb paralajm\u00ebruar masa t\u00eb ashpra kund\u00ebr zjarrv\u00ebn\u00ebsve t\u00eb q\u00ebllimsh\u00ebm. Situata mbetet dinamike dhe n\u00ebn monitorim t\u00eb vazhduesh\u00ebm.<\/span><\/p>\n","protected":false,"gt_translate_keys":[{"key":"rendered","format":"html"}]},"excerpt":{"rendered":"<p>Qindra hektar\u00eb me pyje jan\u00eb p\u00ebrfshir\u00eb nga flak\u00ebt n\u00eb disa zona t\u00eb vendit, nd\u00ebrsa situata paraqitet alarmante n\u00eb disa qarqe si Dib\u00ebr, Vlor\u00eb, Lezh\u00eb, Gjirokast\u00ebr, Elbasan dhe Shkod\u00ebr. P\u00ebr shkak t\u00eb terreneve t\u00eb v\u00ebshtira dhe kushteve atmosferike sfiduese, p\u00ebrfshir\u00eb er\u00ebn e fort\u00eb dhe temperaturat e larta, zjarret jan\u00eb p\u00ebrhapur me shpejt\u00ebsi, duke v\u00ebn\u00eb n\u00eb rrezik [&hellip;]<\/p>\n","protected":false,"gt_translate_keys":[{"key":"rendered","format":"html"}]},"author":32,"featured_media":752716,"comment_status":"closed","ping_status":"open","sticky":false,"template":"","format":"standard","meta":{"footnotes":""},"categories":[22],"tags":[],"class_list":["post-752711","post","type-post","status-publish","format-standard","has-post-thumbnail","hentry","category-ballina"],"gt_translate_keys":[{"key":"link","format":"url"}],"_links":{"self":[{"href":"https:\/\/www.hashtag.al\/index.php\/wp-json\/wp\/v2\/posts\/752711","targetHints":{"allow":["GET"]}}],"collection":[{"href":"https:\/\/www.hashtag.al\/index.php\/wp-json\/wp\/v2\/posts"}],"about":[{"href":"https:\/\/www.hashtag.al\/index.php\/wp-json\/wp\/v2\/types\/post"}],"author":[{"embeddable":true,"href":"https:\/\/www.hashtag.al\/index.php\/wp-json\/wp\/v2\/users\/32"}],"replies":[{"embeddable":true,"href":"https:\/\/www.hashtag.al\/index.php\/wp-json\/wp\/v2\/comments?post=752711"}],"version-history":[{"count":99999,"href":"https:\/\/www.hashtag.al\/index.php\/wp-json\/wp\/v2\/posts\/752711\/revisions"}],"predecessor-version":[{"id":752718,"href":"https:\/\/www.hashtag.al\/index.php\/wp-json\/wp\/v2\/posts\/752711\/revisions\/752718"}],"wp:featuredmedia":[{"embeddable":true,"href":"https:\/\/www.hashtag.al\/index.php\/wp-json\/wp\/v2\/media\/752716"}],"wp:attachment":[{"href":"https:\/\/www.hashtag.al\/index.php\/wp-json\/wp\/v2\/media?parent=752711"}],"wp:term":[{"taxonomy":"category","embeddable":true,"href":"https:\/\/www.hashtag.al\/index.php\/wp-json\/wp\/v2\/categories?post=752711"},{"taxonomy":"post_tag","embeddable":true,"href":"https:\/\/www.hashtag.al\/index.php\/wp-json\/wp\/v2\/tags?post=752711"}],"curies":[{"name":"wp","href":"https:\/\/api.w.org\/{rel}","templated":true}]}}