{"id":752531,"date":"2025-07-23T14:21:41","date_gmt":"2025-07-23T12:21:41","guid":{"rendered":"https:\/\/www.hashtag.al\/?p=752531"},"modified":"2025-07-23T14:21:41","modified_gmt":"2025-07-23T12:21:41","slug":"spak-zgjat-me-3-muaj-afatet-e-hetimit-ndaj-kryebashkiakut-te-shkodres-benet-becit","status":"publish","type":"post","link":"https:\/\/www.hashtag.al\/index.php\/2025\/07\/23\/spak-zgjat-me-3-muaj-afatet-e-hetimit-ndaj-kryebashkiakut-te-shkodres-benet-becit\/","title":{"rendered":"SPAK zgjat me 3 muaj afatet e hetimit ndaj kryebashkiakut t\u00eb Shkodr\u00ebs, Benet Becit","gt_translate_keys":[{"key":"rendered","format":"text"}]},"content":{"rendered":"<p><span style=\"color: #000000;\"><img loading=\"lazy\" decoding=\"async\" class=\"alignnone size-medium wp-image-707583\" src=\"https:\/\/www.hashtag.al\/wp-content\/uploads\/2024\/11\/benet-beci-300x176.jpg\" alt=\"\" width=\"300\" height=\"176\" srcset=\"https:\/\/www.hashtag.al\/wp-content\/uploads\/2024\/11\/benet-beci-300x176.jpg 300w, https:\/\/www.hashtag.al\/wp-content\/uploads\/2024\/11\/benet-beci.jpg 640w\" sizes=\"auto, (max-width: 300px) 100vw, 300px\" \/><\/span><\/p>\n<p><span style=\"color: #000000;\">Prokuroria e Posa\u00e7me ka zgjatur me 3 muaj afatet e hetimit p\u00ebr kryebashkiakun e Shkodr\u00ebs, Benet Beci.<\/span><\/p>\n<p><span style=\"color: #000000;\">Ndaj tij u regjistrua procedim penal p\u00ebr shkelje e barazis\u00eb n\u00eb tendera apo ankande publike, kryer n\u00eb bashk\u00ebpunim, m\u00eb 23 tetor 2024. Nd\u00ebrkoh\u00eb, m\u00eb 23 prill t\u00eb 2025, prokurori Dritan Pren\u00e7i e mori t\u00eb pandehur kryebashkiakun socialist.<\/span><\/p>\n<p><span style=\"color: #000000;\">Beci akuzohet p\u00ebr tenderin me vler\u00eb 700 mij\u00eb euro t\u00eb vitit 2019, me objekt zhvillimi strategjik i sektorit energjetik (projekt k\u00ebrkimor).<\/span><\/p>\n<p><span style=\"color: #000000;\">Hetimet nis\u00ebn pas zb\u00ebrthimit t\u00eb telefonit t\u00eb ish-drejtorit t\u00eb Autoritetit Rrugor Shqiptar, Evis Berberit, ku u zbuluan biseda kompromentuese p\u00ebr abuzimin me k\u00ebt\u00eb tender.<\/span><\/p>\n<p><span style=\"color: #000000;\">Bashk\u00eb me Benet Becin, n\u00ebn hetim p\u00ebr k\u00ebt\u00eb tender abuziv jan\u00eb marr\u00eb edhe disa zyrtar\u00eb t\u00eb tjer\u00eb, me rol n\u00eb Komisionin e Vler\u00ebsimit t\u00eb Ofertave.<\/span><\/p>\n","protected":false,"gt_translate_keys":[{"key":"rendered","format":"html"}]},"excerpt":{"rendered":"<p>Prokuroria e Posa\u00e7me ka zgjatur me 3 muaj afatet e hetimit p\u00ebr kryebashkiakun e Shkodr\u00ebs, Benet Beci. Ndaj tij u regjistrua procedim penal p\u00ebr shkelje e barazis\u00eb n\u00eb tendera apo ankande publike, kryer n\u00eb bashk\u00ebpunim, m\u00eb 23 tetor 2024. Nd\u00ebrkoh\u00eb, m\u00eb 23 prill t\u00eb 2025, prokurori Dritan Pren\u00e7i e mori t\u00eb pandehur kryebashkiakun socialist. Beci [&hellip;]<\/p>\n","protected":false,"gt_translate_keys":[{"key":"rendered","format":"html"}]},"author":32,"featured_media":707583,"comment_status":"closed","ping_status":"open","sticky":false,"template":"","format":"standard","meta":{"footnotes":""},"categories":[65],"tags":[],"class_list":["post-752531","post","type-post","status-publish","format-standard","has-post-thumbnail","hentry","category-lajme"],"gt_translate_keys":[{"key":"link","format":"url"}],"_links":{"self":[{"href":"https:\/\/www.hashtag.al\/index.php\/wp-json\/wp\/v2\/posts\/752531","targetHints":{"allow":["GET"]}}],"collection":[{"href":"https:\/\/www.hashtag.al\/index.php\/wp-json\/wp\/v2\/posts"}],"about":[{"href":"https:\/\/www.hashtag.al\/index.php\/wp-json\/wp\/v2\/types\/post"}],"author":[{"embeddable":true,"href":"https:\/\/www.hashtag.al\/index.php\/wp-json\/wp\/v2\/users\/32"}],"replies":[{"embeddable":true,"href":"https:\/\/www.hashtag.al\/index.php\/wp-json\/wp\/v2\/comments?post=752531"}],"version-history":[{"count":99999,"href":"https:\/\/www.hashtag.al\/index.php\/wp-json\/wp\/v2\/posts\/752531\/revisions"}],"predecessor-version":[{"id":752532,"href":"https:\/\/www.hashtag.al\/index.php\/wp-json\/wp\/v2\/posts\/752531\/revisions\/752532"}],"wp:featuredmedia":[{"embeddable":true,"href":"https:\/\/www.hashtag.al\/index.php\/wp-json\/wp\/v2\/media\/707583"}],"wp:attachment":[{"href":"https:\/\/www.hashtag.al\/index.php\/wp-json\/wp\/v2\/media?parent=752531"}],"wp:term":[{"taxonomy":"category","embeddable":true,"href":"https:\/\/www.hashtag.al\/index.php\/wp-json\/wp\/v2\/categories?post=752531"},{"taxonomy":"post_tag","embeddable":true,"href":"https:\/\/www.hashtag.al\/index.php\/wp-json\/wp\/v2\/tags?post=752531"}],"curies":[{"name":"wp","href":"https:\/\/api.w.org\/{rel}","templated":true}]}}