{"id":752259,"date":"2025-07-21T22:51:51","date_gmt":"2025-07-21T20:51:51","guid":{"rendered":"https:\/\/www.hashtag.al\/?p=752259"},"modified":"2025-07-21T22:56:13","modified_gmt":"2025-07-21T20:56:13","slug":"policia-e-kosoves-thote-se-gjeti-raketahedhes-ne-mitrovice-te-veriut-4-ore-me-heret","status":"publish","type":"post","link":"https:\/\/www.hashtag.al\/index.php\/2025\/07\/21\/policia-e-kosoves-thote-se-gjeti-raketahedhes-ne-mitrovice-te-veriut-4-ore-me-heret\/","title":{"rendered":"Policia e Kosov\u00ebs thot\u00eb se gjeti raketahedh\u00ebs n\u00eb Mitrovic\u00eb t\u00eb Veriut","gt_translate_keys":[{"key":"rendered","format":"text"}]},"content":{"rendered":"<p style=\"text-align: left;\"><span style=\"color: #000000;\"><img loading=\"lazy\" decoding=\"async\" class=\"size-medium wp-image-752260 aligncenter\" src=\"https:\/\/www.hashtag.al\/wp-content\/uploads\/2025\/07\/IMG_4144-300x158.jpeg\" alt=\"\" width=\"300\" height=\"158\" srcset=\"https:\/\/www.hashtag.al\/wp-content\/uploads\/2025\/07\/IMG_4144-300x158.jpeg 300w, https:\/\/www.hashtag.al\/wp-content\/uploads\/2025\/07\/IMG_4144.jpeg 735w\" sizes=\"auto, (max-width: 300px) 100vw, 300px\" \/><\/span><br \/>\n<span style=\"color: #000000;\">Policia e Kosov\u00ebs tha se gjat\u00eb nj\u00eb kontrolli t\u00eb kryer m\u00eb 21 korrik gjeti dy raketahedh\u00ebs krahu n\u00eb nj\u00eb kompleks t\u00eb pabanuar banesor n\u00eb Mitrovic\u00eb t\u00eb Veriut, p\u00ebrcjell <a href=\"https:\/\/www.evropaelire.org\/a\/policia-kosoves-raketahedhes-veri-\/33480121.html\"><span style=\"color: #0000ff;\">Radio Evropa e Lir\u00eb<\/span><\/a>.<\/span><\/p>\n<p><span style=\"color: #000000;\">\u201cN\u00eb vendin e ngjarjes kan\u00eb dal\u00eb nj\u00ebsit\u00eb relevante policore, p\u00ebrfshir\u00eb edhe nj\u00ebsin\u00eb e specializuar p\u00ebr trajtimin e mjeteve shp\u00ebrthyese. Gjat\u00eb kontrollit, policia ka gjetur dhe sekuestruar dy arm\u00eb t\u00eb llojit zolla [raketahedh\u00ebs krahu], prodhim serb\u201d, u tha n\u00eb njoftimin e Policis\u00eb.<\/span><\/p>\n<p><span style=\"color: #000000;\">Sipas saj, arm\u00ebt jan\u00eb sekuestruar dhe m\u00eb pas Prokurori i Shtetit ka urdh\u00ebruar inicimin e rastit p\u00ebr vepr\u00ebn penale \u201cmbajtje n\u00eb pron\u00ebsi, kontroll ose posedim t\u00eb paautorizuar t\u00eb arm\u00ebve\u201d.<\/span><\/p>\n<p><span style=\"color: #000000;\">Lidhur me k\u00ebt\u00eb rast reagoi edhe ministri n\u00eb detyr\u00eb p\u00ebr Pun\u00eb t\u00eb Brendshme t\u00eb Kosov\u00ebs, Xhelal Sve\u00e7la.<\/span><\/p>\n<p><span style=\"color: #000000;\">Ai faj\u00ebsoi Serbin\u00eb se p\u00ebrve\u00e7 se nuk distancohet nga k\u00ebto arm\u00eb t\u00eb prodhimit serb \u201cdhe veprimet n\u00eb veri t\u00eb vendit\u201d, por \u201cp\u00ebr vite me radh\u00eb i ka stimuluar, organizuar dhe furnizuar grupet terroriste dhe bandat kriminale, me t\u00eb vetmin q\u00ebllim: cenimin e integritetit territorial dhe rendit kushtetues t\u00eb Republik\u00ebs s\u00eb Kosov\u00ebs\u201d.<\/span><\/p>\n<p><span style=\"color: #000000;\">Sve\u00e7la shtoi se pavar\u00ebsisht shteti \u00ebsht\u00eb i vendosur t\u00eb \u00e7montoj\u00eb \u00e7do prani kriminale apo potencialisht terroriste n\u00eb Kosov\u00eb.<\/span><\/p>\n<p><span style=\"color: #000000;\">\u201c\u00c7do dit\u00eb e m\u00eb shum\u00eb po e kthejm\u00eb rendin n\u00eb at\u00eb pjes\u00eb t\u00eb territorit dhe, bashk\u00eb me t\u00eb, edhe investimet dhe zhvillimin p\u00ebr t\u00eb gjith\u00eb qytetar\u00ebt, pa dallim\u201d, shkroi ai n\u00eb Facebook.<\/span><\/p>\n<p><span style=\"color: #000000;\">Autoritetet kosovare kan\u00eb gjetur arm\u00eb t\u00eb llojeve t\u00eb ndryshme koh\u00eb pas kohe n\u00eb pjes\u00eb t\u00eb ndryshme t\u00eb Kosov\u00ebs, kryesisht n\u00eb pjes\u00ebn veriore, t\u00eb banuar me shumic\u00eb serbe.<\/span><\/p>\n","protected":false,"gt_translate_keys":[{"key":"rendered","format":"html"}]},"excerpt":{"rendered":"<p>Policia e Kosov\u00ebs tha se gjat\u00eb nj\u00eb kontrolli t\u00eb kryer m\u00eb 21 korrik gjeti dy raketahedh\u00ebs krahu n\u00eb nj\u00eb kompleks t\u00eb pabanuar banesor n\u00eb Mitrovic\u00eb t\u00eb Veriut, p\u00ebrcjell Radio Evropa e Lir\u00eb. \u201cN\u00eb vendin e ngjarjes kan\u00eb dal\u00eb nj\u00ebsit\u00eb relevante policore, p\u00ebrfshir\u00eb edhe nj\u00ebsin\u00eb e specializuar p\u00ebr trajtimin e mjeteve shp\u00ebrthyese. Gjat\u00eb kontrollit, policia ka [&hellip;]<\/p>\n","protected":false,"gt_translate_keys":[{"key":"rendered","format":"html"}]},"author":32,"featured_media":752260,"comment_status":"closed","ping_status":"open","sticky":false,"template":"","format":"standard","meta":{"footnotes":""},"categories":[149],"tags":[],"class_list":["post-752259","post","type-post","status-publish","format-standard","has-post-thumbnail","hentry","category-kosoverajon"],"gt_translate_keys":[{"key":"link","format":"url"}],"_links":{"self":[{"href":"https:\/\/www.hashtag.al\/index.php\/wp-json\/wp\/v2\/posts\/752259","targetHints":{"allow":["GET"]}}],"collection":[{"href":"https:\/\/www.hashtag.al\/index.php\/wp-json\/wp\/v2\/posts"}],"about":[{"href":"https:\/\/www.hashtag.al\/index.php\/wp-json\/wp\/v2\/types\/post"}],"author":[{"embeddable":true,"href":"https:\/\/www.hashtag.al\/index.php\/wp-json\/wp\/v2\/users\/32"}],"replies":[{"embeddable":true,"href":"https:\/\/www.hashtag.al\/index.php\/wp-json\/wp\/v2\/comments?post=752259"}],"version-history":[{"count":99999,"href":"https:\/\/www.hashtag.al\/index.php\/wp-json\/wp\/v2\/posts\/752259\/revisions"}],"predecessor-version":[{"id":752265,"href":"https:\/\/www.hashtag.al\/index.php\/wp-json\/wp\/v2\/posts\/752259\/revisions\/752265"}],"wp:featuredmedia":[{"embeddable":true,"href":"https:\/\/www.hashtag.al\/index.php\/wp-json\/wp\/v2\/media\/752260"}],"wp:attachment":[{"href":"https:\/\/www.hashtag.al\/index.php\/wp-json\/wp\/v2\/media?parent=752259"}],"wp:term":[{"taxonomy":"category","embeddable":true,"href":"https:\/\/www.hashtag.al\/index.php\/wp-json\/wp\/v2\/categories?post=752259"},{"taxonomy":"post_tag","embeddable":true,"href":"https:\/\/www.hashtag.al\/index.php\/wp-json\/wp\/v2\/tags?post=752259"}],"curies":[{"name":"wp","href":"https:\/\/api.w.org\/{rel}","templated":true}]}}