{"id":752257,"date":"2025-07-21T22:27:14","date_gmt":"2025-07-21T20:27:14","guid":{"rendered":"https:\/\/www.hashtag.al\/?p=752257"},"modified":"2025-07-21T22:27:14","modified_gmt":"2025-07-21T20:27:14","slug":"hapet-gara-per-4-pozicione-nenkryetaresh-ne-bashkine-e-tiranes","status":"publish","type":"post","link":"https:\/\/www.hashtag.al\/index.php\/2025\/07\/21\/hapet-gara-per-4-pozicione-nenkryetaresh-ne-bashkine-e-tiranes\/","title":{"rendered":"Hapet gara p\u00ebr 4 pozicione n\u00ebnkryetar\u00ebsh n\u00eb Bashkin\u00eb e Tiran\u00ebs","gt_translate_keys":[{"key":"rendered","format":"text"}]},"content":{"rendered":"<p data-start=\"97\" data-end=\"661\"><span style=\"color: #000000;\"><img loading=\"lazy\" decoding=\"async\" class=\"size-medium wp-image-725980 aligncenter\" src=\"https:\/\/www.hashtag.al\/wp-content\/uploads\/2025\/02\/1738679520_bashkiatirane-300x169.jpg\" alt=\"\" width=\"300\" height=\"169\" srcset=\"https:\/\/www.hashtag.al\/wp-content\/uploads\/2025\/02\/1738679520_bashkiatirane-300x169.jpg 300w, https:\/\/www.hashtag.al\/wp-content\/uploads\/2025\/02\/1738679520_bashkiatirane-768x433.jpg 768w, https:\/\/www.hashtag.al\/wp-content\/uploads\/2025\/02\/1738679520_bashkiatirane.jpg 780w\" sizes=\"auto, (max-width: 300px) 100vw, 300px\" \/><\/span><\/p>\n<p data-start=\"97\" data-end=\"661\"><span style=\"color: #000000;\">Bashkia e Tiran\u00ebs pritet t\u2019i n\u00ebnshtrohet nj\u00eb riorganizimi n\u00eb nivelet drejtuese, n\u00eb kuad\u00ebr t\u00eb nj\u00eb procesi m\u00eb t\u00eb gjer\u00eb q\u00eb po zbatohet n\u00eb t\u00eb gjitha bashkit\u00eb e vendit. Gjat\u00eb nj\u00eb takimi me p\u00ebrfaq\u00ebsues vendor\u00eb dhe deputet\u00eb t\u00eb PS n\u00eb kryeqytet, kryeministri Edi Rama ka k\u00ebrkuar hapjen e gar\u00ebs p\u00ebr kat\u00ebr poste t\u00eb reja t\u00eb n\u00ebnkryetar\u00ebve t\u00eb bashkis\u00eb, me profile pune t\u00eb p\u00ebrshkruara qart\u00ebsisht. Procesi do t\u00eb udh\u00ebhiqet nga nj\u00eb grup pune me p\u00ebrfaq\u00ebsues si Blendi Gonxhja, Ogerta Manastirliu dhe Petrit Malaj, t\u00eb cil\u00ebt do t\u00eb realizojn\u00eb intervistat dhe p\u00ebrzgjedhjen e kandidat\u00ebve.<\/span><\/p>\n<p data-start=\"663\" data-end=\"1211\"><span style=\"color: #000000;\">N\u00eb gar\u00eb mund t\u00eb p\u00ebrfshihen edhe n\u00ebnkryetar\u00ebt aktual\u00eb, t\u00eb cil\u00ebve u \u00ebsht\u00eb k\u00ebrkuar t\u00eb paraqesin platforma konkrete p\u00ebr sektor\u00ebt p\u00ebrkat\u00ebs. Megjithat\u00eb, ky riorganizim nuk lidhet me Anuela Ristanin, e cila mban funksionin e kryetares s\u00eb komanduar n\u00eb detyr\u00eb t\u00eb Bashkis\u00eb Tiran\u00eb. Ristani do t\u00eb ket\u00eb si detyr\u00eb kryesore dixhitalizimin e sh\u00ebrbimeve dhe udh\u00ebheqjen e procesit t\u00eb zbatimit t\u00eb nj\u00eb strukture t\u00eb re organizative p\u00ebr bashkin\u00eb, t\u00eb konceptuar n\u00eb bashk\u00ebpunim me Institutin Tony Blair \u2013 nj\u00eb model q\u00eb pritet t\u00eb adaptohet edhe n\u00eb bashki t\u00eb tjera t\u00eb vendit.<\/span><\/p>\n<p data-start=\"1213\" data-end=\"1381\" data-is-last-node=\"\" data-is-only-node=\"\"><span style=\"color: #000000;\">Ky zhvillim vjen si pjes\u00eb e p\u00ebrpjekjeve p\u00ebr modernizimin e administrat\u00ebs vendore dhe p\u00ebr rritjen e transparenc\u00ebs dhe eficienc\u00ebs n\u00eb ofrimin e sh\u00ebrbimeve ndaj qytetar\u00ebve.<\/span><\/p>\n","protected":false,"gt_translate_keys":[{"key":"rendered","format":"html"}]},"excerpt":{"rendered":"<p>Bashkia e Tiran\u00ebs pritet t\u2019i n\u00ebnshtrohet nj\u00eb riorganizimi n\u00eb nivelet drejtuese, n\u00eb kuad\u00ebr t\u00eb nj\u00eb procesi m\u00eb t\u00eb gjer\u00eb q\u00eb po zbatohet n\u00eb t\u00eb gjitha bashkit\u00eb e vendit. Gjat\u00eb nj\u00eb takimi me p\u00ebrfaq\u00ebsues vendor\u00eb dhe deputet\u00eb t\u00eb PS n\u00eb kryeqytet, kryeministri Edi Rama ka k\u00ebrkuar hapjen e gar\u00ebs p\u00ebr kat\u00ebr poste t\u00eb reja t\u00eb n\u00ebnkryetar\u00ebve [&hellip;]<\/p>\n","protected":false,"gt_translate_keys":[{"key":"rendered","format":"html"}]},"author":32,"featured_media":725980,"comment_status":"closed","ping_status":"open","sticky":false,"template":"","format":"standard","meta":{"footnotes":""},"categories":[65],"tags":[],"class_list":["post-752257","post","type-post","status-publish","format-standard","has-post-thumbnail","hentry","category-lajme"],"gt_translate_keys":[{"key":"link","format":"url"}],"_links":{"self":[{"href":"https:\/\/www.hashtag.al\/index.php\/wp-json\/wp\/v2\/posts\/752257","targetHints":{"allow":["GET"]}}],"collection":[{"href":"https:\/\/www.hashtag.al\/index.php\/wp-json\/wp\/v2\/posts"}],"about":[{"href":"https:\/\/www.hashtag.al\/index.php\/wp-json\/wp\/v2\/types\/post"}],"author":[{"embeddable":true,"href":"https:\/\/www.hashtag.al\/index.php\/wp-json\/wp\/v2\/users\/32"}],"replies":[{"embeddable":true,"href":"https:\/\/www.hashtag.al\/index.php\/wp-json\/wp\/v2\/comments?post=752257"}],"version-history":[{"count":99999,"href":"https:\/\/www.hashtag.al\/index.php\/wp-json\/wp\/v2\/posts\/752257\/revisions"}],"predecessor-version":[{"id":752258,"href":"https:\/\/www.hashtag.al\/index.php\/wp-json\/wp\/v2\/posts\/752257\/revisions\/752258"}],"wp:featuredmedia":[{"embeddable":true,"href":"https:\/\/www.hashtag.al\/index.php\/wp-json\/wp\/v2\/media\/725980"}],"wp:attachment":[{"href":"https:\/\/www.hashtag.al\/index.php\/wp-json\/wp\/v2\/media?parent=752257"}],"wp:term":[{"taxonomy":"category","embeddable":true,"href":"https:\/\/www.hashtag.al\/index.php\/wp-json\/wp\/v2\/categories?post=752257"},{"taxonomy":"post_tag","embeddable":true,"href":"https:\/\/www.hashtag.al\/index.php\/wp-json\/wp\/v2\/tags?post=752257"}],"curies":[{"name":"wp","href":"https:\/\/api.w.org\/{rel}","templated":true}]}}