{"id":752219,"date":"2025-07-21T17:13:07","date_gmt":"2025-07-21T15:13:07","guid":{"rendered":"https:\/\/www.hashtag.al\/?p=752219"},"modified":"2025-07-21T17:13:07","modified_gmt":"2025-07-21T15:13:07","slug":"albin-kurti-kete-fundjave-arrijme-marreveshjen-per-institucionet-gati-per-bashkeqeverisje-me-nismen-socialdemokrate","status":"publish","type":"post","link":"https:\/\/www.hashtag.al\/index.php\/2025\/07\/21\/albin-kurti-kete-fundjave-arrijme-marreveshjen-per-institucionet-gati-per-bashkeqeverisje-me-nismen-socialdemokrate\/","title":{"rendered":"Albin Kurti: K\u00ebt\u00eb fundjav\u00eb arrijm\u00eb marr\u00ebveshjen p\u00ebr institucionet, gati p\u00ebr bashk\u00ebqeverisje me Nism\u00ebn Socialdemokrate","gt_translate_keys":[{"key":"rendered","format":"text"}]},"content":{"rendered":"<p><span style=\"color: #000000;\"><img loading=\"lazy\" decoding=\"async\" class=\"alignnone size-medium wp-image-732105\" src=\"https:\/\/www.hashtag.al\/wp-content\/uploads\/2025\/03\/Albin-Kurti1-738x450-1-300x183.jpg\" alt=\"\" width=\"300\" height=\"183\" srcset=\"https:\/\/www.hashtag.al\/wp-content\/uploads\/2025\/03\/Albin-Kurti1-738x450-1-300x183.jpg 300w, https:\/\/www.hashtag.al\/wp-content\/uploads\/2025\/03\/Albin-Kurti1-738x450-1.jpg 738w\" sizes=\"auto, (max-width: 300px) 100vw, 300px\" \/><\/span><\/p>\n<p><span style=\"color: #000000;\">Kreu i L\u00ebvizjes Vet\u00ebvendosje, nj\u00ebher\u00ebsh kryeministri n\u00eb detyr\u00eb i Kosov\u00ebs, Albin Kurti, tha se partia e tij ka gatishm\u00ebri p\u00ebr t\u00eb bashk\u00ebqeverisur me Nism\u00ebn Socialdemokrate t\u00eb Fatmir Limajt, parti s\u00eb cil\u00ebs tha se i ka b\u00ebr\u00eb ofert\u00eb konkrete.<\/span><\/p>\n<p><span style=\"color: #000000;\">\u201cMe Limajn kemi zhvilluar nj\u00eb takim pardje. LVV-ja dhe un\u00eb kemi shprehur interesimin dhe gadishm\u00ebrin\u00eb p\u00ebr t\u00eb bashk\u00ebqeverisur me Nism\u00ebn Socialdemokrate dhe n\u00eb p\u00ebrputhje me k\u00ebt\u00eb un\u00eb kam b\u00ebr\u00eb edhe nj\u00eb ofert\u00eb konkrete q\u00eb gjith\u00e7ka t\u00eb p\u00ebrmbyllet sa m\u00eb shpejt e mir\u00eb, ta kemi konstitutim t\u00eb Kuvendit dhe Qeverin\u00eb\u201d, tha Kurti gjat\u00eb nj\u00eb konference p\u00ebr media n\u00eb Qeverin\u00eb e Kosov\u00ebs.<\/span><\/p>\n<p><span style=\"color: #000000;\">Kurti tha se nuk mund t\u00eb ofroj\u00eb holl\u00ebsi pasi kjo ofert\u00eb ende nuk \u00ebsht\u00eb konkretizuar n\u00eb marr\u00ebveshje, duke theksuar se \u201cnevojitet t\u00eb vazhdojn\u00eb bisedimet dhe vullneti politik\u201d, n\u00eb m\u00ebnyr\u00eb q\u00eb t\u00eb krijohen institucionet e reja.<\/span><\/p>\n<p><span style=\"color: #000000;\">Kreu i LVV-s\u00eb, partis\u00eb fituese t\u00eb zgjedhjeve t\u00eb shkurtit, tha se shpreson q\u00eb bisedimet me partin\u00eb e Limajt t\u00eb finalizohen gjat\u00eb k\u00ebsaj jave.<\/span><\/p>\n<p><span style=\"color: #000000;\"><em>\u201cK\u00ebt\u00eb fundjav\u00eb do ta kemi lajmin p\u00ebr marr\u00ebveshjen e arritur ose munges\u00ebn e saj\u201d,<\/em> tha ai.<\/span><\/p>\n<p><span style=\"color: #000000;\">M\u00eb 21 korrik, deputet\u00ebt p\u00ebr her\u00eb t\u00eb 50-t\u00eb d\u00ebshtuan t\u00eb konstituonin Kuvendin e Kosov\u00ebs, pasi partit\u00eb q\u00eb mandatin e kaluar ishin n\u00eb opozit\u00eb po kund\u00ebrshtojn\u00eb ndryshimin e m\u00ebnyr\u00ebs s\u00eb votimit p\u00ebr kryeparlamentar nga i hapur n\u00eb t\u00eb mbyllur.<\/span><\/p>\n<p><span style=\"color: #000000;\">Kurti dhe Limaj u takuan gjat\u00eb fundjav\u00ebs n\u00eb p\u00ebrpjekje p\u00ebr t\u00eb gjetur nj\u00eb zgjidhje drejt zhbllokimit t\u00eb situat\u00ebs. Para takimit, eksponent\u00eb t\u00eb Nism\u00ebs Socialdemokrate deklaruan se duan q\u00eb Limaj t\u00eb zgjidhet kryeparlamentar, n\u00eb k\u00ebmbim t\u00eb votimit t\u00eb Qeveris\u00eb s\u00eb re t\u00eb Kosov\u00ebs, t\u00eb udh\u00ebhequr nga partia e Kurtit.<\/span><\/p>\n<p><span style=\"color: #000000;\">Partia Demokratike e Kosov\u00ebs dhe Aleanca p\u00ebr Ardhm\u00ebrin\u00eb e Kosov\u00ebs e kan\u00eb cil\u00ebsuar si figur\u00eb p\u00ebr\u00e7ar\u00ebse t\u00eb propozuar\u00ebn e LVV-s\u00eb p\u00ebr kryeparlamentare, Albulena Haxhiun. Nd\u00ebrkaq, Lidhja Demokratike e Kosov\u00ebs ka th\u00ebn\u00eb se nuk do t\u00eb votoj\u00eb asnj\u00eb t\u00eb propozuar nga LVV-ja p\u00ebr kryeparlamentar.<\/span><\/p>\n<p><span style=\"color: #000000;\">Gjykata Kushtetuese e Kosov\u00ebs ka obliguar deputet\u00ebt q\u00eb ta konstituojn\u00eb organin ligjv\u00ebn\u00ebs deri m\u00eb 26 korrik. Duke folur p\u00ebr k\u00ebt\u00eb afat, Kurti p\u00ebrs\u00ebriti q\u00ebndrimin e tij se \u00ebsht\u00eb detyrim i t\u00eb gjith\u00eb deputet\u00ebve q\u00eb Kuvendi t\u00eb konstituohet dhe shtoi se nuk e di se \u00e7far\u00eb do t\u00eb ndodh\u00eb n\u00ebse ky afat nuk respektohet, pasi n\u00eb aktgjykimin e Kushtetueses nj\u00eb gj\u00eb e till\u00eb nuk \u00ebsht\u00eb p\u00ebrfshir\u00eb.<\/span><\/p>\n<p><span style=\"color: #000000;\">N\u00eb Kuvendin e Kosov\u00ebs me 120 ul\u00ebse, nevojiten 61 vota p\u00ebr t\u00eb votuar me sukses emrin e ri t\u00eb kryekuvendarit.<\/span><\/p>\n<p><span style=\"color: #000000;\">L\u00ebvizja Vet\u00ebvendosje, si fituesja e m\u00eb s\u00eb shumti votave n\u00eb zgjedhjet e 9 shkurtit, i ka 48 ul\u00ebse n\u00eb Kuvend, pasuar nga Partia Demokratike e Kosov\u00ebs me 24, Lidhja Demokratike e Kosov\u00ebs me 20, Lista Serbe \u2013 partia m\u00eb e madhe e serb\u00ebve n\u00eb Kosov\u00eb me 9 dhe koalicioni mes Aleanc\u00ebs p\u00ebr Ardhm\u00ebrin\u00eb e Kosov\u00ebs dhe Nism\u00ebs Socialdemokrate, me 8 t\u00eb tilla. Edhe 11 ul\u00ebse tjera jan\u00eb t\u00eb pakicave.<\/span><\/p>\n<p><span style=\"color: #000000;\">Vet\u00ebm Nisma Socialdemokrate i ka tre deputet\u00eb n\u00eb Kuvend. P\u00ebrve\u00e7 Limajt kjo parti p\u00ebrfaq\u00ebsohet nga Xhevahire Izmaku dhe Arb\u00ebresh\u00eb Kryeziu.<\/span><\/p>\n<p>&nbsp;<\/p>\n<p><span style=\"color: #000000;\">Ministri n\u00eb detyr\u00eb i Administrimit dhe Pushtetit Lokal dhe kryetari i Iniciativ\u00ebs s\u00eb re Demokratike t\u00eb Kosov\u00ebs (IRDK), Elbert Krasniqi, ka sinjalizuar m\u00eb par\u00eb se shtat\u00eb deputet\u00eb t\u00eb pakicave joserbe do t\u00eb votonin pro konstitutimit t\u00eb Kuvendit t\u00eb ri dhe nj\u00eb qeverie t\u00eb re t\u00eb udh\u00ebhequr nga L\u00ebvizja Vet\u00ebvendosje.<\/span><\/p>\n<p><span style=\"color: #000000;\">N\u00eb nj\u00eb skenar kur L\u00ebvizja Vet\u00ebvendosje, deputet\u00ebt e Nism\u00ebs dhe shtat\u00eb t\u00eb pakicave do t\u00eb votonin p\u00ebr konstituim t\u00eb Kuvendit, do t\u00eb duheshin edhe tri vota p\u00ebr finalizim t\u00eb procesit me sukses.<\/span><\/p>\n<p><span style=\"color: #000000;\">Deri m\u00eb tani, deputet\u00ebt e pakicave, Duda Balje, Veton Berisha dhe Adem Hoxha jan\u00eb deklaruar se nuk ofrojn\u00eb mb\u00ebshtetje pa u plot\u00ebsuar kushtet e tyre.\/ <span style=\"color: #0000ff;\">REL<\/span><\/span><\/p>\n","protected":false,"gt_translate_keys":[{"key":"rendered","format":"html"}]},"excerpt":{"rendered":"<p>Kreu i L\u00ebvizjes Vet\u00ebvendosje, nj\u00ebher\u00ebsh kryeministri n\u00eb detyr\u00eb i Kosov\u00ebs, Albin Kurti, tha se partia e tij ka gatishm\u00ebri p\u00ebr t\u00eb bashk\u00ebqeverisur me Nism\u00ebn Socialdemokrate t\u00eb Fatmir Limajt, parti s\u00eb cil\u00ebs tha se i ka b\u00ebr\u00eb ofert\u00eb konkrete. \u201cMe Limajn kemi zhvilluar nj\u00eb takim pardje. LVV-ja dhe un\u00eb kemi shprehur interesimin dhe gadishm\u00ebrin\u00eb p\u00ebr t\u00eb [&hellip;]<\/p>\n","protected":false,"gt_translate_keys":[{"key":"rendered","format":"html"}]},"author":32,"featured_media":732105,"comment_status":"closed","ping_status":"open","sticky":false,"template":"","format":"standard","meta":{"footnotes":""},"categories":[149],"tags":[],"class_list":["post-752219","post","type-post","status-publish","format-standard","has-post-thumbnail","hentry","category-kosoverajon"],"gt_translate_keys":[{"key":"link","format":"url"}],"_links":{"self":[{"href":"https:\/\/www.hashtag.al\/index.php\/wp-json\/wp\/v2\/posts\/752219","targetHints":{"allow":["GET"]}}],"collection":[{"href":"https:\/\/www.hashtag.al\/index.php\/wp-json\/wp\/v2\/posts"}],"about":[{"href":"https:\/\/www.hashtag.al\/index.php\/wp-json\/wp\/v2\/types\/post"}],"author":[{"embeddable":true,"href":"https:\/\/www.hashtag.al\/index.php\/wp-json\/wp\/v2\/users\/32"}],"replies":[{"embeddable":true,"href":"https:\/\/www.hashtag.al\/index.php\/wp-json\/wp\/v2\/comments?post=752219"}],"version-history":[{"count":99999,"href":"https:\/\/www.hashtag.al\/index.php\/wp-json\/wp\/v2\/posts\/752219\/revisions"}],"predecessor-version":[{"id":752220,"href":"https:\/\/www.hashtag.al\/index.php\/wp-json\/wp\/v2\/posts\/752219\/revisions\/752220"}],"wp:featuredmedia":[{"embeddable":true,"href":"https:\/\/www.hashtag.al\/index.php\/wp-json\/wp\/v2\/media\/732105"}],"wp:attachment":[{"href":"https:\/\/www.hashtag.al\/index.php\/wp-json\/wp\/v2\/media?parent=752219"}],"wp:term":[{"taxonomy":"category","embeddable":true,"href":"https:\/\/www.hashtag.al\/index.php\/wp-json\/wp\/v2\/categories?post=752219"},{"taxonomy":"post_tag","embeddable":true,"href":"https:\/\/www.hashtag.al\/index.php\/wp-json\/wp\/v2\/tags?post=752219"}],"curies":[{"name":"wp","href":"https:\/\/api.w.org\/{rel}","templated":true}]}}