{"id":751965,"date":"2025-07-20T10:02:14","date_gmt":"2025-07-20T08:02:14","guid":{"rendered":"https:\/\/www.hashtag.al\/?p=751965"},"modified":"2025-07-20T10:02:14","modified_gmt":"2025-07-20T08:02:14","slug":"zgjerohet-zjarri-ne-parkun-e-lures","status":"publish","type":"post","link":"https:\/\/www.hashtag.al\/index.php\/2025\/07\/20\/zgjerohet-zjarri-ne-parkun-e-lures\/","title":{"rendered":"Zgjerohet zjarri n\u00eb parkun e Lur\u00ebs","gt_translate_keys":[{"key":"rendered","format":"text"}]},"content":{"rendered":"<p><img loading=\"lazy\" decoding=\"async\" class=\"aligncenter size-full wp-image-751966\" src=\"https:\/\/www.hashtag.al\/wp-content\/uploads\/2025\/07\/zjarer.png\" alt=\"\" width=\"1137\" height=\"568\" srcset=\"https:\/\/www.hashtag.al\/wp-content\/uploads\/2025\/07\/zjarer.png 1137w, https:\/\/www.hashtag.al\/wp-content\/uploads\/2025\/07\/zjarer-300x150.png 300w, https:\/\/www.hashtag.al\/wp-content\/uploads\/2025\/07\/zjarer-1024x512.png 1024w, https:\/\/www.hashtag.al\/wp-content\/uploads\/2025\/07\/zjarer-768x384.png 768w\" sizes=\"auto, (max-width: 1137px) 100vw, 1137px\" \/><\/p>\n<p><span style=\"color: #000000;\">\u00cbsht\u00eb p\u00ebrkeq\u00ebsuar gjendja e zjarrit n\u00eb parkun komb\u00ebtar t\u00eb Lur\u00ebs.<\/span><\/p>\n<p><span style=\"color: #000000;\"> Zjarri i cili nisi dy jav\u00eb m\u00eb par\u00eb, \u00ebsht\u00eb afruar drejt Zall Gjo\u00e7ajt nd\u00ebrsa flak\u00ebt kan\u00eb shkrumbuar dhjet\u00ebra hektar\u00eb pyje me pisha t\u00eb zeza e drur\u00eb t\u00eb tjer\u00eb. <\/span><\/p>\n<p><span style=\"color: #000000;\">Dhjet\u00ebra forca zjarrfik\u00ebse po punojn\u00eb prej dit\u00ebsh n\u00eb zon\u00eb por p\u00ebr shkak t\u00eb terrenit t\u00eb v\u00ebshtir\u00eb nd\u00ebrhyrja ka qen\u00eb e v\u00ebshtir\u00eb.<\/span><\/p>\n","protected":false,"gt_translate_keys":[{"key":"rendered","format":"html"}]},"excerpt":{"rendered":"<p>\u00cbsht\u00eb p\u00ebrkeq\u00ebsuar gjendja e zjarrit n\u00eb parkun komb\u00ebtar t\u00eb Lur\u00ebs. Zjarri i cili nisi dy jav\u00eb m\u00eb par\u00eb, \u00ebsht\u00eb afruar drejt Zall Gjo\u00e7ajt nd\u00ebrsa flak\u00ebt kan\u00eb shkrumbuar dhjet\u00ebra hektar\u00eb pyje me pisha t\u00eb zeza e drur\u00eb t\u00eb tjer\u00eb. Dhjet\u00ebra forca zjarrfik\u00ebse po punojn\u00eb prej dit\u00ebsh n\u00eb zon\u00eb por p\u00ebr shkak t\u00eb terrenit t\u00eb v\u00ebshtir\u00eb nd\u00ebrhyrja [&hellip;]<\/p>\n","protected":false,"gt_translate_keys":[{"key":"rendered","format":"html"}]},"author":51,"featured_media":751966,"comment_status":"closed","ping_status":"open","sticky":false,"template":"","format":"standard","meta":{"footnotes":""},"categories":[65],"tags":[],"class_list":["post-751965","post","type-post","status-publish","format-standard","has-post-thumbnail","hentry","category-lajme"],"gt_translate_keys":[{"key":"link","format":"url"}],"_links":{"self":[{"href":"https:\/\/www.hashtag.al\/index.php\/wp-json\/wp\/v2\/posts\/751965","targetHints":{"allow":["GET"]}}],"collection":[{"href":"https:\/\/www.hashtag.al\/index.php\/wp-json\/wp\/v2\/posts"}],"about":[{"href":"https:\/\/www.hashtag.al\/index.php\/wp-json\/wp\/v2\/types\/post"}],"author":[{"embeddable":true,"href":"https:\/\/www.hashtag.al\/index.php\/wp-json\/wp\/v2\/users\/51"}],"replies":[{"embeddable":true,"href":"https:\/\/www.hashtag.al\/index.php\/wp-json\/wp\/v2\/comments?post=751965"}],"version-history":[{"count":99999,"href":"https:\/\/www.hashtag.al\/index.php\/wp-json\/wp\/v2\/posts\/751965\/revisions"}],"predecessor-version":[{"id":751967,"href":"https:\/\/www.hashtag.al\/index.php\/wp-json\/wp\/v2\/posts\/751965\/revisions\/751967"}],"wp:featuredmedia":[{"embeddable":true,"href":"https:\/\/www.hashtag.al\/index.php\/wp-json\/wp\/v2\/media\/751966"}],"wp:attachment":[{"href":"https:\/\/www.hashtag.al\/index.php\/wp-json\/wp\/v2\/media?parent=751965"}],"wp:term":[{"taxonomy":"category","embeddable":true,"href":"https:\/\/www.hashtag.al\/index.php\/wp-json\/wp\/v2\/categories?post=751965"},{"taxonomy":"post_tag","embeddable":true,"href":"https:\/\/www.hashtag.al\/index.php\/wp-json\/wp\/v2\/tags?post=751965"}],"curies":[{"name":"wp","href":"https:\/\/api.w.org\/{rel}","templated":true}]}}