{"id":751958,"date":"2025-07-20T09:16:30","date_gmt":"2025-07-20T07:16:30","guid":{"rendered":"https:\/\/www.hashtag.al\/?p=751958"},"modified":"2025-07-20T09:16:30","modified_gmt":"2025-07-20T07:16:30","slug":"dhunuan-46-vjecarin-ne-ksamil-pranga-3-personave","status":"publish","type":"post","link":"https:\/\/www.hashtag.al\/index.php\/2025\/07\/20\/dhunuan-46-vjecarin-ne-ksamil-pranga-3-personave\/","title":{"rendered":"Dhunuan 46-vje\u00e7arin n\u00eb Ksamil, pranga 3 personave","gt_translate_keys":[{"key":"rendered","format":"text"}]},"content":{"rendered":"<p><img loading=\"lazy\" decoding=\"async\" class=\"aligncenter size-full wp-image-751960\" src=\"https:\/\/www.hashtag.al\/wp-content\/uploads\/2025\/07\/IMG_9819.jpeg\" alt=\"\" width=\"640\" height=\"405\" srcset=\"https:\/\/www.hashtag.al\/wp-content\/uploads\/2025\/07\/IMG_9819.jpeg 640w, https:\/\/www.hashtag.al\/wp-content\/uploads\/2025\/07\/IMG_9819-300x190.jpeg 300w\" sizes=\"auto, (max-width: 640px) 100vw, 640px\" \/><\/p>\n<p><span style=\"color: #000000;\">Tre persona jan\u00eb arrestuar lidhur me nj\u00eb sherrt\u00eb ndodhur dit\u00ebn e djeshme n\u00eb Ksamil. <\/span><\/p>\n<p><span style=\"color: #000000;\">N\u00eb pranga kan\u00eb r\u00ebn\u00eb 43-vje\u00e7ari A.T., banues n\u00eb Berat, 18-vje\u00e7ari S.S. banues n\u00eb Dib\u00ebr dhe 35-vje\u00e7ari A.Z. banues n\u00eb Durr\u00ebs. <\/span><\/p>\n<p><span style=\"color: #000000;\">Ata akuzohen se n\u00eb bashk\u00ebpunim me nj\u00ebri-tjetrin dhunuan n\u00eb Ksamil 46-vje\u00e7arin Albert Pashaj.<\/span><\/p>\n<p><span style=\"color: #000000;\"><strong><b>Njoftimi<\/b><\/strong><\/span><\/p>\n<p><span style=\"color: #000000;\"><em><i>\u201cDhunuan me sende t\u00eb forta, gjat\u00eb nj\u00eb konflikti p\u00ebr motive t\u00eb dob\u00ebta, nj\u00eb 46-vje\u00e7ar, vihen n\u00eb pranga 3 shtetas dhe procedohet n\u00eb gjendje t\u00eb lir\u00eb, p\u00ebr shkak t\u00eb mosh\u00ebs, nj\u00eb 17-vje\u00e7ar.<\/i><\/em><\/span><\/p>\n<p><span style=\"color: #000000;\"><em><i>Procedohet penalisht edhe bashk\u00ebshortja e 46-vje\u00e7arit t\u00eb d\u00ebmtuar, pasi shkaktoi d\u00ebme materiale n\u00eb \u201cbeach bar\u201d-in e nj\u00ebrit prej t\u00eb arrestuarve.<\/i><\/em><\/span><\/p>\n<p><span style=\"color: #000000;\"><em><i>N\u00eb vijim t\u00eb zbardhjes s\u00eb plot\u00eb t\u00eb rrethanave t\u00eb konfliktit t\u00eb ndodhur dit\u00ebn e djeshme, n\u00eb Ksamil, dhe dokumentimit t\u00eb plot\u00eb t\u00eb ngjarjes, me q\u00ebllim v\u00ebnien p\u00ebrpara p\u00ebrgjegj\u00ebsis\u00eb penale t\u00eb autor\u00ebve, specialist\u00ebt p\u00ebr Hetimin e Krimeve n\u00eb Komisariatin e Policis\u00eb Sarand\u00eb arrestuan n\u00eb flagranc\u00eb, p\u00ebr vepr\u00ebn penale \u201cPlagosje e leht\u00eb me dashje\u201d, kryer n\u00eb bashk\u00ebpunim, shtetasit<\/i><\/em><\/span><\/p>\n<p><span style=\"color: #000000;\"><em><i>A. T., 43 vje\u00e7, banues n\u00eb Berat, S. S., 18 vje\u00e7, banues n\u00eb Dib\u00ebr dhe A. Z., 35 vje\u00e7, banues n\u00eb Durr\u00ebs.<\/i><\/em><\/span><\/p>\n<p><span style=\"color: #000000;\"><em><i>Gjithashtu, u procedua penalisht n\u00eb gjendje t\u00eb lir\u00eb, p\u00ebr shkak t\u00eb mosh\u00ebs, nj\u00eb shtetas i mitur, 17 vje\u00e7, banues n\u00eb Kam\u00ebz, Tiran\u00eb.<\/i><\/em><\/span><\/p>\n<p><span style=\"color: #000000;\"><em><i>Nga hetimet rezultoi se k\u00ebta shtetas, n\u00eb bashk\u00ebpunim me nj\u00ebri-tjetrin, p\u00ebr motive t\u00eb dob\u00ebta, kan\u00eb goditur me sende t\u00eb forta, pran\u00eb nj\u00eb plazhi publik n\u00eb Ksamil, shtetasin A. P., 46 vje\u00e7, banues n\u00eb Tiran\u00eb, duke i shkaktuar d\u00ebmtime trupore.<\/i><\/em><\/span><\/p>\n<p><span style=\"color: #000000;\"><em><i>Gjithashtu, lidhur me k\u00ebt\u00eb ngjarje, u referuan materialet n\u00eb Prokurori p\u00ebr vepr\u00ebn penale \u201cShkat\u00ebrrimi i pron\u00ebs\u201d dhe nisi procedimi penal p\u00ebr shtetasen O. P., 40 vje\u00e7e, pasi pas konfliktit kjo shtetase ka d\u00ebmtuar ambientin duke shkat\u00ebrruar pajisje dhe sende t\u00eb tjera n\u00eb \u201cbeach bar\u201d-in e shtetasit t\u00eb arrestuar A. T.<\/i><\/em><\/span><\/p>\n<p><span style=\"color: #000000;\"><em><i>Materialet procedurale i kaluan Prokuroris\u00eb pran\u00eb Gjykat\u00ebs s\u00eb Shkall\u00ebs s\u00eb Par\u00eb t\u00eb Juridiksionit t\u00eb P\u00ebrgjithsh\u00ebm Sarand\u00eb, p\u00ebr veprime t\u00eb m\u00ebtejshme.\u201d<\/i><\/em><\/span><\/p>\n","protected":false,"gt_translate_keys":[{"key":"rendered","format":"html"}]},"excerpt":{"rendered":"<p>Tre persona jan\u00eb arrestuar lidhur me nj\u00eb sherrt\u00eb ndodhur dit\u00ebn e djeshme n\u00eb Ksamil. N\u00eb pranga kan\u00eb r\u00ebn\u00eb 43-vje\u00e7ari A.T., banues n\u00eb Berat, 18-vje\u00e7ari S.S. banues n\u00eb Dib\u00ebr dhe 35-vje\u00e7ari A.Z. banues n\u00eb Durr\u00ebs. Ata akuzohen se n\u00eb bashk\u00ebpunim me nj\u00ebri-tjetrin dhunuan n\u00eb Ksamil 46-vje\u00e7arin Albert Pashaj. Njoftimi \u201cDhunuan me sende t\u00eb forta, gjat\u00eb nj\u00eb [&hellip;]<\/p>\n","protected":false,"gt_translate_keys":[{"key":"rendered","format":"html"}]},"author":51,"featured_media":751960,"comment_status":"closed","ping_status":"open","sticky":false,"template":"","format":"standard","meta":{"footnotes":""},"categories":[65],"tags":[],"class_list":["post-751958","post","type-post","status-publish","format-standard","has-post-thumbnail","hentry","category-lajme"],"gt_translate_keys":[{"key":"link","format":"url"}],"_links":{"self":[{"href":"https:\/\/www.hashtag.al\/index.php\/wp-json\/wp\/v2\/posts\/751958","targetHints":{"allow":["GET"]}}],"collection":[{"href":"https:\/\/www.hashtag.al\/index.php\/wp-json\/wp\/v2\/posts"}],"about":[{"href":"https:\/\/www.hashtag.al\/index.php\/wp-json\/wp\/v2\/types\/post"}],"author":[{"embeddable":true,"href":"https:\/\/www.hashtag.al\/index.php\/wp-json\/wp\/v2\/users\/51"}],"replies":[{"embeddable":true,"href":"https:\/\/www.hashtag.al\/index.php\/wp-json\/wp\/v2\/comments?post=751958"}],"version-history":[{"count":99999,"href":"https:\/\/www.hashtag.al\/index.php\/wp-json\/wp\/v2\/posts\/751958\/revisions"}],"predecessor-version":[{"id":751961,"href":"https:\/\/www.hashtag.al\/index.php\/wp-json\/wp\/v2\/posts\/751958\/revisions\/751961"}],"wp:featuredmedia":[{"embeddable":true,"href":"https:\/\/www.hashtag.al\/index.php\/wp-json\/wp\/v2\/media\/751960"}],"wp:attachment":[{"href":"https:\/\/www.hashtag.al\/index.php\/wp-json\/wp\/v2\/media?parent=751958"}],"wp:term":[{"taxonomy":"category","embeddable":true,"href":"https:\/\/www.hashtag.al\/index.php\/wp-json\/wp\/v2\/categories?post=751958"},{"taxonomy":"post_tag","embeddable":true,"href":"https:\/\/www.hashtag.al\/index.php\/wp-json\/wp\/v2\/tags?post=751958"}],"curies":[{"name":"wp","href":"https:\/\/api.w.org\/{rel}","templated":true}]}}