{"id":751896,"date":"2025-07-19T15:53:38","date_gmt":"2025-07-19T13:53:38","guid":{"rendered":"https:\/\/www.hashtag.al\/?p=751896"},"modified":"2025-07-19T15:53:38","modified_gmt":"2025-07-19T13:53:38","slug":"raportohet-per-te-pakten-26-te-vrare-ne-gaze","status":"publish","type":"post","link":"https:\/\/www.hashtag.al\/index.php\/2025\/07\/19\/raportohet-per-te-pakten-26-te-vrare-ne-gaze\/","title":{"rendered":"Raportohet p\u00ebr t\u00eb pakt\u00ebn 26 t\u00eb vrar\u00eb n\u00eb Gaz\u00eb","gt_translate_keys":[{"key":"rendered","format":"text"}]},"content":{"rendered":"<p><span style=\"color: #000000;\"><img loading=\"lazy\" decoding=\"async\" class=\"alignnone size-medium wp-image-751897\" src=\"https:\/\/www.hashtag.al\/wp-content\/uploads\/2025\/07\/Screenshot-2025-07-19-152054-300x173.png\" alt=\"\" width=\"300\" height=\"173\" srcset=\"https:\/\/www.hashtag.al\/wp-content\/uploads\/2025\/07\/Screenshot-2025-07-19-152054-300x173.png 300w, https:\/\/www.hashtag.al\/wp-content\/uploads\/2025\/07\/Screenshot-2025-07-19-152054-1024x591.png 1024w, https:\/\/www.hashtag.al\/wp-content\/uploads\/2025\/07\/Screenshot-2025-07-19-152054-768x443.png 768w, https:\/\/www.hashtag.al\/wp-content\/uploads\/2025\/07\/Screenshot-2025-07-19-152054-250x145.png 250w, https:\/\/www.hashtag.al\/wp-content\/uploads\/2025\/07\/Screenshot-2025-07-19-152054.png 1190w\" sizes=\"auto, (max-width: 300px) 100vw, 300px\" \/><\/span><\/p>\n<p><span style=\"color: #000000;\">Agjencia p\u00ebr mbrojtje civile n\u00eb Gaz\u00eb tha m\u00eb 19 korrik se sulmet izraelite kan\u00eb vrar\u00eb t\u00eb pakt\u00ebn 26 persona dhe kan\u00eb l\u00ebn\u00eb t\u00eb plagosur m\u00eb shum\u00eb se 100 t\u00eb tjer\u00eb pran\u00eb dy qendrave t\u00eb ndihm\u00ebs n\u00eb jug t\u00eb territorit palestinez.<\/span><\/p>\n<p><span style=\"color: #000000;\">Z\u00ebdh\u00ebn\u00ebsi i agjencis\u00eb, Mahmud Basal i tha AFP-s\u00eb se 22 persona u vran\u00eb pran\u00eb nj\u00eb qendre t\u00eb ndihm\u00ebs n\u00eb jugper\u00ebndim t\u00eb Han Junisit, nd\u00ebrkaq kat\u00ebr t\u00eb tjer\u00eb af\u00ebr nj\u00eb qendre n\u00eb veriper\u00ebndim t\u00eb Rafahut, duke faj\u00ebsuar \u201csulmet izraelite\u201d p\u00ebr t\u00eb dyja rastet.<\/span><\/p>\n<p><span style=\"color: #000000;\">Ushtria izraelite tha se po heton k\u00ebto pretendime.<\/span><\/p>\n<p><span style=\"color: #000000;\">P\u00ebr shkak t\u00eb kufizimeve t\u00eb vendosura ndaj mediave nd\u00ebrkomb\u00ebtare, raportimet p\u00ebr numrin e viktimave dhe detajet p\u00ebr sulmet e raportuara nga agjencia p\u00ebr mbrojtje civile dhe pal\u00eb t\u00eb tjera nuk mund t\u00eb konfirmohen n\u00eb m\u00ebnyr\u00eb t\u00eb pavarur.<\/span><\/p>\n<p><span style=\"color: #000000;\">Lufta n\u00eb Gaz\u00eb, q\u00eb u nxit nga sulmi i Hamasit \u2013 grupi palestinez i shpallur organizat\u00eb terroriste nga Shtetet e Bashkuara dhe Bashkimi Evropian \u2013 ndaj Izraelit m\u00eb 7 tetor 2023, ka shkaktuar nj\u00eb kriz\u00eb t\u00eb r\u00ebnd\u00eb humanitare n\u00eb enklav\u00ebn palestineze.<\/span><\/p>\n<p><span style=\"color: #000000;\">Mbi 2 milion\u00eb persona q\u00eb jetojn\u00eb n\u00eb Gaz\u00eb po p\u00ebrballen me munges\u00eb t\u00eb furnizimeve ushqimore dhe furnizimeve t\u00eb tjera elementare, teksa mjek\u00ebt kan\u00eb raportuar p\u00ebr rritje t\u00eb madhe t\u00eb rasteve t\u00eb kequshqyerjes.<\/span><\/p>\n<p><span style=\"color: #000000;\">Raportimet p\u00ebr sulmet ndaj personave q\u00eb k\u00ebrkojn\u00eb ndihma pran\u00eb qendrave t\u00eb shp\u00ebrndarjes jan\u00eb ditore, teksa autoritetet palestineze faj\u00ebsojn\u00eb Izraelin p\u00ebr k\u00ebto raste.<\/span><\/p>\n<p><span style=\"color: #000000;\">Nj\u00eb dit\u00eb m\u00eb par\u00eb, agjencia p\u00ebr mbrojtje civile n\u00eb Gaz\u00eb raportoi se n\u00ebnt\u00eb persona u vran\u00eb pran\u00eb qendr\u00ebs p\u00ebr shp\u00ebrndarjen e ndihm\u00ebs n\u00eb veriper\u00ebndim t\u00eb Rafahut.<\/span><\/p>\n<p><span style=\"color: #000000;\">Fondacioni Humanitar p\u00ebr Gaz\u00ebn \u2013 q\u00eb mb\u00ebshtetet nga SHBA-ja dhe Izraeli \u2013 mori p\u00ebrsip\u00ebr shp\u00ebrndarjen e ndihm\u00ebs n\u00eb Gaz\u00eb n\u00eb fund t\u00eb majit. Ky fondacion tha se t\u00eb m\u00ebrkur\u00ebn 20 persona vdiq\u00ebn n\u00eb Han Junis.<\/span><\/p>\n<p><span style=\"color: #000000;\">Por, p\u00ebr vdekjen e tyre fondacioni faj\u00ebsoi \u201cpersonat e armatosur t\u00eb lidhur me Hamasin\u201d q\u00eb pretendoi se shkaktuan \u201cskena katoike dhe t\u00eb rrezikshme\u201d dhe \u201cq\u00eblluan drejt personave q\u00eb k\u00ebrkonin ndihma\u201d.<\/span><\/p>\n<p><span style=\"color: #000000;\">M\u00eb her\u00ebt gjat\u00eb jav\u00ebs, Kombet e Bashkuara than\u00eb se kan\u00eb regjistruar 875 t\u00eb vrar\u00eb n\u00eb Gaz\u00eb, t\u00eb cil\u00ebt po tentonin t\u00eb merrnin ndihma, p\u00ebrfshir\u00eb 674 \u201cn\u00eb af\u00ebrsi t\u00eb qendrave t\u00eb Fondacionit Humanitar p\u00ebr Gaz\u00ebn\u201d q\u00eb kur ky fondacion nisi operacionet p\u00ebr shp\u00ebrndarjen e ndihm\u00ebs.\/<span style=\"color: #0000ff;\"><a style=\"color: #0000ff;\" href=\"https:\/\/www.evropaelire.org\/a\/sulme-qendra-ndihme-ne-gaze-\/33478436.html\">REL<\/a><\/span><\/span><\/p>\n","protected":false,"gt_translate_keys":[{"key":"rendered","format":"html"}]},"excerpt":{"rendered":"<p>Agjencia p\u00ebr mbrojtje civile n\u00eb Gaz\u00eb tha m\u00eb 19 korrik se sulmet izraelite kan\u00eb vrar\u00eb t\u00eb pakt\u00ebn 26 persona dhe kan\u00eb l\u00ebn\u00eb t\u00eb plagosur m\u00eb shum\u00eb se 100 t\u00eb tjer\u00eb pran\u00eb dy qendrave t\u00eb ndihm\u00ebs n\u00eb jug t\u00eb territorit palestinez. Z\u00ebdh\u00ebn\u00ebsi i agjencis\u00eb, Mahmud Basal i tha AFP-s\u00eb se 22 persona u vran\u00eb pran\u00eb nj\u00eb [&hellip;]<\/p>\n","protected":false,"gt_translate_keys":[{"key":"rendered","format":"html"}]},"author":32,"featured_media":751897,"comment_status":"closed","ping_status":"open","sticky":false,"template":"","format":"standard","meta":{"footnotes":""},"categories":[6],"tags":[],"class_list":["post-751896","post","type-post","status-publish","format-standard","has-post-thumbnail","hentry","category-nderkombetare"],"gt_translate_keys":[{"key":"link","format":"url"}],"_links":{"self":[{"href":"https:\/\/www.hashtag.al\/index.php\/wp-json\/wp\/v2\/posts\/751896","targetHints":{"allow":["GET"]}}],"collection":[{"href":"https:\/\/www.hashtag.al\/index.php\/wp-json\/wp\/v2\/posts"}],"about":[{"href":"https:\/\/www.hashtag.al\/index.php\/wp-json\/wp\/v2\/types\/post"}],"author":[{"embeddable":true,"href":"https:\/\/www.hashtag.al\/index.php\/wp-json\/wp\/v2\/users\/32"}],"replies":[{"embeddable":true,"href":"https:\/\/www.hashtag.al\/index.php\/wp-json\/wp\/v2\/comments?post=751896"}],"version-history":[{"count":99999,"href":"https:\/\/www.hashtag.al\/index.php\/wp-json\/wp\/v2\/posts\/751896\/revisions"}],"predecessor-version":[{"id":751898,"href":"https:\/\/www.hashtag.al\/index.php\/wp-json\/wp\/v2\/posts\/751896\/revisions\/751898"}],"wp:featuredmedia":[{"embeddable":true,"href":"https:\/\/www.hashtag.al\/index.php\/wp-json\/wp\/v2\/media\/751897"}],"wp:attachment":[{"href":"https:\/\/www.hashtag.al\/index.php\/wp-json\/wp\/v2\/media?parent=751896"}],"wp:term":[{"taxonomy":"category","embeddable":true,"href":"https:\/\/www.hashtag.al\/index.php\/wp-json\/wp\/v2\/categories?post=751896"},{"taxonomy":"post_tag","embeddable":true,"href":"https:\/\/www.hashtag.al\/index.php\/wp-json\/wp\/v2\/tags?post=751896"}],"curies":[{"name":"wp","href":"https:\/\/api.w.org\/{rel}","templated":true}]}}