{"id":751893,"date":"2025-07-19T15:07:50","date_gmt":"2025-07-19T13:07:50","guid":{"rendered":"https:\/\/www.hashtag.al\/?p=751893"},"modified":"2025-07-19T15:07:50","modified_gmt":"2025-07-19T13:07:50","slug":"shembjet-ne-theth-shehaj-nuk-ka-vend-per-njerezit-e-ndershem-ne-shqiperi","status":"publish","type":"post","link":"https:\/\/www.hashtag.al\/index.php\/2025\/07\/19\/shembjet-ne-theth-shehaj-nuk-ka-vend-per-njerezit-e-ndershem-ne-shqiperi\/","title":{"rendered":"Shembjet n\u00eb Theth, Shehaj: Nuk ka vend p\u00ebr njer\u00ebzit e ndersh\u00ebm n\u00eb Shqip\u00ebri","gt_translate_keys":[{"key":"rendered","format":"text"}]},"content":{"rendered":"<p><span style=\"color: #000000;\"><img loading=\"lazy\" decoding=\"async\" class=\"alignnone size-medium wp-image-751894\" src=\"https:\/\/www.hashtag.al\/wp-content\/uploads\/2025\/07\/Screenshot-2025-07-19-150603-300x235.png\" alt=\"\" width=\"300\" height=\"235\" srcset=\"https:\/\/www.hashtag.al\/wp-content\/uploads\/2025\/07\/Screenshot-2025-07-19-150603-300x235.png 300w, https:\/\/www.hashtag.al\/wp-content\/uploads\/2025\/07\/Screenshot-2025-07-19-150603.png 457w\" sizes=\"auto, (max-width: 300px) 100vw, 300px\" \/><\/span><\/p>\n<p><span style=\"color: #000000;\">Kreu i partis\u00eb \u201cMund\u00ebsia\u201d, Agron Shehaj, ka zhvilluar vizit\u00eb n\u00eb Theth, pas shembjes s\u00eb nj\u00eb lokali n\u00eb pron\u00ebsi t\u00eb nj\u00eb t\u00eb riu t\u00eb kthyer nga emigracioni.<\/span><\/p>\n<p><span style=\"color: #000000;\">P\u00ebrmes nj\u00eb postimi n\u00eb rrjetet sociale, Shehaj e ka cil\u00ebsuar aktin si nj\u00eb padrejt\u00ebsi t\u00eb r\u00ebnd\u00eb dhe simbol t\u00eb standardeve t\u00eb dyfishta q\u00eb, sipas tij, aplikon qeveria ndaj qytetar\u00ebve t\u00eb zakonsh\u00ebm dhe njer\u00ebzve t\u00eb pushtetsh\u00ebm.<\/span><\/p>\n<p><span style=\"color: #000000;\"><em>\u201cN\u00eb Theth, Klodianit, nj\u00eb djal\u00eb i ri i kthyer nga emigracioni, q\u00eb kishte nj\u00eb lokal t\u00eb vog\u00ebl mbi tok\u00ebn e prind\u00ebrve, ia shemb\u00ebn pa m\u00ebshir\u00eb. E shpall\u00ebn armik t\u00eb natyr\u00ebs, t\u00eb ligjit, t\u00eb shtetit,\u201d<\/em> shkruan Shehaj.<\/span><\/p>\n<p><span style=\"color: #000000;\">Nj\u00ebherazi, ai solli n\u00eb v\u00ebmendje projektin shum\u00ebmilion\u00ebsh n\u00eb Parkun Komb\u00ebtar t\u00eb Butrintit, p\u00ebr t\u00eb cilin faj\u00ebson ministren e Kultur\u00ebs, Mirela Kumbaro, dhe kryeministrin Edi Rama.<\/span><\/p>\n<p><span style=\"color: #000000;\">Sipas tij, nd\u00ebrtimet n\u00eb k\u00ebt\u00eb zon\u00eb kan\u00eb shkat\u00ebrruar nj\u00eb nga peizazhet m\u00eb t\u00eb rralla n\u00eb vend, pa u marr\u00eb asnj\u00eb mas\u00eb nd\u00ebshkuese ndaj p\u00ebrgjegj\u00ebsve.<\/span><\/p>\n<p><span style=\"color: #000000;\"><em>\u201cKur \u00ebsht\u00eb nj\u00eb qytetar i thjesht\u00eb q\u00eb guxon t\u00eb nd\u00ebrtoj\u00eb nj\u00eb jet\u00eb m\u00eb t\u00eb mir\u00eb, quhet shkat\u00ebrrimtar. Kur \u00ebsht\u00eb nj\u00eb minist\u00ebr q\u00eb betonon pasurin\u00eb ton\u00eb komb\u00ebtare, quhet \u2018zhvillim\u2019,\u201d<\/em> shkruan m\u00eb tej Shehaj.<\/span><\/p>\n<p><span style=\"color: #000000;\">Ai e mbyll reagimin e tij duke akuzuar qeverin\u00eb p\u00ebr mos dh\u00ebnien e mund\u00ebsis\u00eb q\u00eb njerzit e thjesht\u00eb t\u00eb jetojn\u00eb n\u00eb vendin e tyre: \u201c<em>Ky \u00ebsht\u00eb standardi i Shqip\u00ebris\u00eb sot: nuk ka vend p\u00ebr njer\u00ebzit e ndersh\u00ebm q\u00eb duan t\u00eb ja dalin me pun\u00eb, por vet\u00ebm p\u00ebr klient\u00ebt e pushtetit.\u201d<\/em><\/span><\/p>\n<p><iframe loading=\"lazy\" style=\"border: none; overflow: hidden;\" src=\"https:\/\/www.facebook.com\/plugins\/video.php?height=476&amp;href=https%3A%2F%2Fweb.facebook.com%2Fagronshehaj.al%2Fvideos%2F1035814481669741%2F&amp;show_text=false&amp;width=267&amp;t=0\" width=\"267\" height=\"476\" frameborder=\"0\" scrolling=\"no\" allowfullscreen=\"allowfullscreen\"><\/iframe><\/p>\n","protected":false,"gt_translate_keys":[{"key":"rendered","format":"html"}]},"excerpt":{"rendered":"<p>Kreu i partis\u00eb \u201cMund\u00ebsia\u201d, Agron Shehaj, ka zhvilluar vizit\u00eb n\u00eb Theth, pas shembjes s\u00eb nj\u00eb lokali n\u00eb pron\u00ebsi t\u00eb nj\u00eb t\u00eb riu t\u00eb kthyer nga emigracioni. P\u00ebrmes nj\u00eb postimi n\u00eb rrjetet sociale, Shehaj e ka cil\u00ebsuar aktin si nj\u00eb padrejt\u00ebsi t\u00eb r\u00ebnd\u00eb dhe simbol t\u00eb standardeve t\u00eb dyfishta q\u00eb, sipas tij, aplikon qeveria ndaj qytetar\u00ebve [&hellip;]<\/p>\n","protected":false,"gt_translate_keys":[{"key":"rendered","format":"html"}]},"author":32,"featured_media":751894,"comment_status":"closed","ping_status":"open","sticky":false,"template":"","format":"standard","meta":{"footnotes":""},"categories":[65],"tags":[],"class_list":["post-751893","post","type-post","status-publish","format-standard","has-post-thumbnail","hentry","category-lajme"],"gt_translate_keys":[{"key":"link","format":"url"}],"_links":{"self":[{"href":"https:\/\/www.hashtag.al\/index.php\/wp-json\/wp\/v2\/posts\/751893","targetHints":{"allow":["GET"]}}],"collection":[{"href":"https:\/\/www.hashtag.al\/index.php\/wp-json\/wp\/v2\/posts"}],"about":[{"href":"https:\/\/www.hashtag.al\/index.php\/wp-json\/wp\/v2\/types\/post"}],"author":[{"embeddable":true,"href":"https:\/\/www.hashtag.al\/index.php\/wp-json\/wp\/v2\/users\/32"}],"replies":[{"embeddable":true,"href":"https:\/\/www.hashtag.al\/index.php\/wp-json\/wp\/v2\/comments?post=751893"}],"version-history":[{"count":99999,"href":"https:\/\/www.hashtag.al\/index.php\/wp-json\/wp\/v2\/posts\/751893\/revisions"}],"predecessor-version":[{"id":751895,"href":"https:\/\/www.hashtag.al\/index.php\/wp-json\/wp\/v2\/posts\/751893\/revisions\/751895"}],"wp:featuredmedia":[{"embeddable":true,"href":"https:\/\/www.hashtag.al\/index.php\/wp-json\/wp\/v2\/media\/751894"}],"wp:attachment":[{"href":"https:\/\/www.hashtag.al\/index.php\/wp-json\/wp\/v2\/media?parent=751893"}],"wp:term":[{"taxonomy":"category","embeddable":true,"href":"https:\/\/www.hashtag.al\/index.php\/wp-json\/wp\/v2\/categories?post=751893"},{"taxonomy":"post_tag","embeddable":true,"href":"https:\/\/www.hashtag.al\/index.php\/wp-json\/wp\/v2\/tags?post=751893"}],"curies":[{"name":"wp","href":"https:\/\/api.w.org\/{rel}","templated":true}]}}