{"id":751890,"date":"2025-07-19T14:45:47","date_gmt":"2025-07-19T12:45:47","guid":{"rendered":"https:\/\/www.hashtag.al\/?p=751890"},"modified":"2025-07-19T14:45:47","modified_gmt":"2025-07-19T12:45:47","slug":"presidenti-i-perkohshem-sirian-shpall-armepushim-pas-perplasjesh-vdekjeprurese-sektare-ne-jug","status":"publish","type":"post","link":"https:\/\/www.hashtag.al\/index.php\/2025\/07\/19\/presidenti-i-perkohshem-sirian-shpall-armepushim-pas-perplasjesh-vdekjeprurese-sektare-ne-jug\/","title":{"rendered":"Presidenti i p\u00ebrkohsh\u00ebm sirian shpall arm\u00ebpushim pas p\u00ebrplasjesh vdekjeprur\u00ebse sektare n\u00eb jug","gt_translate_keys":[{"key":"rendered","format":"text"}]},"content":{"rendered":"<p><span style=\"color: #000000;\"><img loading=\"lazy\" decoding=\"async\" class=\"alignnone size-medium wp-image-751891\" src=\"https:\/\/www.hashtag.al\/wp-content\/uploads\/2025\/07\/Screenshot-2025-07-19-143915-300x174.png\" alt=\"\" width=\"300\" height=\"174\" srcset=\"https:\/\/www.hashtag.al\/wp-content\/uploads\/2025\/07\/Screenshot-2025-07-19-143915-300x174.png 300w, https:\/\/www.hashtag.al\/wp-content\/uploads\/2025\/07\/Screenshot-2025-07-19-143915-1024x595.png 1024w, https:\/\/www.hashtag.al\/wp-content\/uploads\/2025\/07\/Screenshot-2025-07-19-143915-768x446.png 768w, https:\/\/www.hashtag.al\/wp-content\/uploads\/2025\/07\/Screenshot-2025-07-19-143915-250x145.png 250w, https:\/\/www.hashtag.al\/wp-content\/uploads\/2025\/07\/Screenshot-2025-07-19-143915.png 1077w\" sizes=\"auto, (max-width: 300px) 100vw, 300px\" \/><\/span><\/p>\n<p><span style=\"color: #000000;\">Presidenca siriane ka shpallur nj\u00eb <em>&#8220;arm\u00ebpushim t\u00eb menj\u00ebhersh\u00ebm&#8221;<\/em> n\u00eb qytetin jugor t\u00eb Suweid\u00ebs, p\u00ebr t\u00eb ndaluar p\u00ebrplasjet sektare q\u00eb kan\u00eb vazhduar p\u00ebr nj\u00eb jav\u00eb dhe q\u00eb kan\u00eb shkaktuar qindra viktima.<\/span><\/p>\n<p><span style=\"color: #000000;\">P\u00ebrleshjet kan\u00eb ndodhur mes fiseve beduine dhe komunitetit druzi, t\u00eb dyja pal\u00ebt t\u00eb akuzuara p\u00ebr mizori. Pamje trondit\u00ebse tregojn\u00eb trupa t\u00eb pajet\u00eb t\u00eb shp\u00ebrndar\u00eb n\u00eb rrug\u00ebt e qytetit.<\/span><\/p>\n<p><span style=\"color: #000000;\"><em>&#8220;Ky moment k\u00ebrkon unitet t\u00eb plot\u00eb dhe bashk\u00ebpunim p\u00ebr t\u00eb kap\u00ebrcyer at\u00eb q\u00eb po p\u00ebrjetojm\u00eb,&#8221;<\/em> tha presidenti i p\u00ebrkohsh\u00ebm sirian, Ahmed al-Sharaa, p\u00ebrcjell <span style=\"color: #0000ff;\"><a style=\"color: #0000ff;\" href=\"https:\/\/www.bbc.com\/news\/articles\/c0m87d4p9gvo\">BBC.<\/a><\/span><\/span><\/p>\n<p><span style=\"color: #000000;\">Forcat e siguris\u00eb siriane u vendos\u00ebn n\u00eb Suweid\u00eb p\u00ebr t\u00eb ndaluar p\u00ebrplasjet, nd\u00ebrsa Izraeli dha miratimin p\u00ebr nd\u00ebrhyrjen me kusht q\u00eb t\u00eb mbrohej popullsia druzi.<\/span><\/p>\n<p><span style=\"color: #000000;\">M\u00eb her\u00ebt gjat\u00eb jav\u00ebs, Izraeli nd\u00ebrhyri drejtp\u00ebrdrejt n\u00eb konflikt duke goditur forcat qeveritare dhe nd\u00ebrtes\u00ebn e Ministris\u00eb s\u00eb Mbrojtjes n\u00eb Damask, duke deklaruar mb\u00ebshtetje p\u00ebr komunitetin druzi.<\/span><\/p>\n<p><span style=\"color: #000000;\">Sipas Observatorit Sirian p\u00ebr t\u00eb Drejtat e Njeriut (SOHR), me qend\u00ebr n\u00eb Britani, q\u00eb prej shp\u00ebrthimit t\u00eb dhun\u00ebs t\u00eb diel\u00ebn jan\u00eb vrar\u00eb t\u00eb pakt\u00ebn 718 persona.<\/span><\/p>\n<p><span style=\"color: #000000;\">Ambasadori amerikan n\u00eb Turqi dhe i d\u00ebrguari special i SHBA p\u00ebr Sirin\u00eb, Tom Barrack, njoftoi t\u00eb premten p\u00ebr arritjen e marr\u00ebveshjes p\u00ebr arm\u00ebpushim mes Siris\u00eb dhe Izraelit, t\u00eb mb\u00ebshtetur edhe nga Turqia dhe Jordania, nd\u00ebrsa Izraeli ende nuk ka komentuar zyrtarisht.<\/span><\/p>\n<p><span style=\"color: #000000;\"><em>&#8220;U b\u00ebjm\u00eb thirrje druzeve, beduin\u00ebve dhe sunit\u00ebve t\u00eb hedhin arm\u00ebt dhe t\u00eb nd\u00ebrtojn\u00eb s\u00eb bashku nj\u00eb identitet t\u00eb ri dhe t\u00eb bashkuar sirian, n\u00eb paqe me fqinj\u00ebt e tyre,&#8221;<\/em> tha Barrack.<\/span><\/p>\n<p><span style=\"color: #000000;\">Komuniteti druzi i Suweid\u00ebs ndjek nj\u00eb besim unik dhe sekret q\u00eb rrjedh nga Islami shiit dhe nuk i beson qeveris\u00eb aktuale t\u00eb Damaskut. Ata p\u00ebrb\u00ebjn\u00eb nj\u00eb pakic\u00eb n\u00eb Siri, si dhe n\u00eb Izrael dhe Liban.<\/span><\/p>\n<p><span style=\"color: #000000;\">Zyra e Komisionerit t\u00eb Lart\u00eb t\u00eb OKB p\u00ebr t\u00eb Drejtat e Njeriut, Volker T\u00fcrk, tha m\u00eb her\u00ebt se kishte marr\u00eb raporte t\u00eb besueshme p\u00ebr shkelje t\u00eb r\u00ebnda t\u00eb t\u00eb drejtave gjat\u00eb p\u00ebrplasjes, p\u00ebrfshir\u00eb ekzekutime t\u00eb p\u00ebrmbledhura dhe vrasje arbitrare.<\/span><\/p>\n<p><span style=\"color: #000000;\">N\u00eb deklarat\u00ebn e tij t\u00eb fundit, presidenti i p\u00ebrkohsh\u00ebm sirian tha se qeveria e tij <em>&#8220;\u00ebsht\u00eb e p\u00ebrkushtuar p\u00ebr t\u00eb mbrojtur t\u00eb gjitha pakicat dhe sektet n\u00eb vend dhe do t\u00eb ndjek\u00eb penalisht t\u00eb gjith\u00eb shkel\u00ebsit, pa p\u00ebrjashtim. Askush nuk do t\u2019i shp\u00ebtoj\u00eb p\u00ebrgjegj\u00ebsis\u00eb.&#8221;<\/em><\/span><\/p>\n","protected":false,"gt_translate_keys":[{"key":"rendered","format":"html"}]},"excerpt":{"rendered":"<p>Presidenca siriane ka shpallur nj\u00eb &#8220;arm\u00ebpushim t\u00eb menj\u00ebhersh\u00ebm&#8221; n\u00eb qytetin jugor t\u00eb Suweid\u00ebs, p\u00ebr t\u00eb ndaluar p\u00ebrplasjet sektare q\u00eb kan\u00eb vazhduar p\u00ebr nj\u00eb jav\u00eb dhe q\u00eb kan\u00eb shkaktuar qindra viktima. P\u00ebrleshjet kan\u00eb ndodhur mes fiseve beduine dhe komunitetit druzi, t\u00eb dyja pal\u00ebt t\u00eb akuzuara p\u00ebr mizori. Pamje trondit\u00ebse tregojn\u00eb trupa t\u00eb pajet\u00eb t\u00eb shp\u00ebrndar\u00eb n\u00eb [&hellip;]<\/p>\n","protected":false,"gt_translate_keys":[{"key":"rendered","format":"html"}]},"author":32,"featured_media":751891,"comment_status":"closed","ping_status":"open","sticky":false,"template":"","format":"standard","meta":{"footnotes":""},"categories":[6],"tags":[],"class_list":["post-751890","post","type-post","status-publish","format-standard","has-post-thumbnail","hentry","category-nderkombetare"],"gt_translate_keys":[{"key":"link","format":"url"}],"_links":{"self":[{"href":"https:\/\/www.hashtag.al\/index.php\/wp-json\/wp\/v2\/posts\/751890","targetHints":{"allow":["GET"]}}],"collection":[{"href":"https:\/\/www.hashtag.al\/index.php\/wp-json\/wp\/v2\/posts"}],"about":[{"href":"https:\/\/www.hashtag.al\/index.php\/wp-json\/wp\/v2\/types\/post"}],"author":[{"embeddable":true,"href":"https:\/\/www.hashtag.al\/index.php\/wp-json\/wp\/v2\/users\/32"}],"replies":[{"embeddable":true,"href":"https:\/\/www.hashtag.al\/index.php\/wp-json\/wp\/v2\/comments?post=751890"}],"version-history":[{"count":99999,"href":"https:\/\/www.hashtag.al\/index.php\/wp-json\/wp\/v2\/posts\/751890\/revisions"}],"predecessor-version":[{"id":751892,"href":"https:\/\/www.hashtag.al\/index.php\/wp-json\/wp\/v2\/posts\/751890\/revisions\/751892"}],"wp:featuredmedia":[{"embeddable":true,"href":"https:\/\/www.hashtag.al\/index.php\/wp-json\/wp\/v2\/media\/751891"}],"wp:attachment":[{"href":"https:\/\/www.hashtag.al\/index.php\/wp-json\/wp\/v2\/media?parent=751890"}],"wp:term":[{"taxonomy":"category","embeddable":true,"href":"https:\/\/www.hashtag.al\/index.php\/wp-json\/wp\/v2\/categories?post=751890"},{"taxonomy":"post_tag","embeddable":true,"href":"https:\/\/www.hashtag.al\/index.php\/wp-json\/wp\/v2\/tags?post=751890"}],"curies":[{"name":"wp","href":"https:\/\/api.w.org\/{rel}","templated":true}]}}