{"id":751845,"date":"2025-07-18T22:56:36","date_gmt":"2025-07-18T20:56:36","guid":{"rendered":"https:\/\/www.hashtag.al\/?p=751845"},"modified":"2025-07-18T22:56:36","modified_gmt":"2025-07-18T20:56:36","slug":"kush-po-e-tredh-dredhen-fotovoltaiku-830-hektare-i-kanines-qe-futi-bashkine-e-vlores-ne-shtetrrethim","status":"publish","type":"post","link":"https:\/\/www.hashtag.al\/index.php\/2025\/07\/18\/kush-po-e-tredh-dredhen-fotovoltaiku-830-hektare-i-kanines-qe-futi-bashkine-e-vlores-ne-shtetrrethim\/","title":{"rendered":"Kush po e tredh Dredh\u00ebn?\/ Fotovoltaiku 830 hektar\u00eb i Kanin\u00ebs, q\u00eb futi Bashkin\u00eb e Vlor\u00ebs n\u00eb shtetrrethim","gt_translate_keys":[{"key":"rendered","format":"text"}]},"content":{"rendered":"<div class=\"entry-content\">\n<p><span style=\"color: #000000;\"><img loading=\"lazy\" decoding=\"async\" class=\"size-medium wp-image-751846 aligncenter\" src=\"https:\/\/www.hashtag.al\/wp-content\/uploads\/2025\/07\/IMG_4115-300x163.jpeg\" alt=\"\" width=\"300\" height=\"163\" srcset=\"https:\/\/www.hashtag.al\/wp-content\/uploads\/2025\/07\/IMG_4115-300x163.jpeg 300w, https:\/\/www.hashtag.al\/wp-content\/uploads\/2025\/07\/IMG_4115-768x416.jpeg 768w, https:\/\/www.hashtag.al\/wp-content\/uploads\/2025\/07\/IMG_4115.jpeg 960w\" sizes=\"auto, (max-width: 300px) 100vw, 300px\" \/><\/span><br \/>\n<span style=\"color: #000000;\"><strong>Nga Klodian Tomorri<\/strong><\/span><\/p>\n<p><span style=\"color: #000000;\">N\u00eb n\u00ebtor t\u00eb vitit t\u00eb kaluar, Ermal Dredh\u00ebs i vun\u00eb nj\u00eb min\u00eb me sahat n\u00eb duar. N\u00eb protokollin e Bashkis\u00eb kishte mb\u00ebrritur nj\u00eb e ashtuquajtur shprehje interesi p\u00ebr t\u00eb nd\u00ebrtuar nj\u00eb central t\u00eb madh diellor n\u00eb Kanin\u00eb.<\/span><\/p>\n<p><span style=\"color: #000000;\">Projekti parashikonte t\u00eb shtrihej n\u00eb nj\u00eb sip\u00ebrfaqe 830 hektar\u00eb duke p\u00ebrlar\u00eb praktikisht t\u00eb gjith\u00eb faqen e Malit t\u00eb Kanin\u00ebs, e njohur ndryshe si ekonomia Shashic\u00eb-Gumenic\u00eb, atje ku qindra banor\u00eb t\u00eb zon\u00ebs kishin nd\u00ebrtuar ekonomin\u00eb e tyre blegtorale.<\/span><\/p>\n<p><span style=\"color: #000000;\">I v\u00ebn\u00eb p\u00ebrpara presionit t\u00eb madh q\u00eb vinte nga Tirana, Ermal Dredha filloi procedurat. Fillimisht duke caktuar nj\u00eb seanc\u00eb d\u00ebgjimore me banor\u00ebt e Kanin\u00ebs.<\/span><\/p>\n<p><span style=\"color: #000000;\">\u201cJan\u00eb gati 800 e ca hektar\u00eb q\u00eb ne duam t\u2019i vendosim n\u00eb nj\u00eb faz\u00eb studimi. Pra b\u00ebhet fjal\u00eb p\u00ebr strategjin\u00eb q\u00eb ka qeveria shqiptare sa i p\u00ebrket edhe pjes\u00ebs s\u00eb potencimit t\u00eb energjis\u00eb s\u00eb rinovueshme. Ideja \u00ebsht\u00eb q\u00eb ne e kemi si detyrim ligjor, q\u00eb kushdo q\u00eb ka nj\u00eb shprehje interesi t\u00eb vazhdojm\u00eb pro\u00e7edurat ligjore,\u201d u p\u00ebrpoq t\u00eb justifikohej kryebashkiaku i Vlor\u00ebs para banor\u00ebve t\u00eb Kanin\u00ebs.<\/span><\/p>\n<p><span style=\"color: #000000;\">Por banor\u00ebt ishin nj\u00ebz\u00ebri fuqimisht kund\u00ebr projektit, i cili sipas tyre do t\u00eb shkat\u00ebrronte p\u00ebrfundimisht ekonomit\u00eb e qindra familjeve q\u00eb jetojn\u00eb kryesisht me blegtori.<\/span><\/p>\n<p><span style=\"color: #000000;\">\u201cN\u00eb at\u00eb zon\u00eb, ku ju k\u00ebrkoni t\u00eb nd\u00ebrtoni centralin diellor ka m\u00eb shum\u00eb se 7500 krer\u00eb bag\u00ebti dhe dhjetra stane. Ku do shkojn\u00eb k\u00ebta njer\u00ebz?\u201d pyet\u00ebn disa nga banor\u00ebt.<\/span><\/p>\n<p><span style=\"color: #000000;\">Paralelisht ata than\u00eb se nj\u00eb pjes\u00eb e madhe e tokave n\u00eb gjurmn\u00ebn e projektit jan\u00eb prona private ose n\u00eb procese gjyq\u00ebsore p\u00ebr njohjen e titullit t\u00eb pron\u00ebsis\u00eb, edhe pse kryebashkiaku pretendon se sipas Kadastr\u00ebs ajo zon\u00eb rezulton tok\u00eb shtet.<\/span><\/p>\n<p><span style=\"color: #000000;\">I v\u00ebn\u00eb p\u00ebrball\u00eb kund\u00ebrshtimit t\u00eb fuqish\u00ebm t\u00eb banor\u00ebve, Ermal Dredha u mundua ta zvarris\u00eb sa m\u00eb shum\u00eb shtyrjen p\u00ebrpara t\u00eb projektit. Por presioni q\u00eb vinte nga Tirana ishte shum\u00eb i lart\u00eb.<\/span><\/p>\n<p><span style=\"color: #000000;\"><strong>Vlora n\u00eb shtetrrethim<\/strong><\/span><br \/>\n<span style=\"color: #000000;\">Teksa Partia Socialiste ishte mbledhur t\u00eb festonte 34 vjetorin e saj, n\u00eb media rrodh\u00ebn disa pamje t\u00eb nj\u00eb debati t\u00eb tensionuar mes Edi Ram\u00ebs dhe Ermal Dredh\u00ebs. N\u00eb pamjet filmike, kreu i qeveris\u00eb dukej qart\u00eb teksa i drejtohej me tone shum\u00eb t\u00eb ashpra kryebashkiakut t\u00eb Vlor\u00ebs.<\/span><\/p>\n<p><span style=\"color: #000000;\"><img loading=\"lazy\" decoding=\"async\" class=\"alignnone size-full wp-image-23177\" src=\"https:\/\/www.kapitali.al\/wp-content\/uploads\/2025\/07\/vlora.png\" sizes=\"auto, (max-width: 900px) 100vw, 900px\" srcset=\"https:\/\/www.kapitali.al\/wp-content\/uploads\/2025\/07\/vlora.png 900w, https:\/\/www.kapitali.al\/wp-content\/uploads\/2025\/07\/vlora-300x175.png 300w, https:\/\/www.kapitali.al\/wp-content\/uploads\/2025\/07\/vlora-768x448.png 768w\" alt=\"\" width=\"900\" height=\"525\" \/><\/span><\/p>\n<p><span style=\"color: #000000;\">Ndon\u00ebse motivi i p\u00ebrplasjes u lidh me zjarret n\u00eb fush\u00ebn e mbetjeve n\u00eb Vlor\u00eb, me sa duket arsyet ishin m\u00eb t\u00eb thella se kaq. Por ky ishte vet\u00ebm sinjali i par\u00eb, q\u00eb m\u00eb von\u00eb do t\u00eb pasohej nga nj\u00eb fortun\u00eb e paprecedent\u00eb, e cila e vuri bashkin\u00eb e Vlor\u00ebs n\u00eb nj\u00eb shtetrrethim qeveritar.<\/span><\/p>\n<p><span style=\"color: #000000;\">Dy jav\u00eb pas p\u00ebrvjetorit t\u00eb PS, Edi Rama zbarkoi vet\u00eb n\u00eb Vlor\u00eb. Gjat\u00eb nj\u00eb takimi po t\u00eb tensionuar me Ermal Dredh\u00ebn ai urdh\u00ebroi shkarkimin e t\u00eb gjith\u00eb drejtor\u00ebve t\u00eb bashkis\u00eb. Kjo ishte hera e par\u00eb n\u00eb historin\u00eb e shtetit shqiptar, kur kryeministri shkarkonte t\u00eb gjith\u00eb ekipin drejtues t\u00eb nj\u00eb bashkie, e cila m\u00eb von\u00eb u pasua nga disa bashki t\u00eb tjera, por jo me intensitetin e Vlor\u00ebs.<\/span><\/p>\n<p><span style=\"color: #000000;\">Dhe nd\u00ebrsa drejtor\u00ebt e Vlor\u00ebs dilnin t\u00eb gjith\u00eb kok\u00ebulur dhe me bishtin nd\u00ebr shal\u00eb nga Bashkia, ku sapo kishin dh\u00ebn\u00eb dor\u00ebheqjet, shum\u00eb po p\u00ebrpiqeshin t\u00eb kuptonin se \u00e7far\u00eb q\u00ebndronte v\u00ebrtet\u00eb pas bombardimit q\u00eb Edi Rama i b\u00ebri Bashkis\u00eb s\u00eb Vlor\u00ebs. Por p\u00ebrgjigje nuk kishte.<\/span><\/p>\n<p><span style=\"color: #000000;\">Megjithat\u00eb paz\u00eblli do t\u00eb dukej m\u00eb i plot\u00eb vet\u00ebm dy jav\u00eb m\u00eb von\u00eb.<\/span><\/p>\n<p><span style=\"color: #000000;\"><strong>\u201cKanina\u201d n\u00eb K\u00ebshill Bashkiak<\/strong><\/span><br \/>\n<span style=\"color: #000000;\">Dredhit\u00eb p\u00ebr ta zvarritur sa m\u00eb shum\u00eb projektin e rr\u00ebmbimit t\u00eb tok\u00ebs n\u00eb Kanin\u00eb nuk po pinin m\u00eb uj\u00eb. Pas dhunimit t\u00eb Bashkis\u00eb s\u00eb Vlor\u00ebs nga Edi Rama, me sa duket mesazhi u p\u00ebrcoll qart\u00eb. Dy dit\u00eb m\u00eb par\u00eb, Ermal Dredha, firmosi projektvendimin p\u00ebr nisjen e procedur\u00ebs p\u00ebr dh\u00ebnien me qira p\u00ebr 10 vjet me t\u00eb drejt\u00eb rinovimi t\u00eb 834 hektar\u00ebve n\u00eb Kanin\u00eb. Rast\u00ebsi shum\u00eb e fort\u00eb.\u00a0<\/span><\/p>\n<p><span style=\"color: #000000;\"><img loading=\"lazy\" decoding=\"async\" class=\"alignnone size-full wp-image-23178\" src=\"https:\/\/www.kapitali.al\/wp-content\/uploads\/2025\/07\/projektvendimi-.jpg\" sizes=\"auto, (max-width: 701px) 100vw, 701px\" srcset=\"https:\/\/www.kapitali.al\/wp-content\/uploads\/2025\/07\/projektvendimi-.jpg 701w, https:\/\/www.kapitali.al\/wp-content\/uploads\/2025\/07\/projektvendimi--241x300.jpg 241w\" alt=\"\" width=\"701\" height=\"873\" \/><\/span><\/p>\n<p><span style=\"color: #000000;\"><strong>Projektvendimi p\u00ebr rr\u00ebmbimin e Kanin\u00ebs<\/strong><\/span><\/p>\n<p><span style=\"color: #000000;\">Projektvendimi i firmosur \u00ebsht\u00eb caktuar p\u00ebr votim n\u00eb mbledhjen e radh\u00ebs t\u00eb K\u00ebshillit Bashkiak t\u00eb Vlor\u00ebs, e cila do t\u00eb zhvillohet n\u00eb dat\u00ebn 21 korrik. <\/span><br \/>\n<span style=\"color: #000000;\">\u201cQ\u00ebllimi i k\u00ebtij projektvendimi \u00ebsht\u00eb miratimi n\u00eb K\u00ebshillin Bashkiak t\u00eb Vlor\u00ebs i dh\u00ebnies n\u00eb p\u00ebrdorim me afat 10 vjet me t\u00eb drejt\u00eb rinovimi i sip\u00ebrfaqes kullosore Shashic\u00eb Gumenic\u00eb, me sip\u00ebrfaqe totale 834 hektar\u00eb, t\u00eb cilat plot\u00ebsojn\u00eb kushtet e favorshme klimaterike p\u00ebr veprimtari fotovoltaike me q\u00ebllim prodhimin e energjis\u00eb,\u201d thuhet n\u00eb relacionin e projekvendimit.<\/span><\/p>\n<p><span style=\"color: #000000;\">Ndon\u00ebse Bashkia e Vlor\u00ebs e mban t\u00eb fsheht\u00eb emrin e kompanis\u00eb q\u00eb q\u00ebndron pas shprehjes s\u00eb interesit p\u00ebr nd\u00ebrtimin e parkut diellor, n\u00ebn z\u00eb flitet se pas projektit q\u00ebndron nj\u00eb oligark i fuqish\u00ebm mediatik nga Tirana, i cili del pronar gjithandej n\u00eb Jug. Dhe me sa duket tashm\u00eb do t\u00eb b\u00ebhet edhe pronari i Kanin\u00ebs, teksa qeveria po shfaros k\u00ebshtu edhe at\u00eb pak blegtori q\u00eb ka mbetur ende n\u00eb Shqip\u00ebri dhe po p\u00ebrz\u00eb edhe ata pak njer\u00ebz, q\u00eb nuk kan\u00eb ikur akoma nga syt\u00eb k\u00ebmb\u00ebt n\u00eb emigrim.<\/span><\/p>\n<p><span style=\"color: #000000;\"><span style=\"color: #ff0000;\"><strong>VINI RE:<\/strong> <\/span>Artikulli \u00ebsht\u00eb pron\u00ebsi intelektuale e <span style=\"color: #0000ff;\"><a style=\"color: #0000ff;\" href=\"https:\/\/www.kapitali.al\/kush-po-e-tredh-dredhen-fotovoltaiku-830-hektare-i-kanines-qe-futi-bashkine-e-vlores-ne-shtetrrethim\/?fbclid=IwQ0xDSwLnkKRleHRuA2FlbQIxMQABHoT8VGrmOEdymGSxivMjSPKn6XIgbhYY1XtIAPNgaZjGuLXEfF_kRq0UmTfK_aem_96n8p7KOCtCUVpu2gGQ7rA\">Kapital.al<\/a><\/span><\/span><\/p>\n<\/div>\n","protected":false,"gt_translate_keys":[{"key":"rendered","format":"html"}]},"excerpt":{"rendered":"<p>Nga Klodian Tomorri N\u00eb n\u00ebtor t\u00eb vitit t\u00eb kaluar, Ermal Dredh\u00ebs i vun\u00eb nj\u00eb min\u00eb me sahat n\u00eb duar. N\u00eb protokollin e Bashkis\u00eb kishte mb\u00ebrritur nj\u00eb e ashtuquajtur shprehje interesi p\u00ebr t\u00eb nd\u00ebrtuar nj\u00eb central t\u00eb madh diellor n\u00eb Kanin\u00eb. Projekti parashikonte t\u00eb shtrihej n\u00eb nj\u00eb sip\u00ebrfaqe 830 hektar\u00eb duke p\u00ebrlar\u00eb praktikisht t\u00eb gjith\u00eb faqen [&hellip;]<\/p>\n","protected":false,"gt_translate_keys":[{"key":"rendered","format":"html"}]},"author":32,"featured_media":751846,"comment_status":"closed","ping_status":"open","sticky":false,"template":"","format":"standard","meta":{"footnotes":""},"categories":[22],"tags":[],"class_list":["post-751845","post","type-post","status-publish","format-standard","has-post-thumbnail","hentry","category-ballina"],"gt_translate_keys":[{"key":"link","format":"url"}],"_links":{"self":[{"href":"https:\/\/www.hashtag.al\/index.php\/wp-json\/wp\/v2\/posts\/751845","targetHints":{"allow":["GET"]}}],"collection":[{"href":"https:\/\/www.hashtag.al\/index.php\/wp-json\/wp\/v2\/posts"}],"about":[{"href":"https:\/\/www.hashtag.al\/index.php\/wp-json\/wp\/v2\/types\/post"}],"author":[{"embeddable":true,"href":"https:\/\/www.hashtag.al\/index.php\/wp-json\/wp\/v2\/users\/32"}],"replies":[{"embeddable":true,"href":"https:\/\/www.hashtag.al\/index.php\/wp-json\/wp\/v2\/comments?post=751845"}],"version-history":[{"count":99999,"href":"https:\/\/www.hashtag.al\/index.php\/wp-json\/wp\/v2\/posts\/751845\/revisions"}],"predecessor-version":[{"id":751847,"href":"https:\/\/www.hashtag.al\/index.php\/wp-json\/wp\/v2\/posts\/751845\/revisions\/751847"}],"wp:featuredmedia":[{"embeddable":true,"href":"https:\/\/www.hashtag.al\/index.php\/wp-json\/wp\/v2\/media\/751846"}],"wp:attachment":[{"href":"https:\/\/www.hashtag.al\/index.php\/wp-json\/wp\/v2\/media?parent=751845"}],"wp:term":[{"taxonomy":"category","embeddable":true,"href":"https:\/\/www.hashtag.al\/index.php\/wp-json\/wp\/v2\/categories?post=751845"},{"taxonomy":"post_tag","embeddable":true,"href":"https:\/\/www.hashtag.al\/index.php\/wp-json\/wp\/v2\/tags?post=751845"}],"curies":[{"name":"wp","href":"https:\/\/api.w.org\/{rel}","templated":true}]}}