{"id":751842,"date":"2025-07-18T22:41:09","date_gmt":"2025-07-18T20:41:09","guid":{"rendered":"https:\/\/www.hashtag.al\/?p=751842"},"modified":"2025-07-18T22:41:09","modified_gmt":"2025-07-18T20:41:09","slug":"qindra-te-vrare-ne-perplasjet-mes-druzeve-dhe-beduineve-ne-siri","status":"publish","type":"post","link":"https:\/\/www.hashtag.al\/index.php\/2025\/07\/18\/qindra-te-vrare-ne-perplasjet-mes-druzeve-dhe-beduineve-ne-siri\/","title":{"rendered":"Qindra t\u00eb vrar\u00eb n\u00eb p\u00ebrplasjet mes druz\u00ebve dhe beduin\u00ebve n\u00eb Siri","gt_translate_keys":[{"key":"rendered","format":"text"}]},"content":{"rendered":"<p data-start=\"125\" data-end=\"433\"><span style=\"color: #000000;\"><img loading=\"lazy\" decoding=\"async\" class=\"size-medium wp-image-751843 aligncenter\" src=\"https:\/\/www.hashtag.al\/wp-content\/uploads\/2025\/07\/IMG_4114-300x208.jpeg\" alt=\"\" width=\"300\" height=\"208\" srcset=\"https:\/\/www.hashtag.al\/wp-content\/uploads\/2025\/07\/IMG_4114-300x208.jpeg 300w, https:\/\/www.hashtag.al\/wp-content\/uploads\/2025\/07\/IMG_4114-768x533.jpeg 768w, https:\/\/www.hashtag.al\/wp-content\/uploads\/2025\/07\/IMG_4114.jpeg 828w\" sizes=\"auto, (max-width: 300px) 100vw, 300px\" \/><br \/>\nP\u00ebrleshje t\u00eb ashpra shp\u00ebrthyen s\u00ebrish t\u00eb premten n\u00eb provinc\u00ebn jugore siriane t\u00eb Suveid\u00ebs, ku fiset beduine t\u00eb mb\u00ebshtetura nga qeveria islamiste e Siris\u00eb u p\u00ebrball\u00ebn me luft\u00ebtar\u00ebt lokal\u00eb druze, vet\u00ebm nj\u00eb dit\u00eb pasi ushtria u t\u00ebrhoq n\u00ebn presionin e bombardimeve izraelite dhe trysnin\u00eb diplomatike nd\u00ebrkomb\u00ebtare, p\u00ebrcjell <span style=\"color: #0000ff;\"><a style=\"color: #0000ff;\" href=\"https:\/\/www.theguardian.com\/world\/2025\/jul\/18\/more-violence-erupts-in-syrias-druze-heartland-as-tribal-groups-reinforce-local-bedouin\">Guardian<\/a><\/span>.<\/span><\/p>\n<p data-start=\"435\" data-end=\"651\"><span style=\"color: #000000;\">Sipas Observatorit Sirian p\u00ebr t\u00eb Drejtat e Njeriut (SOHR), t\u00eb pakt\u00ebn 638 persona jan\u00eb vrar\u00eb q\u00eb nga e diela, nd\u00ebrkoh\u00eb q\u00eb mbi 79,000 jan\u00eb zhvendosur q\u00eb nga 13 korriku, vet\u00ebm m\u00eb shum\u00eb se 20,000 m\u00eb 17 korrik.<\/span><\/p>\n<p data-start=\"653\" data-end=\"1012\"><span style=\"color: #000000;\">Kreu n\u00eb detyr\u00eb i qeveris\u00eb siriane, Ahmed al-Sharaa, urdh\u00ebroi t\u00ebrheqjen e forcave t\u00eb armatosura t\u00eb shtetit duke p\u00ebrmendur nd\u00ebrhyrjen nd\u00ebrkomb\u00ebtare q\u00eb ndihmoi n\u00eb shmangien e nj\u00eb p\u00ebrshkall\u00ebzimi t\u00eb madh me Izraelin. Por largimi i ushtris\u00eb ka hapur rrug\u00eb p\u00ebr p\u00ebrleshje t\u00eb ashpra, t\u00eb cilat u ndez\u00ebn fillimisht pas rr\u00ebmbimit t\u00eb nj\u00eb tregtari druz nga beduin\u00ebt lokal\u00eb.<\/span><\/p>\n<p data-start=\"1014\" data-end=\"1310\"><span style=\"color: #000000;\">Gazetar\u00ebt n\u00eb terren raportojn\u00eb p\u00ebr luftime me arm\u00eb t\u00eb r\u00ebnda dhe predha n\u00eb hyrje t\u00eb qytetit t\u00eb Suveid\u00ebs, nd\u00ebrsa trupat e pajet\u00eb jan\u00eb grumbulluar n\u00eb korridoret e spitalit komb\u00ebtar, p\u00ebr shkak t\u00eb mbingarkes\u00ebs n\u00eb morg. \u201cTrupat po q\u00ebndrojn\u00eb n\u00eb rrug\u00eb p\u00ebrpara spitalit,\u201d tha mjeku Omar Obeid p\u00ebr AFP.<\/span><\/p>\n<p data-start=\"1312\" data-end=\"1534\"><span style=\"color: #000000;\">Situata humanitare \u00ebsht\u00eb p\u00ebrshkruar si katastrofike. Banor\u00ebt jan\u00eb pa uj\u00eb, energji dhe komunikim, nd\u00ebrsa mungon edhe ushqimi p\u00ebr f\u00ebmij\u00ebt. \u201cNuk gjejm\u00eb m\u00eb qum\u00ebsht p\u00ebr f\u00ebmij\u00ebt,\u201d tha Rayan Maarouf, kryeredaktor i Suwayda24.<\/span><\/p>\n<p data-start=\"1536\" data-end=\"1763\"><span style=\"color: #000000;\">Organizatat nd\u00ebrkomb\u00ebtare kan\u00eb ngritur alarmin. Komisioneri i Lart\u00eb i OKB-s\u00eb p\u00ebr t\u00eb Drejtat e Njeriut, Volker T\u00fcrk, k\u00ebrkoi hetim t\u00eb pavarur dhe transparent p\u00ebr shkeljet e r\u00ebnda ndaj civil\u00ebve dhe ndalimin e gjakderdhjes.<\/span><\/p>\n<p data-start=\"1765\" data-end=\"2015\"><span style=\"color: #000000;\">Komiteti Nd\u00ebrkomb\u00ebtar i Kryqit t\u00eb Kuq paralajm\u00ebroi p\u00ebr kolaps t\u00eb sh\u00ebrbimeve mjek\u00ebsore: \u201cMungojn\u00eb furnizimet, spitalet jan\u00eb t\u00eb mbingarkuara dhe mungesa e energjis\u00eb po e pamund\u00ebson ruajtjen e trupave,\u201d deklaroi drejtuesi i delegacionit t\u00eb ICRC n\u00eb Siri.<\/span><\/p>\n<p data-start=\"2017\" data-end=\"2195\"><span style=\"color: #000000;\">Nd\u00ebrkoh\u00eb, Izraeli ka njoftuar nj\u00eb ndihm\u00eb prej 2 milion\u00eb shekel (rreth 600 mij\u00eb dollar\u00eb) p\u00ebr komunitetin druz n\u00eb Suveid\u00eb, duke p\u00ebrfshir\u00eb paketa ushqimore dhe ndihm\u00eb mjek\u00ebsore.<\/span><\/p>\n<p data-start=\"2197\" data-end=\"2437\"><span style=\"color: #000000;\">Fiset beduine nga pjes\u00eb t\u00eb ndryshme t\u00eb Siris\u00eb jan\u00eb mbledhur n\u00eb fshatrat rreth Suveid\u00ebs, t\u00eb mb\u00ebshtetura nga qeveria siriane, e cila, sipas SOHR, nuk mund t\u00eb d\u00ebrgoj\u00eb m\u00eb forca n\u00eb at\u00eb zon\u00eb p\u00ebr shkak t\u00eb nj\u00eb marr\u00ebveshjeje sigurie me Izraelin.<\/span><\/p>\n<p data-start=\"2439\" data-end=\"2762\"><span style=\"color: #000000;\">Kjo \u00ebsht\u00eb p\u00ebrshkall\u00ebzimi m\u00eb serioz q\u00eb nga prilli dhe maji, kur dhuna mes qeveris\u00eb dhe luft\u00ebtar\u00ebve druze n\u00eb Suveid\u00eb dhe rreth Damaskut la mbi 100 t\u00eb vdekur. Marr\u00ebdh\u00ebniet e qeveris\u00eb n\u00eb detyr\u00eb me pakicat etnike dhe fetare, p\u00ebrfshir\u00eb druz\u00ebt, kurd\u00ebt dhe alewit\u00ebt, jan\u00eb p\u00ebrkeq\u00ebsuar q\u00eb prej rr\u00ebzimit t\u00eb Bashar al-Assad n\u00eb dhjetor.<\/span><\/p>\n","protected":false,"gt_translate_keys":[{"key":"rendered","format":"html"}]},"excerpt":{"rendered":"<p>P\u00ebrleshje t\u00eb ashpra shp\u00ebrthyen s\u00ebrish t\u00eb premten n\u00eb provinc\u00ebn jugore siriane t\u00eb Suveid\u00ebs, ku fiset beduine t\u00eb mb\u00ebshtetura nga qeveria islamiste e Siris\u00eb u p\u00ebrball\u00ebn me luft\u00ebtar\u00ebt lokal\u00eb druze, vet\u00ebm nj\u00eb dit\u00eb pasi ushtria u t\u00ebrhoq n\u00ebn presionin e bombardimeve izraelite dhe trysnin\u00eb diplomatike nd\u00ebrkomb\u00ebtare, p\u00ebrcjell Guardian. Sipas Observatorit Sirian p\u00ebr t\u00eb Drejtat e Njeriut [&hellip;]<\/p>\n","protected":false,"gt_translate_keys":[{"key":"rendered","format":"html"}]},"author":32,"featured_media":751843,"comment_status":"closed","ping_status":"open","sticky":false,"template":"","format":"standard","meta":{"footnotes":""},"categories":[6],"tags":[],"class_list":["post-751842","post","type-post","status-publish","format-standard","has-post-thumbnail","hentry","category-nderkombetare"],"gt_translate_keys":[{"key":"link","format":"url"}],"_links":{"self":[{"href":"https:\/\/www.hashtag.al\/index.php\/wp-json\/wp\/v2\/posts\/751842","targetHints":{"allow":["GET"]}}],"collection":[{"href":"https:\/\/www.hashtag.al\/index.php\/wp-json\/wp\/v2\/posts"}],"about":[{"href":"https:\/\/www.hashtag.al\/index.php\/wp-json\/wp\/v2\/types\/post"}],"author":[{"embeddable":true,"href":"https:\/\/www.hashtag.al\/index.php\/wp-json\/wp\/v2\/users\/32"}],"replies":[{"embeddable":true,"href":"https:\/\/www.hashtag.al\/index.php\/wp-json\/wp\/v2\/comments?post=751842"}],"version-history":[{"count":99999,"href":"https:\/\/www.hashtag.al\/index.php\/wp-json\/wp\/v2\/posts\/751842\/revisions"}],"predecessor-version":[{"id":751844,"href":"https:\/\/www.hashtag.al\/index.php\/wp-json\/wp\/v2\/posts\/751842\/revisions\/751844"}],"wp:featuredmedia":[{"embeddable":true,"href":"https:\/\/www.hashtag.al\/index.php\/wp-json\/wp\/v2\/media\/751843"}],"wp:attachment":[{"href":"https:\/\/www.hashtag.al\/index.php\/wp-json\/wp\/v2\/media?parent=751842"}],"wp:term":[{"taxonomy":"category","embeddable":true,"href":"https:\/\/www.hashtag.al\/index.php\/wp-json\/wp\/v2\/categories?post=751842"},{"taxonomy":"post_tag","embeddable":true,"href":"https:\/\/www.hashtag.al\/index.php\/wp-json\/wp\/v2\/tags?post=751842"}],"curies":[{"name":"wp","href":"https:\/\/api.w.org\/{rel}","templated":true}]}}