{"id":751812,"date":"2025-07-18T18:15:13","date_gmt":"2025-07-18T16:15:13","guid":{"rendered":"https:\/\/www.hashtag.al\/?p=751812"},"modified":"2025-07-18T18:15:13","modified_gmt":"2025-07-18T16:15:13","slug":"osmani-takon-limajn-ne-perpjekje-per-zhbllokimin-e-konstituimit-te-kuvendit","status":"publish","type":"post","link":"https:\/\/www.hashtag.al\/index.php\/2025\/07\/18\/osmani-takon-limajn-ne-perpjekje-per-zhbllokimin-e-konstituimit-te-kuvendit\/","title":{"rendered":"Osmani takon Limajn n\u00eb p\u00ebrpjekje p\u00ebr zhbllokimin e konstituimit t\u00eb Kuvendit","gt_translate_keys":[{"key":"rendered","format":"text"}]},"content":{"rendered":"<p><span style=\"color: #000000;\"><img decoding=\"async\" class=\"aligncenter\" src=\"https:\/\/www.hashtag.al\/wp-content\/uploads\/2025\/07\/57d10e56-02bb-4a34-99c7-a446b8af5ddf-38.jpg\" \/><\/span><\/p>\n<p><span style=\"color: #000000;\">Presidentja e Kosov\u00ebs, Vjosa Osmani, zhvilloi t\u00eb premten nj\u00eb takim me kryetarin e Nism\u00ebs Socialdemokrate, Fatmir Limaj, n\u00eb prag t\u00eb afatit kushtetues p\u00ebr konstituimin e Kuvendit t\u00eb ri. Takimi erdhi nj\u00eb dit\u00eb para seanc\u00ebs s\u00eb radh\u00ebs, e cila sh\u00ebnon p\u00ebrpjekjen e 49-t\u00eb p\u00ebr t\u00eb formuar institucionin legjislativ, pas zgjedhjeve t\u00eb 9 shkurtit, p\u00ebrcjell <span style=\"color: #0000ff;\"><a style=\"color: #0000ff;\" href=\"https:\/\/www.evropaelire.org\/a\/osmani-takon-limajn-ne-prag-te-seances-se-re-per-konstituim-te-kuvendit\/33477924.html\">REL<\/a><\/span>.<\/span><\/p>\n<p><span style=\"color: #000000;\">N\u00eb nj\u00eb njoftim p\u00ebr media, Presidenca theksoi se ky takim zhvillohet n\u00eb kuad\u00ebr t\u00eb p\u00ebrmbushjes s\u00eb afatit t\u00eb vendosur nga Gjykata Kushtetuese, q\u00eb p\u00ebrcakton 26 korrikun si dat\u00ebn p\u00ebrfundimtare p\u00ebr konstituimin e Kuvendit. N\u00ebse ky afat nuk respektohet, nuk \u00ebsht\u00eb e qart\u00eb se \u00e7far\u00eb pasojash ligjore do t\u00eb ket\u00eb, megjith\u00ebse Osmani ka paralajm\u00ebruar se do t\u2019i drejtohet vet\u00eb Gjykat\u00ebs.<\/span><\/p>\n<p><span style=\"color: #000000;\">Osmani e quajti zbatimin e k\u00ebtij vendimi \u201cdetyrim kushtetues\u201d dhe u b\u00ebri thirrje t\u00eb gjitha partive q\u00eb t\u00eb bashk\u00ebpunojn\u00eb p\u00ebr nj\u00eb zgjidhje sa m\u00eb t\u00eb shpejt\u00eb.<\/span><\/p>\n<p><span style=\"color: #000000;\">Nd\u00ebrkoh\u00eb, Nisma Socialdemokrate, q\u00eb ka tre deputet\u00eb n\u00eb Kuvend, duket se po pozicionohet si aktor ky\u00e7 n\u00eb k\u00ebt\u00eb proces. Deputetja e k\u00ebsaj partie, Xhevahire Izmaku, ka deklaruar se pret q\u00eb Limaj t\u00eb takohet me liderin e L\u00ebvizjes Vet\u00ebvendosje, Albin Kurti, gjat\u00eb fundjav\u00ebs, duke p\u00ebrmendur mund\u00ebsin\u00eb q\u00eb Limaj t\u00eb jet\u00eb kandidat p\u00ebr kryetar t\u00eb Kuvendit.<\/span><\/p>\n<p><span style=\"color: #000000;\">P\u00ebr t\u00eb zgjedhur kryekuvendarin duhen 61 vota. Vet\u00ebvendosje i ka 48, dhe mund t\u00eb llogaris\u00eb n\u00eb 7 vota nga pakicat joserbe, si dhe n\u00eb 3 nga Nisma, por i mungojn\u00eb ende tri vota p\u00ebr t\u00eb arritur shumic\u00ebn. Disa deputet\u00eb t\u00eb pakicave, si Duda Balje dhe Veton Berisha, nuk kan\u00eb dh\u00ebn\u00eb mb\u00ebshtetje pa u p\u00ebrmbushur k\u00ebrkesat e tyre.<\/span><\/p>\n<p><span style=\"color: #000000;\">Procesi ka ngecur edhe p\u00ebr shkak t\u00eb mospajtimeve procedurale. Kat\u00ebr parti opozitare \u2013 PDK, LDK, AAK dhe Lista Serbe \u2013 refuzojn\u00eb t\u00eb propozojn\u00eb an\u00ebtar\u00eb p\u00ebr komisionin e votimit t\u00eb fsheht\u00eb, duke e konsideruar t\u00eb paligjsh\u00ebm ndryshimin e procedur\u00ebs nga kryesuesi i seanc\u00ebs, Avni Dehari.<\/span><\/p>\n<p><span style=\"color: #000000;\">Nd\u00ebrkoh\u00eb, L\u00ebvizja Vet\u00ebvendosje ka propozuar Albulena Haxhiun p\u00ebr kryetare t\u00eb Kuvendit, por ajo nuk ka arritur t\u00eb marr\u00eb votat e nevojshme n\u00eb disa seanca me votim t\u00eb hapur. P\u00ebr disa parti opozitare, ajo mbetet figur\u00eb e papranueshme.<\/span><\/p>\n<p><span style=\"color: #000000;\">Shoq\u00ebria civile ka protestuar n\u00eb m\u00ebnyr\u00eb t\u00eb p\u00ebrs\u00ebritur para Kuvendit, duke i b\u00ebr\u00eb thirrje deputet\u00ebve q\u00eb t\u00eb p\u00ebrmbushin detyrimet e tyre dhe t\u00eb shmangin nj\u00eb kriz\u00eb t\u00eb mundshme kushtetuese n\u00ebse institucioni nuk konstituohet n\u00eb afatin e mbetur.<\/span><\/p>\n","protected":false,"gt_translate_keys":[{"key":"rendered","format":"html"}]},"excerpt":{"rendered":"<p>Presidentja e Kosov\u00ebs, Vjosa Osmani, zhvilloi t\u00eb premten nj\u00eb takim me kryetarin e Nism\u00ebs Socialdemokrate, Fatmir Limaj, n\u00eb prag t\u00eb afatit kushtetues p\u00ebr konstituimin e Kuvendit t\u00eb ri. Takimi erdhi nj\u00eb dit\u00eb para seanc\u00ebs s\u00eb radh\u00ebs, e cila sh\u00ebnon p\u00ebrpjekjen e 49-t\u00eb p\u00ebr t\u00eb formuar institucionin legjislativ, pas zgjedhjeve t\u00eb 9 shkurtit, p\u00ebrcjell REL. N\u00eb [&hellip;]<\/p>\n","protected":false,"gt_translate_keys":[{"key":"rendered","format":"html"}]},"author":32,"featured_media":751813,"comment_status":"closed","ping_status":"open","sticky":false,"template":"","format":"standard","meta":{"footnotes":""},"categories":[149],"tags":[],"class_list":["post-751812","post","type-post","status-publish","format-standard","has-post-thumbnail","hentry","category-kosoverajon"],"gt_translate_keys":[{"key":"link","format":"url"}],"_links":{"self":[{"href":"https:\/\/www.hashtag.al\/index.php\/wp-json\/wp\/v2\/posts\/751812","targetHints":{"allow":["GET"]}}],"collection":[{"href":"https:\/\/www.hashtag.al\/index.php\/wp-json\/wp\/v2\/posts"}],"about":[{"href":"https:\/\/www.hashtag.al\/index.php\/wp-json\/wp\/v2\/types\/post"}],"author":[{"embeddable":true,"href":"https:\/\/www.hashtag.al\/index.php\/wp-json\/wp\/v2\/users\/32"}],"replies":[{"embeddable":true,"href":"https:\/\/www.hashtag.al\/index.php\/wp-json\/wp\/v2\/comments?post=751812"}],"version-history":[{"count":99999,"href":"https:\/\/www.hashtag.al\/index.php\/wp-json\/wp\/v2\/posts\/751812\/revisions"}],"predecessor-version":[{"id":751814,"href":"https:\/\/www.hashtag.al\/index.php\/wp-json\/wp\/v2\/posts\/751812\/revisions\/751814"}],"wp:featuredmedia":[{"embeddable":true,"href":"https:\/\/www.hashtag.al\/index.php\/wp-json\/wp\/v2\/media\/751813"}],"wp:attachment":[{"href":"https:\/\/www.hashtag.al\/index.php\/wp-json\/wp\/v2\/media?parent=751812"}],"wp:term":[{"taxonomy":"category","embeddable":true,"href":"https:\/\/www.hashtag.al\/index.php\/wp-json\/wp\/v2\/categories?post=751812"},{"taxonomy":"post_tag","embeddable":true,"href":"https:\/\/www.hashtag.al\/index.php\/wp-json\/wp\/v2\/tags?post=751812"}],"curies":[{"name":"wp","href":"https:\/\/api.w.org\/{rel}","templated":true}]}}