{"id":751743,"date":"2025-07-18T12:26:04","date_gmt":"2025-07-18T10:26:04","guid":{"rendered":"https:\/\/www.hashtag.al\/?p=751743"},"modified":"2025-07-18T12:55:53","modified_gmt":"2025-07-18T10:55:53","slug":"ne-firmen-ata-leket-i-sherbeva-si-qeni-e-hodha-firmen-sic-ma-kerkoi-zbardhet-biseda-e-punonjeses-se-kpp-se-qe-implikon-kreun-jonaid-myzyri","status":"publish","type":"post","link":"https:\/\/www.hashtag.al\/index.php\/2025\/07\/18\/ne-firmen-ata-leket-i-sherbeva-si-qeni-e-hodha-firmen-sic-ma-kerkoi-zbardhet-biseda-e-punonjeses-se-kpp-se-qe-implikon-kreun-jonaid-myzyri\/","title":{"rendered":"\u201cNe firm\u00ebn ata lek\u00ebt\u201d, \u201cI sh\u00ebrbeva si qeni, e hodha firm\u00ebn si\u00e7 ma k\u00ebrkoi\u201d &#8211; Biseda telefonike q\u00eb implikoi kreun e KPP-s\u00eb Jonaid Myzyri","gt_translate_keys":[{"key":"rendered","format":"text"}]},"content":{"rendered":"<p><img loading=\"lazy\" decoding=\"async\" class=\"aligncenter size-full wp-image-751744\" src=\"https:\/\/www.hashtag.al\/wp-content\/uploads\/2025\/07\/Jonaid-Myzyri-foto-tjeter-KPK.jpg\" alt=\"\" width=\"935\" height=\"534\" srcset=\"https:\/\/www.hashtag.al\/wp-content\/uploads\/2025\/07\/Jonaid-Myzyri-foto-tjeter-KPK.jpg 935w, https:\/\/www.hashtag.al\/wp-content\/uploads\/2025\/07\/Jonaid-Myzyri-foto-tjeter-KPK-300x171.jpg 300w, https:\/\/www.hashtag.al\/wp-content\/uploads\/2025\/07\/Jonaid-Myzyri-foto-tjeter-KPK-768x439.jpg 768w\" sizes=\"auto, (max-width: 935px) 100vw, 935px\" \/><\/p>\n<p><span style=\"color: #000000;\">Nj\u00eb p\u00ebrgjim mes punonj\u00ebseve t\u00eb Komisionit t\u00eb Prokurimeve Publike dyshohet se implikon kreun e k\u00ebtij institucioni Jonaid Myzyri, i marr\u00eb zyrtarisht i pandehur nga SPAK.<\/span><\/p>\n<p><span style=\"color: #000000;\"> Tenderi 2.3 milion\u00eb euro p\u00ebr t\u00eb cilin dyshohet se Myzyri ka nd\u00ebrhyr\u00eb t\u00eb punonj\u00ebset e KPP-s\u00eb \u00ebsht\u00eb ai p\u00ebr mir\u00ebmbajtjen e rrug\u00ebs 58.7 km, \u201cRr\u00ebshen (Ura e Fanit) \u2013 Shpal, Shpal \u2013 Ura e Repsit\u201d.<\/span><\/p>\n<p><span style=\"color: #000000;\">Hetimi nisi pas dyshimeve se Myzyri kishte diktuar veprimet e an\u00ebtar\u00ebve t\u00eb tjer\u00eb t\u00eb KPP n\u00eb rastet e shqyrtimit t\u00eb ankesave ndaj procedurave t\u00eb prokurimit.<\/span><\/p>\n<p><span style=\"color: #000000;\">Sipas dosjes hetimore, punonj\u00ebsja e KPP-s\u00eb Lindita Skeja ka patur edhe biseda t\u00eb tjera telefonike, t\u00eb cilat jan\u00eb p\u00ebrgjuar nga SPAK, raporton gazetarja Klodiana Lala p\u00ebr <span style=\"color: #0000ff;\"><a style=\"color: #0000ff;\" href=\"https:\/\/www.balkanweb.com\/ne-firmosim-ata-marrin-leket-zbardhet-pergjimi-i-punonjeses-qe-implikon-jonaid-myzyrin-te-tenderi-2-2-mln-euro-i-sherbeva-si-qeni-dhe-tani\/#gsc.tab=0\">News24<\/a><\/span> dhe jan\u00eb p\u00ebrfshir\u00eb n\u00eb dosjen ndaj Myzyrit I cili u mor I pandehur m\u00eb 24 qershor t\u00eb k\u00ebtij viti.<\/span><\/p>\n<p><span style=\"color: #000000;\">N\u00eb nj\u00eb nga bisedat telefonike, Skeja i thot\u00eb bashk\u00ebbisedueses se \u201cfirmosa ashtu si\u00e7 ma k\u00ebrkoi\u201d dhe se \u201ci sh\u00ebrbeva si qeni, ne firm\u00ebn ata lek\u00ebt\u201d.<\/span><\/p>\n<p><span style=\"color: #000000;\"><strong><b>P\u00ebrgjimi i SPAK<\/b><\/strong><\/span><\/p>\n<p><span style=\"color: #000000;\"><span style=\"color: #0000ff;\">Speaker A (Lindita)<\/span>: Ai na majti kshu\u2026 q\u00eb krijum besim q\u00eb ne jemi miqt\u00eb e atij\u2026ene rrim\u00eb t\u00eb qet\u00eb. N\u2019a ofroi mori informacione. Un\u00eb vajta dhe i sh\u00ebrbeva si qeni.<\/span><\/p>\n<p><span style=\"color: #000000;\"><span style=\"color: #ff0000;\">Speaker B<\/span>: Hej zot!<\/span><\/p>\n<p><span style=\"color: #000000;\"><span style=\"color: #0000ff;\">Speaker A (Lindita):<\/span> Vajta i sh\u00ebrbeva si qeni. I sh\u00ebrbeva me sy mbyll\u2026 e du edhe pik\u00eb. E du kshtu\u2026firmos ne, t\u00eb gjith si delet. Ime veme ku t\u00eb n\u2019a th\u00ebrrasin. Rresht. Firm\u00ebn ne e lek\u00ebt ata.<\/span><\/p>\n<p><span style=\"color: #000000;\"><span style=\"color: #ff0000;\">Speaker B<\/span>: A mos i hongert o Zot.<\/span><\/p>\n<p><span style=\"color: #000000;\"><span style=\"color: #0000ff;\">Speaker A (Lindita)<\/span>: Bojna se e dini ju se \u00e7\u2019ju boj un\u00eb, bojna\u2026 M\u00eb pas<\/span><\/p>\n<p><span style=\"color: #000000;\"><span style=\"color: #0000ff;\">Speaker A (Lindita)<\/span>: Amin\u2026ata hop mrap ere\u2026 hop mrapa\u2026 hop mrapa me e \u00e7oi mu n\u00eb KPP\u2026 m\u00eb \u00e7oi mu n\u00eb KPP, p\u00ebrballem atje me lloj lloj pislliku\u2026<\/span><\/p>\n<p><span style=\"color: #000000;\"><span style=\"color: #ff0000;\">Speaker B<\/span>: Pi hi\u00e7 ere un sve po ene tha Dashi motr\u00ebs tha mos shko\u2026<\/span><\/p>\n<p><span style=\"color: #000000;\">***<\/span><\/p>\n<p><span style=\"color: #000000;\">N\u00eb dosjen hetimore, Prokuroria e Posa\u00e7me thekson se \u201cnga rezultati i p\u00ebrgjimeve ngrihen dyshime t\u00eb arsyeshme q\u00eb n\u00eb vendimmarrjen e KPP p\u00ebr shqyrtimin e ankes\u00ebs me objekt: \u201cMir\u00ebmbajtje rutin\u00eb me performanc\u00eb rruga Rr\u00ebshen (Ura e Fanit) \u2013 Shpal, Shpal-Q.Bene \u2013 Hadroj, Shpal \u2013 Ura e Repsit\u201d, me fond limit 219.866.693 lek\u00eb pa TVSH si dhe n\u00eb vendimmarrje t\u00eb tjera, ekzistojn\u00eb element\u00eb t\u00eb veprimeve t\u00eb kundraligjshme q\u00eb mund t\u00eb ken\u00eb ndikuar n\u00eb k\u00ebto vendime\u201d.<\/span><\/p>\n<p><span style=\"color: #000000;\">N\u00eb k\u00ebrkes\u00ebn drejtuar GJKKO-s\u00eb p\u00ebr mas\u00ebn ndaj Myzyrit, prokurori i SPAK, Elvin Gogaj ka argumentuar se \u201cmasa e sigurimit duhet t\u00eb caktohet pasi ekziston rreziku i cenimit t\u00eb provave, ai i ikjes, si dhe ai i kryerjes s\u00eb veprave t\u00eb jera penale nga personi n\u00ebn hetim Jonaid Myzyri\u201d. \u201cKa dyshime t\u00eb arsyeshme q\u00eb ai mund t\u00eb v\u00ebr\u00eb n\u00eb rrezik marrjen e prov\u00ebs apo v\u00ebrtet\u00ebsin\u00eb e saj, duke nd\u00ebrhyr\u00eb tek personat q\u00eb kan\u00eb dijeni p\u00ebr kryerjen e vepr\u00ebs penale dhe q\u00eb nukj jan\u00eb pyetur deri n\u00eb k\u00ebto momente, megjith\u00ebse veprimet po kryhen n\u00eb dinamik\u00eb nga ana e Prokuroris\u00eb s\u00eb Posa\u00e7me\u201d.<\/span><\/p>\n<p><span style=\"color: #000000;\">Gjithashtu, SPAK \u00ebsht\u00eb duke hetuar procedurat e tender\u00ebve p\u00ebrgjat\u00eb viteve 2020-2023 pasi ka dyshime t\u00eb forta se jan\u00eb zhvilluar pa gar\u00eb, pasi n\u00eb shum\u00eb raste rezulton pjes\u00ebmarr\u00ebse vet\u00ebm nj\u00eb kompani, e n\u00eb raste t\u00eb tjera, shoq\u00ebrit\u00eb jan\u00eb skualifikuar n\u00eb m\u00ebnyr\u00eb t\u00eb padrejt\u00eb.<\/span><\/p>\n<p><span style=\"color: #000000;\">Jonaid Myzyri u em\u00ebrua n\u00eb krye t\u00eb Komisionit t\u00eb Prokurimit Publik (KPP) n\u00eb vitin 2020, p\u00ebr nj\u00eb mandat 5-vje\u00e7ar, me propozim t\u00eb K\u00ebshillit t\u00eb Ministrave dhe votim n\u00eb Parlament.<\/span><u><\/u><\/p>\n","protected":false,"gt_translate_keys":[{"key":"rendered","format":"html"}]},"excerpt":{"rendered":"<p>Nj\u00eb p\u00ebrgjim mes punonj\u00ebseve t\u00eb Komisionit t\u00eb Prokurimeve Publike dyshohet se implikon kreun e k\u00ebtij institucioni Jonaid Myzyri, i marr\u00eb zyrtarisht i pandehur nga SPAK. Tenderi 2.3 milion\u00eb euro p\u00ebr t\u00eb cilin dyshohet se Myzyri ka nd\u00ebrhyr\u00eb t\u00eb punonj\u00ebset e KPP-s\u00eb \u00ebsht\u00eb ai p\u00ebr mir\u00ebmbajtjen e rrug\u00ebs 58.7 km, \u201cRr\u00ebshen (Ura e Fanit) \u2013 Shpal, [&hellip;]<\/p>\n","protected":false,"gt_translate_keys":[{"key":"rendered","format":"html"}]},"author":51,"featured_media":751744,"comment_status":"closed","ping_status":"open","sticky":false,"template":"","format":"standard","meta":{"footnotes":""},"categories":[65,13],"tags":[],"class_list":["post-751743","post","type-post","status-publish","format-standard","has-post-thumbnail","hentry","category-lajme","category-te-fundit"],"gt_translate_keys":[{"key":"link","format":"url"}],"_links":{"self":[{"href":"https:\/\/www.hashtag.al\/index.php\/wp-json\/wp\/v2\/posts\/751743","targetHints":{"allow":["GET"]}}],"collection":[{"href":"https:\/\/www.hashtag.al\/index.php\/wp-json\/wp\/v2\/posts"}],"about":[{"href":"https:\/\/www.hashtag.al\/index.php\/wp-json\/wp\/v2\/types\/post"}],"author":[{"embeddable":true,"href":"https:\/\/www.hashtag.al\/index.php\/wp-json\/wp\/v2\/users\/51"}],"replies":[{"embeddable":true,"href":"https:\/\/www.hashtag.al\/index.php\/wp-json\/wp\/v2\/comments?post=751743"}],"version-history":[{"count":99999,"href":"https:\/\/www.hashtag.al\/index.php\/wp-json\/wp\/v2\/posts\/751743\/revisions"}],"predecessor-version":[{"id":751746,"href":"https:\/\/www.hashtag.al\/index.php\/wp-json\/wp\/v2\/posts\/751743\/revisions\/751746"}],"wp:featuredmedia":[{"embeddable":true,"href":"https:\/\/www.hashtag.al\/index.php\/wp-json\/wp\/v2\/media\/751744"}],"wp:attachment":[{"href":"https:\/\/www.hashtag.al\/index.php\/wp-json\/wp\/v2\/media?parent=751743"}],"wp:term":[{"taxonomy":"category","embeddable":true,"href":"https:\/\/www.hashtag.al\/index.php\/wp-json\/wp\/v2\/categories?post=751743"},{"taxonomy":"post_tag","embeddable":true,"href":"https:\/\/www.hashtag.al\/index.php\/wp-json\/wp\/v2\/tags?post=751743"}],"curies":[{"name":"wp","href":"https:\/\/api.w.org\/{rel}","templated":true}]}}