{"id":751608,"date":"2025-07-17T12:30:20","date_gmt":"2025-07-17T10:30:20","guid":{"rendered":"https:\/\/www.hashtag.al\/?p=751608"},"modified":"2025-07-17T12:30:20","modified_gmt":"2025-07-17T10:30:20","slug":"apeli-i-posacem-rrezon-kerkesen-e-ilir-metes-mbetet-ne-fuqi-arresti-me-burg","status":"publish","type":"post","link":"https:\/\/www.hashtag.al\/index.php\/2025\/07\/17\/apeli-i-posacem-rrezon-kerkesen-e-ilir-metes-mbetet-ne-fuqi-arresti-me-burg\/","title":{"rendered":"Apeli i Posa\u00e7\u00ebm rr\u00ebzon k\u00ebrkes\u00ebn e Ilir Met\u00ebs, mbetet n\u00eb fuqi arresti me burg","gt_translate_keys":[{"key":"rendered","format":"text"}]},"content":{"rendered":"<p><span style=\"color: #000000;\"><img decoding=\"async\" class=\"aligncenter\" src=\"https:\/\/www.hashtag.al\/wp-content\/uploads\/2024\/10\/meta-6.jpg\" \/><\/span><\/p>\n<p><span style=\"color: #000000;\">Gjykata e Apelit t\u00eb Posa\u00e7\u00ebm ka vendosur t\u00eb l\u00ebr\u00eb n\u00eb fuqi mas\u00ebn e siguris\u00eb \u201carrest me burg\u201d p\u00ebr Ilir Met\u00ebn, duke rr\u00ebzuar k\u00ebrkes\u00ebn e tij p\u00ebr leht\u00ebsim t\u00eb mas\u00ebs. Ish-presidenti dhe kryetari i Partis\u00eb s\u00eb Liris\u00eb do t\u00eb vijoj\u00eb t\u00eb q\u00ebndroj\u00eb n\u00eb paraburgim.<\/span><\/p>\n<p><span style=\"color: #000000;\">Meta kishte k\u00ebrkuar z\u00ebvend\u00ebsimin e mas\u00ebs me nj\u00eb m\u00eb t\u00eb but\u00eb, si \u201carrest n\u00eb sht\u00ebpi\u201d apo \u201cdetyrim p\u00ebr paraqitje\u201d, duke e cil\u00ebsuar vendimin fillestar t\u00eb Gjykat\u00ebs s\u00eb Posa\u00e7me kund\u00ebr Korrupsionit dhe Krimit t\u00eb Organizuar (GJKKO) si t\u00eb padrejt\u00eb dhe t\u00eb motivuar politikisht. Por Apeli e rr\u00ebzoi k\u00ebt\u00eb pretendim, duke konfirmuar mas\u00ebn aktuale.<\/span><\/p>\n<p><span style=\"color: #000000;\">Ilir Meta dhe ish-bashk\u00ebshortja e tij, Monika Kryemadhi, jan\u00eb marr\u00eb t\u00eb pandehur nga SPAK p\u00ebr disa akuza t\u00eb r\u00ebnda, p\u00ebrfshir\u00eb korrupsion, pastrim parash dhe fshehje pasurie. Meta ndodhet n\u00eb paraburgim q\u00eb prej 21 tetorit 2024.<\/span><\/p>\n","protected":false,"gt_translate_keys":[{"key":"rendered","format":"html"}]},"excerpt":{"rendered":"<p>Gjykata e Apelit t\u00eb Posa\u00e7\u00ebm ka vendosur t\u00eb l\u00ebr\u00eb n\u00eb fuqi mas\u00ebn e siguris\u00eb \u201carrest me burg\u201d p\u00ebr Ilir Met\u00ebn, duke rr\u00ebzuar k\u00ebrkes\u00ebn e tij p\u00ebr leht\u00ebsim t\u00eb mas\u00ebs. Ish-presidenti dhe kryetari i Partis\u00eb s\u00eb Liris\u00eb do t\u00eb vijoj\u00eb t\u00eb q\u00ebndroj\u00eb n\u00eb paraburgim. Meta kishte k\u00ebrkuar z\u00ebvend\u00ebsimin e mas\u00ebs me nj\u00eb m\u00eb t\u00eb but\u00eb, si [&hellip;]<\/p>\n","protected":false,"gt_translate_keys":[{"key":"rendered","format":"html"}]},"author":32,"featured_media":706670,"comment_status":"closed","ping_status":"open","sticky":false,"template":"","format":"standard","meta":{"footnotes":""},"categories":[65],"tags":[],"class_list":["post-751608","post","type-post","status-publish","format-standard","has-post-thumbnail","hentry","category-lajme"],"gt_translate_keys":[{"key":"link","format":"url"}],"_links":{"self":[{"href":"https:\/\/www.hashtag.al\/index.php\/wp-json\/wp\/v2\/posts\/751608","targetHints":{"allow":["GET"]}}],"collection":[{"href":"https:\/\/www.hashtag.al\/index.php\/wp-json\/wp\/v2\/posts"}],"about":[{"href":"https:\/\/www.hashtag.al\/index.php\/wp-json\/wp\/v2\/types\/post"}],"author":[{"embeddable":true,"href":"https:\/\/www.hashtag.al\/index.php\/wp-json\/wp\/v2\/users\/32"}],"replies":[{"embeddable":true,"href":"https:\/\/www.hashtag.al\/index.php\/wp-json\/wp\/v2\/comments?post=751608"}],"version-history":[{"count":99999,"href":"https:\/\/www.hashtag.al\/index.php\/wp-json\/wp\/v2\/posts\/751608\/revisions"}],"predecessor-version":[{"id":751609,"href":"https:\/\/www.hashtag.al\/index.php\/wp-json\/wp\/v2\/posts\/751608\/revisions\/751609"}],"wp:featuredmedia":[{"embeddable":true,"href":"https:\/\/www.hashtag.al\/index.php\/wp-json\/wp\/v2\/media\/706670"}],"wp:attachment":[{"href":"https:\/\/www.hashtag.al\/index.php\/wp-json\/wp\/v2\/media?parent=751608"}],"wp:term":[{"taxonomy":"category","embeddable":true,"href":"https:\/\/www.hashtag.al\/index.php\/wp-json\/wp\/v2\/categories?post=751608"},{"taxonomy":"post_tag","embeddable":true,"href":"https:\/\/www.hashtag.al\/index.php\/wp-json\/wp\/v2\/tags?post=751608"}],"curies":[{"name":"wp","href":"https:\/\/api.w.org\/{rel}","templated":true}]}}