{"id":751587,"date":"2025-07-17T09:50:59","date_gmt":"2025-07-17T07:50:59","guid":{"rendered":"https:\/\/www.hashtag.al\/?p=751587"},"modified":"2025-07-17T09:50:59","modified_gmt":"2025-07-17T07:50:59","slug":"ilir-meta-kerkon-zbutje-te-mases-se-sigurise-sot-mbahet-seanca-ne-apelin-e-posacem","status":"publish","type":"post","link":"https:\/\/www.hashtag.al\/index.php\/2025\/07\/17\/ilir-meta-kerkon-zbutje-te-mases-se-sigurise-sot-mbahet-seanca-ne-apelin-e-posacem\/","title":{"rendered":"Ilir Meta k\u00ebrkon zbutje t\u00eb mas\u00ebs s\u00eb siguris\u00eb, sot mbahet seanca n\u00eb Apelin e Posa\u00e7\u00ebm","gt_translate_keys":[{"key":"rendered","format":"text"}]},"content":{"rendered":"<p data-start=\"0\" data-end=\"88\"><span style=\"color: #000000;\"><img loading=\"lazy\" decoding=\"async\" class=\"size-medium wp-image-630236 aligncenter\" src=\"https:\/\/www.hashtag.al\/wp-content\/uploads\/2023\/11\/meta-del-nga-spak-300x172.jpg\" alt=\"\" width=\"300\" height=\"172\" srcset=\"https:\/\/www.hashtag.al\/wp-content\/uploads\/2023\/11\/meta-del-nga-spak-300x172.jpg 300w, https:\/\/www.hashtag.al\/wp-content\/uploads\/2023\/11\/meta-del-nga-spak-768x441.jpg 768w, https:\/\/www.hashtag.al\/wp-content\/uploads\/2023\/11\/meta-del-nga-spak.jpg 808w\" sizes=\"auto, (max-width: 300px) 100vw, 300px\" \/><br \/>\n<\/span><span style=\"color: #000000;\">N\u00eb Gjykat\u00ebn e Apelit t\u00eb Posa\u00e7\u00ebm kund\u00ebr Korrupsionit dhe Krimit t\u00eb Organizuar po zhvillohet sot seanca p\u00ebr shqyrtimin e k\u00ebrkes\u00ebs s\u00eb kreut t\u00eb Partis\u00eb s\u00eb Liris\u00eb, Ilir Meta, i cili k\u00ebrkon zbutjen e mas\u00ebs s\u00eb siguris\u00eb \u201carrest me burg\u201d.<\/span><\/p>\n<p data-start=\"321\" data-end=\"530\"><span style=\"color: #000000;\">Gazetarja Klodiana Lala raporton se Meta ka kund\u00ebrshtuar vendimin e Gjykat\u00ebs s\u00eb Posa\u00e7me AntiKorrupsion (GJKKO), q\u00eb m\u00eb 26 qershor 2024 vendosi t\u00eb l\u00ebr\u00eb n\u00eb fuqi mas\u00ebn e arrestit me burg t\u00eb dh\u00ebn\u00eb m\u00eb 21 tetor 2024.<\/span><\/p>\n<p data-start=\"532\" data-end=\"620\"><span style=\"color: #000000;\">Ish-Presidenti e ka cil\u00ebsuar k\u00ebt\u00eb proces si t\u00eb motivuar politikisht dhe pa baza ligjore.<\/span><\/p>\n<p data-start=\"622\" data-end=\"878\" data-is-last-node=\"\" data-is-only-node=\"\"><span style=\"color: #000000;\">Meta dhe ish-bashk\u00ebshortja e tij, Monika Kryemadhi, jan\u00eb marr\u00eb t\u00eb pandehur nga SPAK p\u00ebr veprat penale t\u00eb korrupsionit, pastrimit t\u00eb parave dhe mosdeklarimit t\u00eb pasuris\u00eb. T\u00eb dy i kan\u00eb mohuar akuzat dhe e kan\u00eb cil\u00ebsuar \u00e7\u00ebshtjen si nj\u00eb sulm politik ndaj tyre.<\/span><\/p>\n","protected":false,"gt_translate_keys":[{"key":"rendered","format":"html"}]},"excerpt":{"rendered":"<p>N\u00eb Gjykat\u00ebn e Apelit t\u00eb Posa\u00e7\u00ebm kund\u00ebr Korrupsionit dhe Krimit t\u00eb Organizuar po zhvillohet sot seanca p\u00ebr shqyrtimin e k\u00ebrkes\u00ebs s\u00eb kreut t\u00eb Partis\u00eb s\u00eb Liris\u00eb, Ilir Meta, i cili k\u00ebrkon zbutjen e mas\u00ebs s\u00eb siguris\u00eb \u201carrest me burg\u201d. Gazetarja Klodiana Lala raporton se Meta ka kund\u00ebrshtuar vendimin e Gjykat\u00ebs s\u00eb Posa\u00e7me AntiKorrupsion (GJKKO), q\u00eb [&hellip;]<\/p>\n","protected":false,"gt_translate_keys":[{"key":"rendered","format":"html"}]},"author":32,"featured_media":630236,"comment_status":"closed","ping_status":"open","sticky":false,"template":"","format":"standard","meta":{"footnotes":""},"categories":[65],"tags":[],"class_list":["post-751587","post","type-post","status-publish","format-standard","has-post-thumbnail","hentry","category-lajme"],"gt_translate_keys":[{"key":"link","format":"url"}],"_links":{"self":[{"href":"https:\/\/www.hashtag.al\/index.php\/wp-json\/wp\/v2\/posts\/751587","targetHints":{"allow":["GET"]}}],"collection":[{"href":"https:\/\/www.hashtag.al\/index.php\/wp-json\/wp\/v2\/posts"}],"about":[{"href":"https:\/\/www.hashtag.al\/index.php\/wp-json\/wp\/v2\/types\/post"}],"author":[{"embeddable":true,"href":"https:\/\/www.hashtag.al\/index.php\/wp-json\/wp\/v2\/users\/32"}],"replies":[{"embeddable":true,"href":"https:\/\/www.hashtag.al\/index.php\/wp-json\/wp\/v2\/comments?post=751587"}],"version-history":[{"count":99999,"href":"https:\/\/www.hashtag.al\/index.php\/wp-json\/wp\/v2\/posts\/751587\/revisions"}],"predecessor-version":[{"id":751588,"href":"https:\/\/www.hashtag.al\/index.php\/wp-json\/wp\/v2\/posts\/751587\/revisions\/751588"}],"wp:featuredmedia":[{"embeddable":true,"href":"https:\/\/www.hashtag.al\/index.php\/wp-json\/wp\/v2\/media\/630236"}],"wp:attachment":[{"href":"https:\/\/www.hashtag.al\/index.php\/wp-json\/wp\/v2\/media?parent=751587"}],"wp:term":[{"taxonomy":"category","embeddable":true,"href":"https:\/\/www.hashtag.al\/index.php\/wp-json\/wp\/v2\/categories?post=751587"},{"taxonomy":"post_tag","embeddable":true,"href":"https:\/\/www.hashtag.al\/index.php\/wp-json\/wp\/v2\/tags?post=751587"}],"curies":[{"name":"wp","href":"https:\/\/api.w.org\/{rel}","templated":true}]}}