{"id":751585,"date":"2025-07-17T09:32:10","date_gmt":"2025-07-17T07:32:10","guid":{"rendered":"https:\/\/www.hashtag.al\/?p=751585"},"modified":"2025-07-17T09:32:10","modified_gmt":"2025-07-17T07:32:10","slug":"izraeli-intensifikon-sulmet-ajrore-kunder-regjimit-sirian-per-te-mbrojtur-popullsine-druze-ne-sweida","status":"publish","type":"post","link":"https:\/\/www.hashtag.al\/index.php\/2025\/07\/17\/izraeli-intensifikon-sulmet-ajrore-kunder-regjimit-sirian-per-te-mbrojtur-popullsine-druze-ne-sweida\/","title":{"rendered":"Izraeli intensifikon sulmet ajrore kund\u00ebr regjimit sirian p\u00ebr t\u00eb mbrojtur popullsin\u00eb druze n\u00eb Sweida","gt_translate_keys":[{"key":"rendered","format":"text"}]},"content":{"rendered":"<p data-start=\"142\" data-end=\"518\"><span style=\"color: #000000;\"><img decoding=\"async\" class=\"aligncenter\" src=\"https:\/\/www.hashtag.al\/wp-content\/uploads\/2025\/07\/idf-600x600.png\" \/><\/span><\/p>\n<p data-start=\"142\" data-end=\"518\"><span style=\"color: #000000;\">Ushtria izraelite (IDF) ka nd\u00ebrmarr\u00eb 160 sulme ajrore ndaj forcave t\u00eb regjimit sirian n\u00eb dhe rreth qytetit t\u00eb Sweid\u00ebs n\u00eb jug t\u00eb Siris\u00eb, ku sipas Izraelit, regjimi po kryen masakra ndaj popullsis\u00eb druze. Mes objektivave t\u00eb sulmuara thuhet se jan\u00eb edhe Ministria e Mbrojtjes dhe nj\u00eb pjes\u00eb e Pallatit Presidencial n\u00eb Damask. Raportohet se dhjet\u00ebra ushtar\u00eb t\u00eb regjimit jan\u00eb vrar\u00eb.<\/span><\/p>\n<p data-start=\"520\" data-end=\"707\"><span style=\"color: #000000;\">Burime ushtarake izraelite thon\u00eb se jan\u00eb t\u00eb p\u00ebrgatitur p\u00ebr nj\u00eb fushat\u00eb disa ditore me q\u00ebllim q\u00eb t\u00eb detyrojn\u00eb forcat e regjimit t\u00eb t\u00ebrhiqen nga Sweida dhe t\u2019u rikthejn\u00eb druz\u00ebve autonomin\u00eb.<\/span><\/p>\n<p data-start=\"709\" data-end=\"998\"><span style=\"color: #000000;\">Megjithat\u00eb, deri t\u00eb m\u00ebrkur\u00ebn, regjimi kishte marr\u00eb kontrollin e rreth 70% t\u00eb qytetit, nd\u00ebrsa nj\u00eb dit\u00eb m\u00eb par\u00eb k\u00ebt\u00eb p\u00ebrqindje e kontrollonin forcat druze. Rreth 200 milic\u00eb t\u00eb armatosur dhe 1,000 trupa t\u00eb rregullta t\u00eb regjimit e kan\u00eb rrethuar qytetin dhe akuzohen p\u00ebr mizori kund\u00ebr civil\u00ebve, p\u00ebrcjell<span style=\"color: #0000ff;\"><a style=\"color: #0000ff;\" href=\"https:\/\/www.jpost.com\/israel-news\/defense-news\/article-861252\"> Jerusalem Post<\/a><\/span>.<\/span><\/p>\n<p data-start=\"1000\" data-end=\"1275\"><span style=\"color: #000000;\">IDF nuk ka akuzuar drejtp\u00ebrdrejt regjimin p\u00ebr fillimin e kriz\u00ebs, por n\u00ebnvizon se ai po e shfryt\u00ebzon p\u00ebr t\u00eb forcuar kontrollin n\u00eb k\u00ebt\u00eb zon\u00eb kryesisht druze. Izraeli thekson se nuk do t\u00eb d\u00ebrgoj\u00eb trupa tok\u00ebsore n\u00eb Sweida, por do t\u00eb vazhdoj\u00eb bombardimet si presion ndaj regjimit.<\/span><\/p>\n<p data-start=\"1277\" data-end=\"1531\"><span style=\"color: #000000;\">P\u00ebr t\u00eb menaxhuar situat\u00ebn dhe \u00e7\u00ebshtjet e siguris\u00eb n\u00eb kufirin me Sirin\u00eb, IDF ka transferuar nj\u00ebsi ushtarake nga Gaza drejt veriut, p\u00ebrfshir\u00eb Brigad\u00ebn e 35-t\u00eb dhe ndoshta Divizionin e 98-t\u00eb, nd\u00ebrsa ka shpallur disa zona ushtarake t\u00eb mbyllura pran\u00eb kufirit.<\/span><\/p>\n<p data-start=\"1533\" data-end=\"1676\" data-is-last-node=\"\" data-is-only-node=\"\"><span style=\"color: #000000;\">Ministri izraelit i Mbrojtjes, Israel Katz, paralajm\u00ebroi se sulmet do t\u00eb intensifikohen n\u00ebse regjimi sirian nuk t\u00ebrhiqet s\u00eb shpejti nga Sweida.<\/span><\/p>\n","protected":false,"gt_translate_keys":[{"key":"rendered","format":"html"}]},"excerpt":{"rendered":"<p>Ushtria izraelite (IDF) ka nd\u00ebrmarr\u00eb 160 sulme ajrore ndaj forcave t\u00eb regjimit sirian n\u00eb dhe rreth qytetit t\u00eb Sweid\u00ebs n\u00eb jug t\u00eb Siris\u00eb, ku sipas Izraelit, regjimi po kryen masakra ndaj popullsis\u00eb druze. Mes objektivave t\u00eb sulmuara thuhet se jan\u00eb edhe Ministria e Mbrojtjes dhe nj\u00eb pjes\u00eb e Pallatit Presidencial n\u00eb Damask. Raportohet se dhjet\u00ebra [&hellip;]<\/p>\n","protected":false,"gt_translate_keys":[{"key":"rendered","format":"html"}]},"author":32,"featured_media":751183,"comment_status":"closed","ping_status":"open","sticky":false,"template":"","format":"standard","meta":{"footnotes":""},"categories":[6],"tags":[],"class_list":["post-751585","post","type-post","status-publish","format-standard","has-post-thumbnail","hentry","category-nderkombetare"],"gt_translate_keys":[{"key":"link","format":"url"}],"_links":{"self":[{"href":"https:\/\/www.hashtag.al\/index.php\/wp-json\/wp\/v2\/posts\/751585","targetHints":{"allow":["GET"]}}],"collection":[{"href":"https:\/\/www.hashtag.al\/index.php\/wp-json\/wp\/v2\/posts"}],"about":[{"href":"https:\/\/www.hashtag.al\/index.php\/wp-json\/wp\/v2\/types\/post"}],"author":[{"embeddable":true,"href":"https:\/\/www.hashtag.al\/index.php\/wp-json\/wp\/v2\/users\/32"}],"replies":[{"embeddable":true,"href":"https:\/\/www.hashtag.al\/index.php\/wp-json\/wp\/v2\/comments?post=751585"}],"version-history":[{"count":99999,"href":"https:\/\/www.hashtag.al\/index.php\/wp-json\/wp\/v2\/posts\/751585\/revisions"}],"predecessor-version":[{"id":751586,"href":"https:\/\/www.hashtag.al\/index.php\/wp-json\/wp\/v2\/posts\/751585\/revisions\/751586"}],"wp:featuredmedia":[{"embeddable":true,"href":"https:\/\/www.hashtag.al\/index.php\/wp-json\/wp\/v2\/media\/751183"}],"wp:attachment":[{"href":"https:\/\/www.hashtag.al\/index.php\/wp-json\/wp\/v2\/media?parent=751585"}],"wp:term":[{"taxonomy":"category","embeddable":true,"href":"https:\/\/www.hashtag.al\/index.php\/wp-json\/wp\/v2\/categories?post=751585"},{"taxonomy":"post_tag","embeddable":true,"href":"https:\/\/www.hashtag.al\/index.php\/wp-json\/wp\/v2\/tags?post=751585"}],"curies":[{"name":"wp","href":"https:\/\/api.w.org\/{rel}","templated":true}]}}