{"id":751472,"date":"2025-07-16T14:10:50","date_gmt":"2025-07-16T12:10:50","guid":{"rendered":"https:\/\/www.hashtag.al\/?p=751472"},"modified":"2025-07-16T14:10:50","modified_gmt":"2025-07-16T12:10:50","slug":"rama-i-mahnitur-nga-aplikimet-per-paketen-e-maleve-fton-shqiptaret-hajdeni-aplikoni-e-ndertoni","status":"publish","type":"post","link":"https:\/\/www.hashtag.al\/index.php\/2025\/07\/16\/rama-i-mahnitur-nga-aplikimet-per-paketen-e-maleve-fton-shqiptaret-hajdeni-aplikoni-e-ndertoni\/","title":{"rendered":"Rama i mahnitur nga aplikimet p\u00ebr Paket\u00ebn e Maleve, fton shqiptar\u00ebt: Hajdeni aplikoni e nd\u00ebrtoni","gt_translate_keys":[{"key":"rendered","format":"text"}]},"content":{"rendered":"<p><img loading=\"lazy\" decoding=\"async\" class=\"aligncenter size-full wp-image-751473\" src=\"https:\/\/www.hashtag.al\/wp-content\/uploads\/2025\/07\/rama.png\" alt=\"\" width=\"720\" height=\"392\" srcset=\"https:\/\/www.hashtag.al\/wp-content\/uploads\/2025\/07\/rama.png 720w, https:\/\/www.hashtag.al\/wp-content\/uploads\/2025\/07\/rama-300x163.png 300w\" sizes=\"auto, (max-width: 720px) 100vw, 720px\" \/><\/p>\n<p><span style=\"color: #000000;\">Kryeministri Rama \u00ebsht\u00eb mahnitur nga aplikimet p\u00ebr Paket\u00ebn e Maleve teksa ka postuar nj\u00eb hart\u00eb t\u00eb ngjyrosur me simbole t\u00eb kuqe q\u00eb tregojn\u00eb zonat ku \u00ebsht\u00eb aplikuar. <\/span><\/p>\n<p><span style=\"color: #000000;\">Pak dit\u00eb pas prishjes s\u00eb rreth 100 nd\u00ebrtimeve n\u00eb Theth, kreu i qeveris\u00eb njofton se p\u00ebr paket\u00ebn n\u00eb fjal\u00eb kan\u00eb aplikuar 787 persona n\u00eb 5 dit\u00eb. <\/span><\/p>\n<p><span style=\"color: #000000;\">Ai fton t\u00eb gjith\u00eb emigrant\u00ebt q\u00eb duan t\u00eb investojn\u00eb n\u00eb male a kodrat e vendit p\u00ebr agroturiz\u00ebm, ferma a hotele, t\u00eb aplikojn\u00eb p\u00ebr t\u00eb nd\u00ebrtuar me leje.<\/span><\/p>\n<p><span style=\"color: #000000;\"><em><i>\u201c<\/i><\/em><em><i>Kjo \u00ebsht\u00eb nj\u00eb hart\u00eb frym\u00ebzuese e aplikimeve p\u00ebr Paket\u00ebn e Maleve, ku n\u00eb vet\u00ebm 5 dit\u00eb num\u00ebrohen 787 aplikant<\/i><\/em><em><i>\u00eb. <\/i><\/em><em><i>T\u00eb gjith\u00eb emigrant\u00ebt posa\u00e7\u00ebrisht, po edhe t\u00eb gjith\u00eb ata q\u00eb jetojn\u00eb n\u00eb Shqip\u00ebri e duan t\u00eb rihapin der\u00ebn e sht\u00ebpis\u00eb s\u00eb t\u00eb par\u00ebve n\u00eb mal a n\u00eb zonat kodrinore t\u00eb vendit, p\u00ebr nj\u00eb bujtin\u00eb, nj\u00eb agroturiz\u00ebm, nj\u00eb hotel malor, nj\u00eb ferm\u00eb apo nj\u00eb linj\u00eb agrop\u00ebrpunimi, jan\u00eb t\u00eb ftuar t\u00eb aplikojn\u00eb dhe nd\u00ebrtojn\u00eb ME LEJE, duke p\u00ebrfituar nga mb\u00ebshtetja e qeveris\u00eb dhe linja e kredis\u00eb s\u00eb but\u00eb t\u00eb Bank\u00ebs s\u00eb Shqip\u00ebris\u00eb<\/i><\/em><em><i>.\u201d &#8211;<\/i><\/em>\u00a0shkruan Rama.<\/span><\/p>\n<p><iframe loading=\"lazy\" style=\"border: none; overflow: hidden;\" src=\"https:\/\/www.facebook.com\/plugins\/post.php?href=https%3A%2F%2Fwww.facebook.com%2Fediramaal%2Fposts%2Fpfbid02FzUMQ1yBFP5kSPf5WrJtXkzxJFJ3kTfRPafVfqCfJceyHu8g729QBSv8mH1rT8Jfl&amp;show_text=true&amp;width=500\" width=\"500\" height=\"754\" frameborder=\"0\" scrolling=\"no\" allowfullscreen=\"allowfullscreen\"><\/iframe><\/p>\n","protected":false,"gt_translate_keys":[{"key":"rendered","format":"html"}]},"excerpt":{"rendered":"<p>Kryeministri Rama \u00ebsht\u00eb mahnitur nga aplikimet p\u00ebr Paket\u00ebn e Maleve teksa ka postuar nj\u00eb hart\u00eb t\u00eb ngjyrosur me simbole t\u00eb kuqe q\u00eb tregojn\u00eb zonat ku \u00ebsht\u00eb aplikuar. Pak dit\u00eb pas prishjes s\u00eb rreth 100 nd\u00ebrtimeve n\u00eb Theth, kreu i qeveris\u00eb njofton se p\u00ebr paket\u00ebn n\u00eb fjal\u00eb kan\u00eb aplikuar 787 persona n\u00eb 5 dit\u00eb. Ai fton [&hellip;]<\/p>\n","protected":false,"gt_translate_keys":[{"key":"rendered","format":"html"}]},"author":51,"featured_media":751473,"comment_status":"closed","ping_status":"open","sticky":false,"template":"","format":"standard","meta":{"footnotes":""},"categories":[65],"tags":[],"class_list":["post-751472","post","type-post","status-publish","format-standard","has-post-thumbnail","hentry","category-lajme"],"gt_translate_keys":[{"key":"link","format":"url"}],"_links":{"self":[{"href":"https:\/\/www.hashtag.al\/index.php\/wp-json\/wp\/v2\/posts\/751472","targetHints":{"allow":["GET"]}}],"collection":[{"href":"https:\/\/www.hashtag.al\/index.php\/wp-json\/wp\/v2\/posts"}],"about":[{"href":"https:\/\/www.hashtag.al\/index.php\/wp-json\/wp\/v2\/types\/post"}],"author":[{"embeddable":true,"href":"https:\/\/www.hashtag.al\/index.php\/wp-json\/wp\/v2\/users\/51"}],"replies":[{"embeddable":true,"href":"https:\/\/www.hashtag.al\/index.php\/wp-json\/wp\/v2\/comments?post=751472"}],"version-history":[{"count":99999,"href":"https:\/\/www.hashtag.al\/index.php\/wp-json\/wp\/v2\/posts\/751472\/revisions"}],"predecessor-version":[{"id":751474,"href":"https:\/\/www.hashtag.al\/index.php\/wp-json\/wp\/v2\/posts\/751472\/revisions\/751474"}],"wp:featuredmedia":[{"embeddable":true,"href":"https:\/\/www.hashtag.al\/index.php\/wp-json\/wp\/v2\/media\/751473"}],"wp:attachment":[{"href":"https:\/\/www.hashtag.al\/index.php\/wp-json\/wp\/v2\/media?parent=751472"}],"wp:term":[{"taxonomy":"category","embeddable":true,"href":"https:\/\/www.hashtag.al\/index.php\/wp-json\/wp\/v2\/categories?post=751472"},{"taxonomy":"post_tag","embeddable":true,"href":"https:\/\/www.hashtag.al\/index.php\/wp-json\/wp\/v2\/tags?post=751472"}],"curies":[{"name":"wp","href":"https:\/\/api.w.org\/{rel}","templated":true}]}}