{"id":751408,"date":"2025-07-15T22:24:40","date_gmt":"2025-07-15T20:24:40","guid":{"rendered":"https:\/\/www.hashtag.al\/?p=751408"},"modified":"2025-07-15T22:24:40","modified_gmt":"2025-07-15T20:24:40","slug":"kryeministri-sllovak-kerkon-perjashtim-per-gazin-rus-deri-ne-2034-si-kusht-per-heqjen-e-vetos","status":"publish","type":"post","link":"https:\/\/www.hashtag.al\/index.php\/2025\/07\/15\/kryeministri-sllovak-kerkon-perjashtim-per-gazin-rus-deri-ne-2034-si-kusht-per-heqjen-e-vetos\/","title":{"rendered":"Kryeministri sllovak k\u00ebrkon p\u00ebrjashtim p\u00ebr gazin rus deri n\u00eb 2034 si kusht p\u00ebr heqjen e vetos","gt_translate_keys":[{"key":"rendered","format":"text"}]},"content":{"rendered":"<p data-start=\"147\" data-end=\"428\"><span style=\"color: #000000;\"><img loading=\"lazy\" decoding=\"async\" class=\"size-medium wp-image-705374 aligncenter\" src=\"https:\/\/www.hashtag.al\/wp-content\/uploads\/2024\/10\/fico-300x200.jpg\" alt=\"\" width=\"300\" height=\"200\" srcset=\"https:\/\/www.hashtag.al\/wp-content\/uploads\/2024\/10\/fico-300x200.jpg 300w, https:\/\/www.hashtag.al\/wp-content\/uploads\/2024\/10\/fico-1024x682.jpg 1024w, https:\/\/www.hashtag.al\/wp-content\/uploads\/2024\/10\/fico-768x512.jpg 768w, https:\/\/www.hashtag.al\/wp-content\/uploads\/2024\/10\/fico-1536x1023.jpg 1536w, https:\/\/www.hashtag.al\/wp-content\/uploads\/2024\/10\/fico-2048x1364.jpg 2048w\" sizes=\"auto, (max-width: 300px) 100vw, 300px\" \/><br \/>\nKryeministri i Sllovakis\u00eb, Robert Fico, ka k\u00ebrkuar nga Bashkimi Evropian nj\u00eb p\u00ebrjashtim ligjor q\u00eb do t\u2019i lejonte vendit t\u00eb tij t\u00eb vazhdoj\u00eb blerjen e gazit rus deri n\u00eb vitin 2034, si kusht p\u00ebr t\u00eb hequr veton ndaj paket\u00ebs s\u00eb re t\u00eb sanksioneve kund\u00ebr Rusis\u00eb, p\u00ebrcjell <span style=\"color: #0000ff;\"><a style=\"color: #0000ff;\" href=\"https:\/\/www.euronews.com\/my-europe\/2025\/07\/15\/slovakia-demands-exemption-to-drop-veto-on-eu-russia-sanctions\">Euro News<\/a><\/span>.<\/span><\/p>\n<p data-start=\"430\" data-end=\"596\"><span style=\"color: #000000;\">Kjo k\u00ebrkes\u00eb e drejtp\u00ebrdrejt\u00eb e Ficos ka ngritur pik\u00ebpyetje n\u00ebse ng\u00ebr\u00e7i politik brenda BE-s\u00eb mund t\u00eb zgjidhet k\u00ebt\u00eb jav\u00eb, ashtu si\u00e7 kishin shpresuar diplomat\u00ebt.<\/span><\/p>\n<p data-start=\"598\" data-end=\"953\"><span style=\"color: #000000;\">\u201c<em>Zgjidhja m\u00eb e mir\u00eb do t\u00eb ishte q\u00eb Sllovakis\u00eb t\u2019i jepet nj\u00eb p\u00ebrjashtim q\u00eb t\u2019i mund\u00ebsohet p\u00ebrmbushja e kontrat\u00ebs me kompanin\u00eb ruse Gazprom deri n\u00eb p\u00ebrfundimin e saj n\u00eb vitin 2034 \u2013 nj\u00eb gj\u00eb q\u00eb Komisioni Evropian e kund\u00ebrshton n\u00eb parim, me arsyetimin se nj\u00eb p\u00ebrjashtim i till\u00eb do t\u00eb minonte thelbin e sanksioneve ndaj Rusis\u00eb<\/em>,\u201d shkroi Fico n\u00eb rrjetet sociale.<\/span><\/p>\n<p data-start=\"955\" data-end=\"1266\"><span style=\"color: #000000;\">Sipas tij, q\u00ebndrimi i Sllovakis\u00eb nuk lidhet me sanksionet vet\u00eb, por me afatin p\u00ebr nd\u00ebrprerjen e importit t\u00eb karburanteve fosile ruse, t\u00eb parashikuar t\u00eb p\u00ebrfundoj\u00eb deri n\u00eb fund t\u00eb vitit 2027. T\u00eb ardhurat nga energjia konsiderohen nj\u00eb burim themelor i financimit t\u00eb luft\u00ebs s\u00eb agresionit t\u00eb Rusis\u00eb kund\u00ebr Ukrain\u00ebs.<\/span><\/p>\n<p data-start=\"1268\" data-end=\"1483\"><span style=\"color: #000000;\">Komisioni Evropian publikoi n\u00eb maj nj\u00eb plan t\u00eb detajuar p\u00ebr nd\u00ebrprerjen graduale t\u00eb kontratave afatshkurtra dhe afatgjata t\u00eb gazit rus, dhe n\u00eb qershor paraqiti legjislacionin p\u00ebrkat\u00ebs n\u00eb p\u00ebrputhje me k\u00ebt\u00eb strategji.<\/span><\/p>\n<p data-start=\"1485\" data-end=\"1813\" data-is-last-node=\"\" data-is-only-node=\"\"><span style=\"color: #000000;\">P\u00ebr momentin, Komisioni \u00ebsht\u00eb kund\u00ebr dh\u00ebnies s\u00eb p\u00ebrjashtimeve t\u00eb tilla, pasi konsideron se \u00e7do hap mbrapa do t\u00eb d\u00ebmtonte q\u00ebllimin kryesor t\u00eb sanksioneve: uljen e t\u00eb ardhurave t\u00eb Kremlinit nga eksportet energjetike. Negociatat mes vendeve an\u00ebtare vazhdojn\u00eb, nd\u00ebrsa presioni p\u00ebr unitet brenda BE-s\u00eb p\u00ebrball\u00eb Rusis\u00eb mbetet i lart\u00eb.<\/span><\/p>\n","protected":false,"gt_translate_keys":[{"key":"rendered","format":"html"}]},"excerpt":{"rendered":"<p>Kryeministri i Sllovakis\u00eb, Robert Fico, ka k\u00ebrkuar nga Bashkimi Evropian nj\u00eb p\u00ebrjashtim ligjor q\u00eb do t\u2019i lejonte vendit t\u00eb tij t\u00eb vazhdoj\u00eb blerjen e gazit rus deri n\u00eb vitin 2034, si kusht p\u00ebr t\u00eb hequr veton ndaj paket\u00ebs s\u00eb re t\u00eb sanksioneve kund\u00ebr Rusis\u00eb, p\u00ebrcjell Euro News. Kjo k\u00ebrkes\u00eb e drejtp\u00ebrdrejt\u00eb e Ficos ka ngritur [&hellip;]<\/p>\n","protected":false,"gt_translate_keys":[{"key":"rendered","format":"html"}]},"author":32,"featured_media":705374,"comment_status":"closed","ping_status":"open","sticky":false,"template":"","format":"standard","meta":{"footnotes":""},"categories":[6],"tags":[],"class_list":["post-751408","post","type-post","status-publish","format-standard","has-post-thumbnail","hentry","category-nderkombetare"],"gt_translate_keys":[{"key":"link","format":"url"}],"_links":{"self":[{"href":"https:\/\/www.hashtag.al\/index.php\/wp-json\/wp\/v2\/posts\/751408","targetHints":{"allow":["GET"]}}],"collection":[{"href":"https:\/\/www.hashtag.al\/index.php\/wp-json\/wp\/v2\/posts"}],"about":[{"href":"https:\/\/www.hashtag.al\/index.php\/wp-json\/wp\/v2\/types\/post"}],"author":[{"embeddable":true,"href":"https:\/\/www.hashtag.al\/index.php\/wp-json\/wp\/v2\/users\/32"}],"replies":[{"embeddable":true,"href":"https:\/\/www.hashtag.al\/index.php\/wp-json\/wp\/v2\/comments?post=751408"}],"version-history":[{"count":99999,"href":"https:\/\/www.hashtag.al\/index.php\/wp-json\/wp\/v2\/posts\/751408\/revisions"}],"predecessor-version":[{"id":751409,"href":"https:\/\/www.hashtag.al\/index.php\/wp-json\/wp\/v2\/posts\/751408\/revisions\/751409"}],"wp:featuredmedia":[{"embeddable":true,"href":"https:\/\/www.hashtag.al\/index.php\/wp-json\/wp\/v2\/media\/705374"}],"wp:attachment":[{"href":"https:\/\/www.hashtag.al\/index.php\/wp-json\/wp\/v2\/media?parent=751408"}],"wp:term":[{"taxonomy":"category","embeddable":true,"href":"https:\/\/www.hashtag.al\/index.php\/wp-json\/wp\/v2\/categories?post=751408"},{"taxonomy":"post_tag","embeddable":true,"href":"https:\/\/www.hashtag.al\/index.php\/wp-json\/wp\/v2\/tags?post=751408"}],"curies":[{"name":"wp","href":"https:\/\/api.w.org\/{rel}","templated":true}]}}