{"id":751127,"date":"2025-07-14T13:47:12","date_gmt":"2025-07-14T11:47:12","guid":{"rendered":"https:\/\/www.hashtag.al\/?p=751127"},"modified":"2025-07-14T13:47:12","modified_gmt":"2025-07-14T11:47:12","slug":"aksioni-ne-theth-berisha-ska-toke-te-xanun-rama-pushtues-i-eger","status":"publish","type":"post","link":"https:\/\/www.hashtag.al\/index.php\/2025\/07\/14\/aksioni-ne-theth-berisha-ska-toke-te-xanun-rama-pushtues-i-eger\/","title":{"rendered":"Aksioni n\u00eb Theth, Berisha: S\u2019ka tok\u00eb t\u00eb xanun, Rama pushtues i eg\u00ebr","gt_translate_keys":[{"key":"rendered","format":"text"}]},"content":{"rendered":"<p><span style=\"color: #000000;\"><img loading=\"lazy\" decoding=\"async\" class=\"alignnone size-medium wp-image-751129\" src=\"https:\/\/www.hashtag.al\/wp-content\/uploads\/2025\/07\/Screenshot-2025-07-14-134612-300x188.png\" alt=\"\" width=\"300\" height=\"188\" srcset=\"https:\/\/www.hashtag.al\/wp-content\/uploads\/2025\/07\/Screenshot-2025-07-14-134612-300x188.png 300w, https:\/\/www.hashtag.al\/wp-content\/uploads\/2025\/07\/Screenshot-2025-07-14-134612.png 657w\" sizes=\"auto, (max-width: 300px) 100vw, 300px\" \/><\/span><\/p>\n<p><span style=\"color: #000000;\">Kryetari i Partis\u00eb Demokratike, Sali Berisha e quan projekt antishqiptar aksionin e qeveris\u00eb p\u00ebr prishjen e nd\u00ebrtimeve pa leje n\u00eb zon\u00ebn e Thethit.\u00a0<\/span><\/p>\n<p><span style=\"color: #000000;\">N\u00eb nj\u00eb konferenc\u00eb p\u00ebr mediat, ish-kryeministri Berisha tha se Rama \u00ebsht\u00eb sjell\u00eb me banor\u00ebt e Thethit si pushtues i eg\u00ebr, duke marr\u00eb n\u00eb mbrojtje edhe nd\u00ebrtimet pa leje.<\/span><\/p>\n<p><span style=\"color: #000000;\">Sipas Berish\u00ebs, n\u00eb Theth, por n\u00eb t\u00eb gjith\u00eb veriun, nuk ekziston asnj\u00eb p\u00ebll\u00ebmb\u00eb tok\u00eb e xanun, por ato toka jan\u00eb trash\u00ebgimi shekullore e paraardh\u00ebsve.<\/span><\/p>\n<p><span style=\"color: #000000;\"><em>\u201cRama \u00ebsht\u00eb sjell\u00eb me Thethin nj\u00eblloj si malazez\u00ebt, turqit, serb\u00ebt, Mehmet Shehu. \u00cbsht\u00eb sjell\u00eb me Thethin dhe dukagjinasit si nj\u00eb pushtues i eg\u00ebr. Armiq\u00ebsia e Edi Ram\u00ebs ndaj banor\u00ebve t\u00eb Thethit tejkalon t\u00eb gjitha armiq\u00ebsit\u00eb e njohura gjer sot ndaj tyre.<\/em><\/span><\/p>\n<p><span style=\"color: #000000;\"><em>Edi Rama p\u00ebrdori praktikat m\u00eb t\u00eb ul\u00ebta morale, pafytyr\u00ebsin\u00eb dhe pabesin\u00eb m\u00eb t\u00eb madhe p\u00ebr t\u00eb realizuar nj\u00eb projekt shkat\u00ebrrimtar p\u00ebr banor\u00ebt, nj\u00eb projekt mafioz, nj\u00eb projekt antishqiptar, nj\u00eb projekt hakmarr\u00ebs, primitiv. Shqiptar\u00ebt duhet ta din\u00eb se n\u00eb Theth absolutisht nuk ekziston absolutisht asnj\u00eb p\u00ebll\u00ebmb\u00eb tok\u00eb e xanun, jo n\u00eb Theth, po as n\u00eb veri askund sepse tok\u00ebn ata e kan\u00eb trash\u00ebgimi shekullore t\u00eb paraardh\u00ebsve t\u00eb tyre dhe nuk kan\u00eb marr\u00eb kurr\u00eb asnj\u00eb p\u00ebll\u00ebmb\u00eb tok\u00eb t\u00eb tjet\u00ebrkujt apo tok\u00eb t\u00eb askujt. Ka edhe toka t\u00eb askujt, mera quhen, toka publike\u201d,<\/em> tha Berisha.<\/span><\/p>\n<p><span style=\"color: #000000;\">Berisha b\u00ebri thirrje p\u00ebr d\u00ebmshp\u00ebrblimin e t\u00eb gjitha banesave, duke th\u00ebn\u00eb se ishte Rama ai q\u00eb u premtoi banor\u00ebve t\u00eb Thethit legalizime.<\/span><\/p>\n<p><span style=\"color: #000000;\"><em>\u201cKrim shtet\u00ebror i kryer ndaj banor\u00ebve t\u00eb Thethit dhe k\u00ebrkoj nd\u00ebrprerjen e k\u00ebtij terrori. D\u00ebmshp\u00ebrblimin e t\u00eb gjitha banesave t\u00eb prishura, t\u00eb premtuara se do legalizohen nga Edi Rama. I ka me z\u00eb dhe figur\u00eb premtimet e tij, inkurajimin, mashtrimin e tyre. \u00c7do gj\u00eb b\u00ebhet p\u00ebr t\u00eb mbuluar funeralin elektoral t\u00eb 11 majit\u201d,<\/em> tha Berisha.<\/span><\/p>\n<p><span style=\"color: #000000;\">I gjith\u00eb ky aksion, sipas Berish\u00ebs, po b\u00ebhet p\u00ebr t\u00eb mbuluar \u2018funeralin elektoral\u2019 t\u00eb 11 majit, si\u00e7 ai e cil\u00ebsoi. E k\u00ebshtu, pas 2 muajsh zgjedhje, kreu i PD, vijoi me p\u00ebrpjekjet e tij p\u00ebr t\u00eb faktuar fars\u00ebn e 11 majit.<\/span><\/p>\n","protected":false,"gt_translate_keys":[{"key":"rendered","format":"html"}]},"excerpt":{"rendered":"<p>Kryetari i Partis\u00eb Demokratike, Sali Berisha e quan projekt antishqiptar aksionin e qeveris\u00eb p\u00ebr prishjen e nd\u00ebrtimeve pa leje n\u00eb zon\u00ebn e Thethit.\u00a0 N\u00eb nj\u00eb konferenc\u00eb p\u00ebr mediat, ish-kryeministri Berisha tha se Rama \u00ebsht\u00eb sjell\u00eb me banor\u00ebt e Thethit si pushtues i eg\u00ebr, duke marr\u00eb n\u00eb mbrojtje edhe nd\u00ebrtimet pa leje. Sipas Berish\u00ebs, n\u00eb Theth, [&hellip;]<\/p>\n","protected":false,"gt_translate_keys":[{"key":"rendered","format":"html"}]},"author":32,"featured_media":751129,"comment_status":"closed","ping_status":"open","sticky":false,"template":"","format":"standard","meta":{"footnotes":""},"categories":[65],"tags":[],"class_list":["post-751127","post","type-post","status-publish","format-standard","has-post-thumbnail","hentry","category-lajme"],"gt_translate_keys":[{"key":"link","format":"url"}],"_links":{"self":[{"href":"https:\/\/www.hashtag.al\/index.php\/wp-json\/wp\/v2\/posts\/751127","targetHints":{"allow":["GET"]}}],"collection":[{"href":"https:\/\/www.hashtag.al\/index.php\/wp-json\/wp\/v2\/posts"}],"about":[{"href":"https:\/\/www.hashtag.al\/index.php\/wp-json\/wp\/v2\/types\/post"}],"author":[{"embeddable":true,"href":"https:\/\/www.hashtag.al\/index.php\/wp-json\/wp\/v2\/users\/32"}],"replies":[{"embeddable":true,"href":"https:\/\/www.hashtag.al\/index.php\/wp-json\/wp\/v2\/comments?post=751127"}],"version-history":[{"count":99999,"href":"https:\/\/www.hashtag.al\/index.php\/wp-json\/wp\/v2\/posts\/751127\/revisions"}],"predecessor-version":[{"id":751130,"href":"https:\/\/www.hashtag.al\/index.php\/wp-json\/wp\/v2\/posts\/751127\/revisions\/751130"}],"wp:featuredmedia":[{"embeddable":true,"href":"https:\/\/www.hashtag.al\/index.php\/wp-json\/wp\/v2\/media\/751129"}],"wp:attachment":[{"href":"https:\/\/www.hashtag.al\/index.php\/wp-json\/wp\/v2\/media?parent=751127"}],"wp:term":[{"taxonomy":"category","embeddable":true,"href":"https:\/\/www.hashtag.al\/index.php\/wp-json\/wp\/v2\/categories?post=751127"},{"taxonomy":"post_tag","embeddable":true,"href":"https:\/\/www.hashtag.al\/index.php\/wp-json\/wp\/v2\/tags?post=751127"}],"curies":[{"name":"wp","href":"https:\/\/api.w.org\/{rel}","templated":true}]}}