{"id":750959,"date":"2025-07-13T10:19:56","date_gmt":"2025-07-13T08:19:56","guid":{"rendered":"https:\/\/www.hashtag.al\/?p=750959"},"modified":"2025-07-13T10:19:56","modified_gmt":"2025-07-13T08:19:56","slug":"rama-konfirmon-mikroshteti-bektashi-do-te-ngrihet-ne-tirane","status":"publish","type":"post","link":"https:\/\/www.hashtag.al\/index.php\/2025\/07\/13\/rama-konfirmon-mikroshteti-bektashi-do-te-ngrihet-ne-tirane\/","title":{"rendered":"Rama konfirmon: Mikroshteti bektashi do t\u00eb ngrihet n\u00eb Tiran\u00eb","gt_translate_keys":[{"key":"rendered","format":"text"}]},"content":{"rendered":"<p data-start=\"0\" data-end=\"94\"><span style=\"color: #000000;\"><img loading=\"lazy\" decoding=\"async\" class=\"size-medium wp-image-743365 aligncenter\" src=\"https:\/\/www.hashtag.al\/wp-content\/uploads\/2025\/05\/edi-ramaa1-1-300x171.jpg\" alt=\"\" width=\"300\" height=\"171\" srcset=\"https:\/\/www.hashtag.al\/wp-content\/uploads\/2025\/05\/edi-ramaa1-1-300x171.jpg 300w, https:\/\/www.hashtag.al\/wp-content\/uploads\/2025\/05\/edi-ramaa1-1.jpg 622w\" sizes=\"auto, (max-width: 300px) 100vw, 300px\" \/><br \/>\nN\u00eb nj\u00eb intervist\u00eb t\u00eb posa\u00e7me p\u00ebr nj\u00eb dokumentar kushtuar bektashizmit, Kryeministri Edi Rama ka konfirmuar se <\/span><span style=\"color: #000000;\">mikroshteti bektashi<\/span><span style=\"color: #000000;\">, i shpallur m\u00eb her\u00ebt n\u00eb Kombet e Bashkuara, <\/span><span style=\"color: #000000;\">do t\u00eb ngrihet n\u00eb territorin aktual t\u00eb Kryegjyshat\u00ebs Bot\u00ebrore Bektashiane<\/span><span style=\"color: #000000;\">, n\u00eb Tiran\u00eb.<\/span><\/p>\n<p data-start=\"365\" data-end=\"532\"><span style=\"color: #000000;\">Sipas Ram\u00ebs, b\u00ebhet fjal\u00eb p\u00ebr nj\u00eb sip\u00ebrfaqe t\u00eb vog\u00ebl, prej pak hektar\u00ebsh, t\u00eb cil\u00ebn komuniteti bektashi e zot\u00ebron prej koh\u00ebsh dhe ku ndodhet selia e tyre q\u00ebndrore.<\/span><\/p>\n<p data-start=\"365\" data-end=\"532\"><span style=\"color: #000000;\">\u201c<em>P\u00ebr Shqip\u00ebrin\u00eb, kjo \u00ebsht\u00eb nj\u00eb pjes\u00eb shum\u00eb e \u00e7muar e trash\u00ebgimis\u00eb komb\u00ebtare, nd\u00ebrsa p\u00ebr komunitetin bektashi \u00ebsht\u00eb nj\u00eb garanci p\u00ebr ekzistenc\u00ebn dhe vazhdim\u00ebsin\u00eb e tij,<\/em>\u201d \u2013 deklaroi Kryeministri.<\/span><\/p>\n<p data-start=\"729\" data-end=\"929\"><span style=\"color: #000000;\">Mikroshteti, q\u00eb do t\u00eb ket\u00eb status simbolik dhe shpirt\u00ebror, do t\u00eb vendoset n\u00eb periferi t\u00eb Parkut t\u00eb Madh t\u00eb Tiran\u00ebs, aty ku ndodhet prej dekadash edhe epiqendra bot\u00ebrore e bektashinjve.<\/span><\/p>\n<p data-start=\"931\" data-end=\"1020\"><span style=\"color: #000000;\">Kreu shpirt\u00ebror i k\u00ebtij komuniteti, Baba Mondi, e cil\u00ebsoi nism\u00ebn si nj\u00eb akt historik:<\/span><\/p>\n<p data-start=\"931\" data-end=\"1020\"><em><span style=\"color: #000000;\">\u201cNe jemi p\u00ebr paqe, dashuri dhe bashk\u00ebjetes\u00eb. Shqip\u00ebria \u00ebsht\u00eb sht\u00ebpia jon\u00eb, dhe Kryegjyshata \u00ebsht\u00eb tempulli yn\u00eb.\u201d<\/span><\/em><\/p>\n<p data-start=\"1137\" data-end=\"1449\" data-is-last-node=\"\" data-is-only-node=\"\"><span style=\"color: #000000;\">Sipas dokumentarit t\u00eb realizuar nga fotoreporteri britanik Robert Hackman dhe Dritare TV, ky do t\u00eb jet\u00eb mikroshteti m\u00eb i vog\u00ebl n\u00eb bot\u00eb, me nj\u00eb funksion t\u00eb theksuar shpirt\u00ebror dhe kulturor, i cili do t\u00eb sh\u00ebrbej\u00eb si qend\u00ebr nd\u00ebrkomb\u00ebtare pelegrinazhi<\/span><\/p>\n","protected":false,"gt_translate_keys":[{"key":"rendered","format":"html"}]},"excerpt":{"rendered":"<p>N\u00eb nj\u00eb intervist\u00eb t\u00eb posa\u00e7me p\u00ebr nj\u00eb dokumentar kushtuar bektashizmit, Kryeministri Edi Rama ka konfirmuar se mikroshteti bektashi, i shpallur m\u00eb her\u00ebt n\u00eb Kombet e Bashkuara, do t\u00eb ngrihet n\u00eb territorin aktual t\u00eb Kryegjyshat\u00ebs Bot\u00ebrore Bektashiane, n\u00eb Tiran\u00eb. Sipas Ram\u00ebs, b\u00ebhet fjal\u00eb p\u00ebr nj\u00eb sip\u00ebrfaqe t\u00eb vog\u00ebl, prej pak hektar\u00ebsh, t\u00eb cil\u00ebn komuniteti bektashi e [&hellip;]<\/p>\n","protected":false,"gt_translate_keys":[{"key":"rendered","format":"html"}]},"author":32,"featured_media":743365,"comment_status":"closed","ping_status":"open","sticky":false,"template":"","format":"standard","meta":{"footnotes":""},"categories":[65],"tags":[],"class_list":["post-750959","post","type-post","status-publish","format-standard","has-post-thumbnail","hentry","category-lajme"],"gt_translate_keys":[{"key":"link","format":"url"}],"_links":{"self":[{"href":"https:\/\/www.hashtag.al\/index.php\/wp-json\/wp\/v2\/posts\/750959","targetHints":{"allow":["GET"]}}],"collection":[{"href":"https:\/\/www.hashtag.al\/index.php\/wp-json\/wp\/v2\/posts"}],"about":[{"href":"https:\/\/www.hashtag.al\/index.php\/wp-json\/wp\/v2\/types\/post"}],"author":[{"embeddable":true,"href":"https:\/\/www.hashtag.al\/index.php\/wp-json\/wp\/v2\/users\/32"}],"replies":[{"embeddable":true,"href":"https:\/\/www.hashtag.al\/index.php\/wp-json\/wp\/v2\/comments?post=750959"}],"version-history":[{"count":99999,"href":"https:\/\/www.hashtag.al\/index.php\/wp-json\/wp\/v2\/posts\/750959\/revisions"}],"predecessor-version":[{"id":750960,"href":"https:\/\/www.hashtag.al\/index.php\/wp-json\/wp\/v2\/posts\/750959\/revisions\/750960"}],"wp:featuredmedia":[{"embeddable":true,"href":"https:\/\/www.hashtag.al\/index.php\/wp-json\/wp\/v2\/media\/743365"}],"wp:attachment":[{"href":"https:\/\/www.hashtag.al\/index.php\/wp-json\/wp\/v2\/media?parent=750959"}],"wp:term":[{"taxonomy":"category","embeddable":true,"href":"https:\/\/www.hashtag.al\/index.php\/wp-json\/wp\/v2\/categories?post=750959"},{"taxonomy":"post_tag","embeddable":true,"href":"https:\/\/www.hashtag.al\/index.php\/wp-json\/wp\/v2\/tags?post=750959"}],"curies":[{"name":"wp","href":"https:\/\/api.w.org\/{rel}","templated":true}]}}