{"id":750957,"date":"2025-07-13T09:59:36","date_gmt":"2025-07-13T07:59:36","guid":{"rendered":"https:\/\/www.hashtag.al\/?p=750957"},"modified":"2025-07-13T09:59:36","modified_gmt":"2025-07-13T07:59:36","slug":"arrestohet-ne-tirane-41-vjecari-i-kerkuar-nderkombetarisht-nga-austria-i-dyshuar-per-disa-krime-te-renda","status":"publish","type":"post","link":"https:\/\/www.hashtag.al\/index.php\/2025\/07\/13\/arrestohet-ne-tirane-41-vjecari-i-kerkuar-nderkombetarisht-nga-austria-i-dyshuar-per-disa-krime-te-renda\/","title":{"rendered":"Arrestohet n\u00eb Tiran\u00eb 41-vje\u00e7ari i k\u00ebrkuar nd\u00ebrkomb\u00ebtarisht nga Austria, i dyshuar p\u00ebr disa krime t\u00eb r\u00ebnda","gt_translate_keys":[{"key":"rendered","format":"text"}]},"content":{"rendered":"<p data-start=\"0\" data-end=\"109\"><span style=\"color: #000000;\"><img loading=\"lazy\" decoding=\"async\" class=\"size-medium wp-image-746155 aligncenter\" src=\"https:\/\/www.hashtag.al\/wp-content\/uploads\/2025\/06\/policia-Tirane1-1-300x169.jpg\" alt=\"\" width=\"300\" height=\"169\" srcset=\"https:\/\/www.hashtag.al\/wp-content\/uploads\/2025\/06\/policia-Tirane1-1-300x169.jpg 300w, https:\/\/www.hashtag.al\/wp-content\/uploads\/2025\/06\/policia-Tirane1-1-768x432.jpg 768w, https:\/\/www.hashtag.al\/wp-content\/uploads\/2025\/06\/policia-Tirane1-1.jpg 930w\" sizes=\"auto, (max-width: 300px) 100vw, 300px\" \/><br \/>\nNj\u00eb 41-vje\u00e7ar nga Maqedonia e Veriut, <\/span><span style=\"color: #000000;\">Musli Aslani<\/span><span style=\"color: #000000;\">, i shpallur n\u00eb k\u00ebrkim nd\u00ebrkomb\u00ebtar, \u00ebsht\u00eb arrestuar n\u00eb Tiran\u00eb nga <\/span><span style=\"color: #000000;\">Forca e Posa\u00e7me Operacionale<\/span><span style=\"color: #000000;\"> e Policis\u00eb s\u00eb Shtetit, si pjes\u00eb e operacionit t\u00eb koduar <\/span><span style=\"color: #000000;\">\u201cOperacionalja 54\u201d<\/span><span style=\"color: #000000;\">.<\/span><\/p>\n<p data-start=\"346\" data-end=\"502\"><span style=\"color: #000000;\">Aslani ishte i k\u00ebrkuar nga autoritetet austriake, konkretisht nga Zyra e Prokurorit Publik Innsbruck, p\u00ebr disa vepra t\u00eb r\u00ebnda penale, p\u00ebrfshir\u00eb:<\/span><\/p>\n<ul data-start=\"504\" data-end=\"597\">\n<li data-start=\"504\" data-end=\"526\">\n<p data-start=\"506\" data-end=\"526\"><span style=\"color: #000000;\">Trafikim droge<\/span><\/p>\n<\/li>\n<li data-start=\"527\" data-end=\"556\">\n<p data-start=\"529\" data-end=\"556\"><span style=\"color: #000000;\">K\u00ebrc\u00ebnim i rreziksh\u00ebm<\/span><\/p>\n<\/li>\n<li data-start=\"557\" data-end=\"582\">\n<p data-start=\"559\" data-end=\"582\"><span style=\"color: #000000;\">Zhvatje e r\u00ebnduar<\/span><\/p>\n<\/li>\n<li data-start=\"583\" data-end=\"597\">\n<p data-start=\"585\" data-end=\"597\"><span style=\"color: #000000;\">Plagosje<\/span><\/p>\n<\/li>\n<\/ul>\n<p data-start=\"599\" data-end=\"692\"><span style=\"color: #000000;\">K\u00ebto krime, sipas Kodit Penal t\u00eb Austris\u00eb, parashikojn\u00eb d\u00ebnim deri n\u00eb 20 vite burgim.<\/span><\/p>\n<p data-start=\"694\" data-end=\"853\"><span style=\"color: #000000;\">Gjat\u00eb kontrollit fizik n\u00eb momentin e arrestimit, autoritetet shqiptare i gjet\u00ebn dhe sekuestruan nj\u00eb sasi t\u00eb l\u00ebnd\u00ebs narkotike t\u00eb dyshuar si kanabis.<\/span><\/p>\n<p data-start=\"855\" data-end=\"1031\"><span style=\"color: #000000;\">Policia e Shtetit b\u00ebn me dije se Interpol Tirana ka nisur procedurat p\u00ebr ekstradimin e tij drejt Austris\u00eb, n\u00eb bashk\u00ebpunim t\u00eb ngusht\u00eb me autoritetet p\u00ebrkat\u00ebse austriake.<\/span><\/p>\n","protected":false,"gt_translate_keys":[{"key":"rendered","format":"html"}]},"excerpt":{"rendered":"<p>Nj\u00eb 41-vje\u00e7ar nga Maqedonia e Veriut, Musli Aslani, i shpallur n\u00eb k\u00ebrkim nd\u00ebrkomb\u00ebtar, \u00ebsht\u00eb arrestuar n\u00eb Tiran\u00eb nga Forca e Posa\u00e7me Operacionale e Policis\u00eb s\u00eb Shtetit, si pjes\u00eb e operacionit t\u00eb koduar \u201cOperacionalja 54\u201d. Aslani ishte i k\u00ebrkuar nga autoritetet austriake, konkretisht nga Zyra e Prokurorit Publik Innsbruck, p\u00ebr disa vepra t\u00eb r\u00ebnda penale, p\u00ebrfshir\u00eb: [&hellip;]<\/p>\n","protected":false,"gt_translate_keys":[{"key":"rendered","format":"html"}]},"author":32,"featured_media":746155,"comment_status":"closed","ping_status":"open","sticky":false,"template":"","format":"standard","meta":{"footnotes":""},"categories":[65],"tags":[],"class_list":["post-750957","post","type-post","status-publish","format-standard","has-post-thumbnail","hentry","category-lajme"],"gt_translate_keys":[{"key":"link","format":"url"}],"_links":{"self":[{"href":"https:\/\/www.hashtag.al\/index.php\/wp-json\/wp\/v2\/posts\/750957","targetHints":{"allow":["GET"]}}],"collection":[{"href":"https:\/\/www.hashtag.al\/index.php\/wp-json\/wp\/v2\/posts"}],"about":[{"href":"https:\/\/www.hashtag.al\/index.php\/wp-json\/wp\/v2\/types\/post"}],"author":[{"embeddable":true,"href":"https:\/\/www.hashtag.al\/index.php\/wp-json\/wp\/v2\/users\/32"}],"replies":[{"embeddable":true,"href":"https:\/\/www.hashtag.al\/index.php\/wp-json\/wp\/v2\/comments?post=750957"}],"version-history":[{"count":99999,"href":"https:\/\/www.hashtag.al\/index.php\/wp-json\/wp\/v2\/posts\/750957\/revisions"}],"predecessor-version":[{"id":750958,"href":"https:\/\/www.hashtag.al\/index.php\/wp-json\/wp\/v2\/posts\/750957\/revisions\/750958"}],"wp:featuredmedia":[{"embeddable":true,"href":"https:\/\/www.hashtag.al\/index.php\/wp-json\/wp\/v2\/media\/746155"}],"wp:attachment":[{"href":"https:\/\/www.hashtag.al\/index.php\/wp-json\/wp\/v2\/media?parent=750957"}],"wp:term":[{"taxonomy":"category","embeddable":true,"href":"https:\/\/www.hashtag.al\/index.php\/wp-json\/wp\/v2\/categories?post=750957"},{"taxonomy":"post_tag","embeddable":true,"href":"https:\/\/www.hashtag.al\/index.php\/wp-json\/wp\/v2\/tags?post=750957"}],"curies":[{"name":"wp","href":"https:\/\/api.w.org\/{rel}","templated":true}]}}