{"id":750879,"date":"2025-07-12T14:51:11","date_gmt":"2025-07-12T12:51:11","guid":{"rendered":"https:\/\/www.hashtag.al\/?p=750879"},"modified":"2025-07-12T14:51:11","modified_gmt":"2025-07-12T12:51:11","slug":"tedi-blushi-fadromat-e-regjimit-te-ramaduros-po-ushtrojne-terror-shteteror-ndaj-banoreve-te-thethit","status":"publish","type":"post","link":"https:\/\/www.hashtag.al\/index.php\/2025\/07\/12\/tedi-blushi-fadromat-e-regjimit-te-ramaduros-po-ushtrojne-terror-shteteror-ndaj-banoreve-te-thethit\/","title":{"rendered":"Tedi Blushi: Fadromat e regjimit t\u00eb \u201cRamaduros po ushtrojn\u00eb terror shtet\u00ebror ndaj banor\u00ebve t\u00eb Thethit","gt_translate_keys":[{"key":"rendered","format":"text"}]},"content":{"rendered":"<article class=\"text-token-text-primary w-full\" dir=\"auto\" data-testid=\"conversation-turn-64\" data-scroll-anchor=\"true\">\n<div class=\"text-base my-auto mx-auto py-5 [--thread-content-margin:--spacing(4)] @[37rem]:[--thread-content-margin:--spacing(6)] @[72rem]:[--thread-content-margin:--spacing(16)] px-(--thread-content-margin)\">\n<div class=\"[--thread-content-max-width:32rem] @[34rem]:[--thread-content-max-width:40rem] @[64rem]:[--thread-content-max-width:48rem] mx-auto flex max-w-(--thread-content-max-width) flex-1 text-base gap-4 md:gap-5 lg:gap-6 group\/turn-messages focus-visible:outline-hidden\" tabindex=\"-1\">\n<div class=\"group\/conversation-turn relative flex w-full min-w-0 flex-col agent-turn\">\n<div class=\"relative flex-col gap-1 md:gap-3\">\n<div class=\"flex max-w-full flex-col grow\">\n<div class=\"min-h-8 text-message relative flex w-full flex-col items-end gap-2 text-start break-words whitespace-normal [.text-message+&amp;]:mt-5\" dir=\"auto\" data-message-author-role=\"assistant\" data-message-id=\"06097d77-230d-4cdc-a9f6-3c3099932ce9\" data-message-model-slug=\"gpt-4o\">\n<div class=\"flex w-full flex-col gap-1 empty:hidden first:pt-[3px]\">\n<div class=\"markdown prose dark:prose-invert w-full break-words light\">\n<p data-start=\"100\" data-end=\"375\" data-is-last-node=\"\" data-is-only-node=\"\"><span style=\"color: #000000;\"><img loading=\"lazy\" decoding=\"async\" class=\"aligncenter size-full wp-image-731771\" src=\"https:\/\/www.hashtag.al\/wp-content\/uploads\/2025\/03\/Tedi-Blushi1.jpg\" alt=\"\" width=\"846\" height=\"604\" srcset=\"https:\/\/www.hashtag.al\/wp-content\/uploads\/2025\/03\/Tedi-Blushi1.jpg 846w, https:\/\/www.hashtag.al\/wp-content\/uploads\/2025\/03\/Tedi-Blushi1-300x214.jpg 300w, https:\/\/www.hashtag.al\/wp-content\/uploads\/2025\/03\/Tedi-Blushi1-768x548.jpg 768w, https:\/\/www.hashtag.al\/wp-content\/uploads\/2025\/03\/Tedi-Blushi1-700x500.jpg 700w\" sizes=\"auto, (max-width: 846px) 100vw, 846px\" \/><\/span><\/p>\n<p data-start=\"100\" data-end=\"375\" data-is-last-node=\"\" data-is-only-node=\"\"><span style=\"color: #000000;\">Sekretari i P\u00ebrgjithsh\u00ebm i Partis\u00eb s\u00eb Liris\u00eb, Tedi Blushi, e cil\u00ebsoi aksionin n\u00eb Theth si \u201cterror shtet\u00ebror\u201d dhe sulm ndaj qytetar\u00ebve t\u00eb pafajsh\u00ebm. <\/span><\/p>\n<p data-start=\"100\" data-end=\"375\" data-is-last-node=\"\" data-is-only-node=\"\"><span style=\"color: #000000;\">Ai akuzoi qeverin\u00eb p\u00ebr p\u00ebrdorim dhune ndaj banor\u00ebve dhe k\u00ebrkoi ndalimin urgjent t\u00eb nd\u00ebrhyrjes, si dhe hetim p\u00ebr urdh\u00ebrdh\u00ebn\u00ebsit.<\/span><\/p>\n<\/div>\n<\/div>\n<\/div>\n<\/div>\n<\/div>\n<\/div>\n<\/div>\n<\/div>\n<\/article>\n<p><span style=\"color: #000000;\"><strong>Fjala e Tedi Blushit:<\/strong><\/span><\/p>\n<p><span style=\"color: #000000;\">\u00c7izmja e pushtetit dhe fadromat e tiranis\u00eb t\u00eb regjimit t\u00eb \u201cRamaduros\u201d prej dit\u00ebsh po ushtrojn\u00eb nj\u00eb terror shtet\u00ebror t\u00eb paprecedent ndaj banor\u00ebve t\u00eb Thethit.<\/span><\/p>\n<p><span style=\"color: #000000;\">Vendimi i Edi Ram\u00ebs p\u00ebr t\u2019i shpallur luft\u00eb nj\u00eb komuniteti q\u00eb k\u00ebrkon vet\u00ebm t\u00eb jetoj\u00eb dhe t\u00eb punoj\u00eb n\u00eb paqe n\u00eb tok\u00ebn e vet, \u00ebsht\u00eb d\u00ebshmia m\u00eb trondit\u00ebse e instalimit t\u00eb nj\u00eb junte policore, shtyp\u00ebse, kriminale dhe antikomb\u00ebtare, q\u00eb n\u00eb kulmin e sezonit turistik, n\u00eb vend t\u00eb promovoj\u00eb nj\u00eb nga perlat natyrore t\u00eb Shqip\u00ebris\u00eb, po promovon turizmin e kallashnikov\u00ebve dhe fadromave.<\/span><\/p>\n<p><span style=\"color: #000000;\">Edi Rama, kjo qenie e pabes\u00eb dhe e paturp, q\u00eb n\u00eb adn ka mashtrimin, u premtoi banor\u00ebve t\u00eb Thethit para zgjedhjeve se do u legalizonte pronat e do u falte edhe taksat, nd\u00ebrsa tani kur zgjedhjet mbaruan u d\u00ebrgon fadromat.<\/span><\/p>\n<p><span style=\"color: #000000;\">Pamjet nga Thethi, ku pushteti ka zbritur me makina t\u00eb blinduara, kallashnikov\u00eb dhe fadroma si n\u00eb nj\u00eb fush\u00eb beteje, jan\u00eb d\u00ebshmia m\u00eb e qart\u00eb e nj\u00eb regjimi q\u00eb ka humbur \u00e7do kontakt me realitetin dhe \u00e7do ndjenj\u00eb p\u00ebrgjegj\u00ebsie ndaj qytetar\u00ebve. Ato nuk p\u00ebrfaq\u00ebsojn\u00eb shtetin ligjor, por nj\u00eb junt\u00eb t\u00eb verb\u00ebr q\u00eb p\u00ebrdor dhun\u00ebn p\u00ebr t\u00eb shuar \u00e7do z\u00eb kund\u00ebrshtie, p\u00ebr t\u00eb kontrolluar \u00e7do p\u00ebll\u00ebmb\u00eb toke dhe p\u00ebr t\u00eb shkelur me \u00e7izmen e pushtetit \u00e7do norm\u00eb demokratike<\/span><\/p>\n<p><span style=\"color: #000000;\">Drejtimi i automatik\u00ebve ndaj banor\u00ebve q\u00eb po mbrojn\u00eb pronat e tyre \u00ebsht\u00eb dhun\u00eb e mir\u00eborganizuar p\u00ebr t\u00eb mbuluar terrorin elektoral t\u00eb 11 Majit.<\/span><\/p>\n<p><span style=\"color: #000000;\">\u00cbsht\u00eb akt i past\u00ebr kriminal p\u00ebr t\u00eb shuar me dhun\u00eb \u00e7do z\u00eb kund\u00ebrshtues, p\u00ebr t\u00eb shtypur komunitete patriotike q\u00eb nuk kan\u00eb k\u00ebrkuar asgj\u00eb m\u00eb shum\u00eb p\u00ebrve\u00e7se t\u00eb ruhen, t\u00eb mbrohen dhe t\u00eb zhvillohen n\u00eb paqe.<\/span><\/p>\n<p><span style=\"color: #000000;\">Partia e Liris\u00eb, duke shprehur solidaritetin e thell\u00eb me t\u00eb gjith\u00eb banor\u00ebt e Thethit, b\u00ebn thirrje t\u00eb ndalet urgjentisht \u00e7do form\u00eb e nd\u00ebrhyrjes brutale policore dhe urbanistike me arm\u00eb n\u00eb dor\u00eb si dhe t\u00eb nisin hetimet penale p\u00ebr urdh\u00ebrdh\u00ebn\u00ebsit dhe autor\u00ebt e k\u00ebtij sulmi kund\u00ebr qytetar\u00ebve t\u00eb pambrojtur.<\/span><\/p>\n<p><span style=\"color: #000000;\">Thethi meriton t\u00eb jet\u00eb zemra e turizmit malor shqiptar dhe jo nj\u00eb vend ku d\u00ebrgohen tanke civile p\u00ebr t\u00eb shuar z\u00ebrin e njer\u00ebzve q\u00eb nuk p\u00ebrkulen.<\/span><\/p>\n<p><span style=\"color: #000000;\">Kur nj\u00eb shtet i drejton arm\u00ebt kund\u00ebr popullit t\u00eb vet \u2013 ai nuk \u00ebsht\u00eb m\u00eb shtet. \u00cbsht\u00eb regjim represiv dhe duhet p\u00ebrballur si i till\u00eb.<\/span><\/p>\n<p><span style=\"color: #000000;\">N\u00ebse sot \u00ebsht\u00eb Thethi, nes\u00ebr do t\u00eb jet\u00eb sht\u00ebpia jote, \u00e7do fshat dhe \u00e7do qytet i Shqip\u00ebris\u00eb, ku m\u00eb nuk do t\u00eb mbizot\u00ebroj\u00eb ligji por junta e kallashniko\u00ebve dhe buldozerave kriminale q\u00eb do shkat\u00ebrrojn\u00eb dhe rr\u00ebmbejn\u00eb pronat e qytetar\u00ebve, p\u00ebr llogari t\u00eb oligark\u00ebve dhe klient\u00ebve t\u00eb Edi Ram\u00ebs.<\/span><\/p>\n","protected":false,"gt_translate_keys":[{"key":"rendered","format":"html"}]},"excerpt":{"rendered":"<p>Sekretari i P\u00ebrgjithsh\u00ebm i Partis\u00eb s\u00eb Liris\u00eb, Tedi Blushi, e cil\u00ebsoi aksionin n\u00eb Theth si \u201cterror shtet\u00ebror\u201d dhe sulm ndaj qytetar\u00ebve t\u00eb pafajsh\u00ebm. Ai akuzoi qeverin\u00eb p\u00ebr p\u00ebrdorim dhune ndaj banor\u00ebve dhe k\u00ebrkoi ndalimin urgjent t\u00eb nd\u00ebrhyrjes, si dhe hetim p\u00ebr urdh\u00ebrdh\u00ebn\u00ebsit. Fjala e Tedi Blushit: \u00c7izmja e pushtetit dhe fadromat e tiranis\u00eb t\u00eb regjimit [&hellip;]<\/p>\n","protected":false,"gt_translate_keys":[{"key":"rendered","format":"html"}]},"author":49,"featured_media":731771,"comment_status":"closed","ping_status":"open","sticky":false,"template":"","format":"standard","meta":{"footnotes":""},"categories":[65],"tags":[],"class_list":["post-750879","post","type-post","status-publish","format-standard","has-post-thumbnail","hentry","category-lajme"],"gt_translate_keys":[{"key":"link","format":"url"}],"_links":{"self":[{"href":"https:\/\/www.hashtag.al\/index.php\/wp-json\/wp\/v2\/posts\/750879","targetHints":{"allow":["GET"]}}],"collection":[{"href":"https:\/\/www.hashtag.al\/index.php\/wp-json\/wp\/v2\/posts"}],"about":[{"href":"https:\/\/www.hashtag.al\/index.php\/wp-json\/wp\/v2\/types\/post"}],"author":[{"embeddable":true,"href":"https:\/\/www.hashtag.al\/index.php\/wp-json\/wp\/v2\/users\/49"}],"replies":[{"embeddable":true,"href":"https:\/\/www.hashtag.al\/index.php\/wp-json\/wp\/v2\/comments?post=750879"}],"version-history":[{"count":99999,"href":"https:\/\/www.hashtag.al\/index.php\/wp-json\/wp\/v2\/posts\/750879\/revisions"}],"predecessor-version":[{"id":750881,"href":"https:\/\/www.hashtag.al\/index.php\/wp-json\/wp\/v2\/posts\/750879\/revisions\/750881"}],"wp:featuredmedia":[{"embeddable":true,"href":"https:\/\/www.hashtag.al\/index.php\/wp-json\/wp\/v2\/media\/731771"}],"wp:attachment":[{"href":"https:\/\/www.hashtag.al\/index.php\/wp-json\/wp\/v2\/media?parent=750879"}],"wp:term":[{"taxonomy":"category","embeddable":true,"href":"https:\/\/www.hashtag.al\/index.php\/wp-json\/wp\/v2\/categories?post=750879"},{"taxonomy":"post_tag","embeddable":true,"href":"https:\/\/www.hashtag.al\/index.php\/wp-json\/wp\/v2\/tags?post=750879"}],"curies":[{"name":"wp","href":"https:\/\/api.w.org\/{rel}","templated":true}]}}