{"id":750800,"date":"2025-07-11T21:12:52","date_gmt":"2025-07-11T19:12:52","guid":{"rendered":"https:\/\/www.hashtag.al\/?p=750800"},"modified":"2025-07-11T21:21:13","modified_gmt":"2025-07-11T19:21:13","slug":"dan-bongino-mund-te-dorehiqet-nga-fbi-ja-pas-perplasjes-me-kryeprokuroren-pam-bondi","status":"publish","type":"post","link":"https:\/\/www.hashtag.al\/index.php\/2025\/07\/11\/dan-bongino-mund-te-dorehiqet-nga-fbi-ja-pas-perplasjes-me-kryeprokuroren-pam-bondi\/","title":{"rendered":"Dan Bongino mund t\u00eb dor\u00ebhiqet nga FBI-ja\u00a0pas p\u00ebrplasjes me kryeprokuroren Pam Bondi","gt_translate_keys":[{"key":"rendered","format":"text"}]},"content":{"rendered":"<p><img loading=\"lazy\" decoding=\"async\" class=\"aligncenter size-full wp-image-750801\" src=\"https:\/\/www.hashtag.al\/wp-content\/uploads\/2025\/07\/bondi.jpg\" alt=\"\" width=\"2000\" height=\"1000\" srcset=\"https:\/\/www.hashtag.al\/wp-content\/uploads\/2025\/07\/bondi.jpg 2000w, https:\/\/www.hashtag.al\/wp-content\/uploads\/2025\/07\/bondi-300x150.jpg 300w, https:\/\/www.hashtag.al\/wp-content\/uploads\/2025\/07\/bondi-1024x512.jpg 1024w, https:\/\/www.hashtag.al\/wp-content\/uploads\/2025\/07\/bondi-768x384.jpg 768w, https:\/\/www.hashtag.al\/wp-content\/uploads\/2025\/07\/bondi-1536x768.jpg 1536w\" sizes=\"auto, (max-width: 2000px) 100vw, 2000px\" \/><\/p>\n<p><span style=\"color: #000000;\">Dan Bongino po shqyrton dor\u00ebheqjen nga FBI-ja p\u00ebr shkak t\u00eb trajtimit t\u00eb dosjeve Epstein. <\/span><span style=\"color: #000000;\">Z\u00ebvend\u00ebsdrejtori i zyr\u00ebs thuhet se u tha njer\u00ebzve se po shqyrtonte dor\u00ebheqjen p\u00ebr shkak t\u00eb nj\u00eb p\u00ebrplasjeje me Departamentin e Drejt\u00ebsis\u00eb p\u00ebr trajtimin e \u00e7\u00ebshtjes, raportoi CNN. <\/span><\/p>\n<p><span style=\"color: #000000;\"><em><i>&#8220;\u00cbsht\u00eb e v\u00ebrtet\u00eb q\u00eb Dan Bongino u ka th\u00ebn\u00eb njer\u00ebzve se po shqyrton dor\u00ebheqjen p\u00ebr shkak t\u00eb nj\u00eb p\u00ebrplasjeje t\u00eb madhe midis FBI-s\u00eb dhe Departamentit t\u00eb Drejt\u00ebsis\u00eb p\u00ebr pasojat e memorandumit t\u00eb Epstein\u201d<\/i><\/em><\/span><\/p>\n<p><span style=\"color: #000000;\"><em><i>\u201cPor \u00ebsht\u00eb e v\u00ebshtir\u00eb t\u00eb ekzagjerosh grindjet e brendshme q\u00eb po ndodhin p\u00ebr k\u00ebt\u00eb dit\u00eb t\u00eb fundit, pasi zem\u00ebrimi MAGA nuk \u00ebsht\u00eb ndalur.&#8221;<\/i><\/em>, shkroi Kaitlan Collins, korrespondentja kryesore e CNN n\u00eb Sht\u00ebpin\u00eb e Bardh\u00eb n\u00eb X.\u00a0<\/span><\/p>\n<p><span style=\"color: #000000;\">Me sa duket, Bongino nuk shkoi n\u00eb zyr\u00eb t\u00eb premten pas nj\u00eb debati me Pam Bondi-n, Prokuroren e P\u00ebrgjithshme, duke i b\u00ebr\u00eb njer\u00ebzit e brendsh\u00ebm t\u00eb mendonin se ai kishte dh\u00ebn\u00eb dor\u00ebheqjen. <\/span><\/p>\n<p><span style=\"color: #000000;\">Ai \u00ebsht\u00eb kritikuar ashp\u00ebr p\u00ebr mospublikimin e nj\u00eb pjese t\u00eb provave n\u00eb lidhje me financuesin pedofil. <\/span><\/p>\n<p><span style=\"color: #000000;\"><strong><b>P\u00ebrplasje me Pam Bondi-n<\/b><\/strong><\/span><\/p>\n<p><span style=\"color: #000000;\">Tensionet brenda baz\u00ebs MAGA k\u00ebrc\u00ebnuan t\u00eb vlonin k\u00ebt\u00eb jav\u00eb pasi Departamenti i Drejt\u00ebsis\u00eb dhe FBI-ja arrit\u00ebn n\u00eb p\u00ebrfundimin se Epstein vrau veten n\u00eb nj\u00eb qeli burgu n\u00eb Manhattan n\u00eb vitin 2019 dhe nuk mbajt\u00ebn nj\u00eb &#8220;list\u00eb klient\u00ebsh&#8221; t\u00eb objektivave t\u00eb mundsh\u00ebm t\u00eb shantazhit, shkruan <span style=\"color: #0000ff;\"><a style=\"color: #0000ff;\" href=\"https:\/\/www.telegraph.co.uk\/us\/politics\/2025\/07\/11\/dan-bongino-may-step-down-from-fbi\/\">Telegraph<\/a><\/span>.<\/span><\/p>\n<p><span style=\"color: #000000;\">Burimet i than\u00eb Axios se Bongino ishte gjithnj\u00eb e m\u00eb i pak\u00ebnaqur me Bondi-n p\u00ebr premtimin p\u00ebr t\u00eb publikuar nj\u00eb &#8220;list\u00eb klient\u00ebsh&#8221; q\u00eb ajo at\u00ebher\u00eb ka pretenduar se nuk ka ekzistuar kurr\u00eb, duke th\u00ebn\u00eb se ajo foli gabim kur iu referua list\u00ebs n\u00eb nj\u00eb intervist\u00eb p\u00ebr Fox News.\u00a0<\/span><\/p>\n<p><span style=\"color: #000000;\">Bongino, nj\u00eb ish-agjent i Sh\u00ebrbimit Sekret t\u00eb SHBA-s\u00eb i kthyer n\u00eb prezantues podkastesh, \u00ebsht\u00eb kritikuar ashp\u00ebr nga mb\u00ebshtet\u00ebsit MAGA pasi pretendoi se nj\u00eb video e marr\u00eb nga jasht\u00eb qelis\u00eb s\u00eb Epstein v\u00ebrtetoi se askush nuk e kishte mbik\u00ebqyryr p\u00ebr k\u00ebt\u00eb arsye ai arriti t\u00eb vet\u00ebvritej.<\/span><\/p>\n<p><span style=\"color: #000000;\">Nj\u00eb teori q\u00eb besohet nga disa brenda l\u00ebvizjes MAGA \u00ebsht\u00eb se Epstein u vra p\u00ebr t\u00eb parandaluar q\u00eb emrat e bashk\u00ebpun\u00ebtor\u00ebve t\u00eb profilit t\u00eb lart\u00eb t\u00eb b\u00ebheshin publik\u00eb.<\/span><\/p>\n<p><span style=\"color: #000000;\">Gjithashtu thuhet se ekziston nj\u00eb \u201clist\u00eb\u201d q\u00eb detajon k\u00ebta bashk\u00ebpun\u00ebtor\u00eb dhe do t\u00eb publikohej nga administrata Trump. Sht\u00ebpia e Bardh\u00eb k\u00ebmb\u00ebngul se nj\u00eb list\u00eb e till\u00eb nuk ekziston.<\/span><\/p>\n","protected":false,"gt_translate_keys":[{"key":"rendered","format":"html"}]},"excerpt":{"rendered":"<p>Dan Bongino po shqyrton dor\u00ebheqjen nga FBI-ja p\u00ebr shkak t\u00eb trajtimit t\u00eb dosjeve Epstein. Z\u00ebvend\u00ebsdrejtori i zyr\u00ebs thuhet se u tha njer\u00ebzve se po shqyrtonte dor\u00ebheqjen p\u00ebr shkak t\u00eb nj\u00eb p\u00ebrplasjeje me Departamentin e Drejt\u00ebsis\u00eb p\u00ebr trajtimin e \u00e7\u00ebshtjes, raportoi CNN. &#8220;\u00cbsht\u00eb e v\u00ebrtet\u00eb q\u00eb Dan Bongino u ka th\u00ebn\u00eb njer\u00ebzve se po shqyrton dor\u00ebheqjen [&hellip;]<\/p>\n","protected":false,"gt_translate_keys":[{"key":"rendered","format":"html"}]},"author":51,"featured_media":750801,"comment_status":"closed","ping_status":"open","sticky":false,"template":"","format":"standard","meta":{"footnotes":""},"categories":[53],"tags":[],"class_list":["post-750800","post","type-post","status-publish","format-standard","has-post-thumbnail","hentry","category-fast-foodi"],"gt_translate_keys":[{"key":"link","format":"url"}],"_links":{"self":[{"href":"https:\/\/www.hashtag.al\/index.php\/wp-json\/wp\/v2\/posts\/750800","targetHints":{"allow":["GET"]}}],"collection":[{"href":"https:\/\/www.hashtag.al\/index.php\/wp-json\/wp\/v2\/posts"}],"about":[{"href":"https:\/\/www.hashtag.al\/index.php\/wp-json\/wp\/v2\/types\/post"}],"author":[{"embeddable":true,"href":"https:\/\/www.hashtag.al\/index.php\/wp-json\/wp\/v2\/users\/51"}],"replies":[{"embeddable":true,"href":"https:\/\/www.hashtag.al\/index.php\/wp-json\/wp\/v2\/comments?post=750800"}],"version-history":[{"count":99999,"href":"https:\/\/www.hashtag.al\/index.php\/wp-json\/wp\/v2\/posts\/750800\/revisions"}],"predecessor-version":[{"id":750802,"href":"https:\/\/www.hashtag.al\/index.php\/wp-json\/wp\/v2\/posts\/750800\/revisions\/750802"}],"wp:featuredmedia":[{"embeddable":true,"href":"https:\/\/www.hashtag.al\/index.php\/wp-json\/wp\/v2\/media\/750801"}],"wp:attachment":[{"href":"https:\/\/www.hashtag.al\/index.php\/wp-json\/wp\/v2\/media?parent=750800"}],"wp:term":[{"taxonomy":"category","embeddable":true,"href":"https:\/\/www.hashtag.al\/index.php\/wp-json\/wp\/v2\/categories?post=750800"},{"taxonomy":"post_tag","embeddable":true,"href":"https:\/\/www.hashtag.al\/index.php\/wp-json\/wp\/v2\/tags?post=750800"}],"curies":[{"name":"wp","href":"https:\/\/api.w.org\/{rel}","templated":true}]}}