{"id":750717,"date":"2025-07-11T15:22:01","date_gmt":"2025-07-11T13:22:01","guid":{"rendered":"https:\/\/www.hashtag.al\/?p=750717"},"modified":"2025-07-11T15:22:01","modified_gmt":"2025-07-11T13:22:01","slug":"takimi-ne-durres-rama-per-kryebashkiakun-e-vlores-i-ka-syte-gjysme-te-hapur-ka-pasur-bum-ndertimesh-pa-leje","status":"publish","type":"post","link":"https:\/\/www.hashtag.al\/index.php\/2025\/07\/11\/takimi-ne-durres-rama-per-kryebashkiakun-e-vlores-i-ka-syte-gjysme-te-hapur-ka-pasur-bum-ndertimesh-pa-leje\/","title":{"rendered":"Takimi n\u00eb Durr\u00ebs, Rama p\u00ebr kryebashkiakun e Vlor\u00ebs: I ka syt\u00eb gjysm\u00eb t\u00eb hapur, ka pasur \u2018bum\u2019 nd\u00ebrtimesh pa leje","gt_translate_keys":[{"key":"rendered","format":"text"}]},"content":{"rendered":"<p><span style=\"color: #000000;\"><img loading=\"lazy\" decoding=\"async\" class=\"alignnone size-medium wp-image-750729\" src=\"https:\/\/www.hashtag.al\/wp-content\/uploads\/2025\/07\/517619675_1298329162296048_3031791390420257135_n-2-300x153.jpg\" alt=\"\" width=\"300\" height=\"153\" srcset=\"https:\/\/www.hashtag.al\/wp-content\/uploads\/2025\/07\/517619675_1298329162296048_3031791390420257135_n-2-300x153.jpg 300w, https:\/\/www.hashtag.al\/wp-content\/uploads\/2025\/07\/517619675_1298329162296048_3031791390420257135_n-2-760x391.jpg 760w, https:\/\/www.hashtag.al\/wp-content\/uploads\/2025\/07\/517619675_1298329162296048_3031791390420257135_n-2-568x290.jpg 568w, https:\/\/www.hashtag.al\/wp-content\/uploads\/2025\/07\/517619675_1298329162296048_3031791390420257135_n-2.jpg 768w\" sizes=\"auto, (max-width: 300px) 100vw, 300px\" \/><\/span><\/p>\n<p><span style=\"color: #000000;\">Nga takimi n\u00eb Durr\u00ebs me kryebashkiak\u00ebt, kryeministri Edi Rama kritikoi ashp\u00ebr Bashkin\u00eb e Vlor\u00ebs dhe kryebashkiakun Ermal Dredha p\u00ebr munges\u00eb veprimi ndaj nd\u00ebrtimeve pa leje.<\/span><\/p>\n<p><span style=\"color: #000000;\">Ai theksoi se nj\u00eb nga rastet m\u00eb problematike \u00ebsht\u00eb Vlora, ku sipas tij, kryetari dhe strukturat vendore \u201ci kan\u00eb syt\u00eb gjysm\u00eb t\u00eb hapur dhe gjysm\u00eb t\u00eb mbyllur\u201d, nd\u00ebrsa shtoi se qyteti \u00ebsht\u00eb kthyer n\u00eb nj\u00eb pik\u00eb qendrore t\u00eb diskutimeve p\u00ebr shkak t\u00eb bumit t\u00eb nd\u00ebrtimeve pa leje p\u00ebrpara sezonit turistik, duke theksuar se <em>\u201cPolicia ka funksionuar, por strukturat vendore kan\u00eb munguar n\u00eb detyr\u00eb.\u201d<\/em><\/span><\/p>\n","protected":false,"gt_translate_keys":[{"key":"rendered","format":"html"}]},"excerpt":{"rendered":"<p>Nga takimi n\u00eb Durr\u00ebs me kryebashkiak\u00ebt, kryeministri Edi Rama kritikoi ashp\u00ebr Bashkin\u00eb e Vlor\u00ebs dhe kryebashkiakun Ermal Dredha p\u00ebr munges\u00eb veprimi ndaj nd\u00ebrtimeve pa leje. Ai theksoi se nj\u00eb nga rastet m\u00eb problematike \u00ebsht\u00eb Vlora, ku sipas tij, kryetari dhe strukturat vendore \u201ci kan\u00eb syt\u00eb gjysm\u00eb t\u00eb hapur dhe gjysm\u00eb t\u00eb mbyllur\u201d, nd\u00ebrsa shtoi se [&hellip;]<\/p>\n","protected":false,"gt_translate_keys":[{"key":"rendered","format":"html"}]},"author":32,"featured_media":750729,"comment_status":"closed","ping_status":"open","sticky":false,"template":"","format":"standard","meta":{"footnotes":""},"categories":[65],"tags":[],"class_list":["post-750717","post","type-post","status-publish","format-standard","has-post-thumbnail","hentry","category-lajme"],"gt_translate_keys":[{"key":"link","format":"url"}],"_links":{"self":[{"href":"https:\/\/www.hashtag.al\/index.php\/wp-json\/wp\/v2\/posts\/750717","targetHints":{"allow":["GET"]}}],"collection":[{"href":"https:\/\/www.hashtag.al\/index.php\/wp-json\/wp\/v2\/posts"}],"about":[{"href":"https:\/\/www.hashtag.al\/index.php\/wp-json\/wp\/v2\/types\/post"}],"author":[{"embeddable":true,"href":"https:\/\/www.hashtag.al\/index.php\/wp-json\/wp\/v2\/users\/32"}],"replies":[{"embeddable":true,"href":"https:\/\/www.hashtag.al\/index.php\/wp-json\/wp\/v2\/comments?post=750717"}],"version-history":[{"count":99999,"href":"https:\/\/www.hashtag.al\/index.php\/wp-json\/wp\/v2\/posts\/750717\/revisions"}],"predecessor-version":[{"id":750730,"href":"https:\/\/www.hashtag.al\/index.php\/wp-json\/wp\/v2\/posts\/750717\/revisions\/750730"}],"wp:featuredmedia":[{"embeddable":true,"href":"https:\/\/www.hashtag.al\/index.php\/wp-json\/wp\/v2\/media\/750729"}],"wp:attachment":[{"href":"https:\/\/www.hashtag.al\/index.php\/wp-json\/wp\/v2\/media?parent=750717"}],"wp:term":[{"taxonomy":"category","embeddable":true,"href":"https:\/\/www.hashtag.al\/index.php\/wp-json\/wp\/v2\/categories?post=750717"},{"taxonomy":"post_tag","embeddable":true,"href":"https:\/\/www.hashtag.al\/index.php\/wp-json\/wp\/v2\/tags?post=750717"}],"curies":[{"name":"wp","href":"https:\/\/api.w.org\/{rel}","templated":true}]}}