{"id":750549,"date":"2025-07-08T19:28:37","date_gmt":"2025-07-08T17:28:37","guid":{"rendered":"https:\/\/www.hashtag.al\/?p=750549"},"modified":"2025-07-08T19:28:37","modified_gmt":"2025-07-08T17:28:37","slug":"gjermania-therret-ambasadorin-kinez-pas-incidentit-me-rreze-lazer-ndaj-avionit-te-saj-ne-detin-e-kuq","status":"publish","type":"post","link":"https:\/\/www.hashtag.al\/index.php\/2025\/07\/08\/gjermania-therret-ambasadorin-kinez-pas-incidentit-me-rreze-lazer-ndaj-avionit-te-saj-ne-detin-e-kuq\/","title":{"rendered":"Gjermania th\u00ebrret ambasadorin kinez pas incidentit me rreze lazer ndaj avionit t\u00eb saj n\u00eb Detin e Kuq","gt_translate_keys":[{"key":"rendered","format":"text"}]},"content":{"rendered":"<p><span style=\"color: #000000;\"><strong><img loading=\"lazy\" decoding=\"async\" class=\"alignnone size-medium wp-image-750550\" src=\"https:\/\/www.hashtag.al\/wp-content\/uploads\/2025\/07\/Screenshot-2025-07-08-164605-300x198.png\" alt=\"\" width=\"300\" height=\"198\" srcset=\"https:\/\/www.hashtag.al\/wp-content\/uploads\/2025\/07\/Screenshot-2025-07-08-164605-300x198.png 300w, https:\/\/www.hashtag.al\/wp-content\/uploads\/2025\/07\/Screenshot-2025-07-08-164605.png 766w\" sizes=\"auto, (max-width: 300px) 100vw, 300px\" \/><\/strong><\/span><\/p>\n<p><span style=\"color: #000000;\">Ministria e Jashtme gjermane ka thirrur ambasadorin e Kin\u00ebs n\u00eb Berlin pasi nj\u00eb anije luftarake kineze p\u00ebrdori nj\u00eb rreze lazer p\u00ebr t\u00eb sh\u00ebnjestruar nj\u00eb avion gjerman q\u00eb po merrte pjes\u00eb n\u00eb nj\u00eb operacion t\u00eb Bashkimit Evropian p\u00ebr t\u00eb mbrojtur lundrimin n\u00eb Detin e Kuq.<\/span><\/p>\n<p><span style=\"color: #000000;\"><em>\u201cRrezikimi i personelit gjerman dhe pengimi i operacionit jan\u00eb plot\u00ebsisht t\u00eb papranueshme,\u201d<\/em> deklaroi ministria n\u00eb nj\u00eb postim n\u00eb platform\u00ebn X.<\/span><\/p>\n<p><span style=\"color: #000000;\">Nj\u00eb z\u00ebdh\u00ebn\u00ebs i Ministris\u00eb s\u00eb Mbrojtjes s\u00eb Gjermanis\u00eb sqaroi se avioni i p\u00ebrfshir\u00eb n\u00eb incidentin e ndodhur n\u00eb fillim t\u00eb k\u00ebtij muaji ishte nj\u00eb avion shum\u00eb-sensor\u00ebsh, i njohur si \u201csy fluturues\u201d p\u00ebr aft\u00ebsit\u00eb e tij t\u00eb gjera t\u00eb v\u00ebzhgimit mbi det, sipas <span style=\"color: #0000ff;\"><a style=\"color: #0000ff;\" href=\"https:\/\/www.theguardian.com\/world\/2025\/jul\/08\/germany-summons-chinese-envoy-over-laser-targeting-of-surveillance-plane\">The Guardian.<\/a><\/span><\/span><\/p>\n<p><span style=\"color: #000000;\">Avioni pilotohet nga civil\u00eb, por n\u00eb bord ndodhen edhe pjes\u00ebtar\u00eb t\u00eb forcave t\u00eb armatosura.<\/span><\/p>\n<p><span style=\"color: #000000;\">Sipas z\u00ebdh\u00ebn\u00ebsit, avioni po kryente nj\u00eb \u201cfluturim rutin\u00eb operativ mbi Detin e Kuq\u201d kur \u201cu sh\u00ebnjestrua me lazer pa asnj\u00eb arsye dhe pa asnj\u00eb kontakt paraprak nga nj\u00eb anije luftarake kineze q\u00eb ishte hasur disa her\u00eb m\u00eb par\u00eb n\u00eb t\u00eb nj\u00ebjt\u00ebn zon\u00eb detare\u201d.<\/span><\/p>\n<p><span style=\"color: #000000;\">Ai shtoi se \u201c<em>me p\u00ebrdorimin e lazerit, anija pranoi rrezikun p\u00ebr njer\u00ebzit dhe pajisjet\u201d.<\/em><\/span><\/p>\n<p><span style=\"color: #000000;\">Si mas\u00eb paraprake, fluturimi u nd\u00ebrpre dhe avioni u kthye i sigurt n\u00eb baz\u00ebn e tij n\u00eb Xhibuti. Nuk pati persona t\u00eb l\u00ebnduar dhe z\u00ebdh\u00ebn\u00ebsi konfirmoi se fluturimet tashm\u00eb kan\u00eb rifilluar.<\/span><\/p>\n<p><span style=\"color: #000000;\">Ambasada kineze nuk iu p\u00ebrgjigj menj\u00ebher\u00eb k\u00ebrkesave p\u00ebr koment lidhur me thirrjen e ambasadorit t\u00eb saj, Deng Hongbo.<\/span><\/p>\n<p><span style=\"color: #000000;\">Nd\u00ebrkoh\u00eb, rebel\u00ebt Houthi t\u00eb mb\u00ebshtetur nga Irani kan\u00eb vazhduar sulmet ndaj Izraelit dhe anijeve n\u00eb Detin e Kuq, t\u00eb cilat i konsiderojn\u00eb si akte solidariteti me popullin palestinez n\u00eb Gaza. Dy marinar\u00eb humb\u00ebn jet\u00ebn gjat\u00eb nj\u00eb sulmi t\u00eb Houthive t\u00eb mart\u00ebn.<\/span><\/p>\n<p><span style=\"color: #000000;\">Bashkimi Evropian themeloi misionin Aspides \u2013 nga fjala e lasht\u00eb greke q\u00eb do t\u00eb thot\u00eb \u201cmburoj\u00eb\u201d \u2013 n\u00eb shkurt t\u00eb vitit 2024 si nj\u00eb operacion mbrojt\u00ebs p\u00ebr sigurin\u00eb detare me q\u00ebllim garantimin e lundrimit t\u00eb sigurt n\u00eb Detin e Kuq.<\/span><\/p>\n<p><span style=\"color: #000000;\">Zyrtar\u00ebt e misionit Aspides nuk komentuan mbi incidentin, duke i referuar pyetjet tek qeveria gjermane.<\/span><\/p>\n<p><span style=\"color: #000000;\">Mandati parlamentar i ushtris\u00eb gjermane p\u00ebrcakton nj\u00eb maksimum prej 700 personel\u00ebsh t\u00eb dislokuar.<\/span><\/p>\n<p><span style=\"color: #000000;\">Sipas raportimeve t\u00eb <em>Der Spiegel<\/em>, incidenti ndodhi pran\u00eb brigjeve t\u00eb Jemenit dhe p\u00ebrfshiu nj\u00eb avion zbulimi gjerman t\u00eb vendosur n\u00eb Xhibuti, i cili ishte marr\u00eb me qira p\u00ebr operacionin dhe mund t\u00eb mbaj\u00eb deri n\u00eb kat\u00ebr ushtar\u00eb n\u00eb bord.<\/span><\/p>\n<p><span style=\"color: #000000;\">Sipas t\u00eb nj\u00ebjtit burim, incidenti me lazer ndodhi kur avioni iu afrua nj\u00eb fregate kineze.<\/span><\/p>\n<p><span style=\"color: #000000;\">Duke thyer praktik\u00ebn e zakonshme, ekuipazhi i anijes kineze nuk kontaktoi n\u00eb frekuenc\u00ebn e emergjenc\u00ebs.<\/span><\/p>\n<p><span style=\"color: #000000;\">Nuk \u00ebsht\u00eb e qart\u00eb n\u00ebse avioni gjerman p\u00ebsoi d\u00ebme; ai po inspektohet, raportoi <em>Der Spiegel<\/em>. Incidenti ka b\u00ebr\u00eb q\u00eb trafiku ajror n\u00eb rajon t\u00eb mbetet i kufizuar.<\/span><\/p>\n<p><span style=\"color: #000000;\">Nuk \u00ebsht\u00eb hera e par\u00eb q\u00eb ushtria kineze akuzohet p\u00ebr p\u00ebrdorimin e lazer\u00ebve kund\u00ebr forcave per\u00ebndimore \u2013 nj\u00eb taktik\u00eb q\u00eb mund t\u00eb verbojn\u00eb p\u00ebrkoh\u00ebsisht pilot\u00ebt dhe t\u00eb ndikojn\u00eb n\u00eb sistemet elektronike t\u00eb avion\u00ebve.<\/span><\/p>\n<p><span style=\"color: #000000;\">N\u00eb vitin 2018, Pentagoni akuzoi shtetas kinez\u00eb p\u00ebr p\u00ebrdorimin e lazer\u00ebve ushtarak\u00eb ndaj pilot\u00ebve amerikan\u00eb q\u00eb operonin nga baza ajrore amerikane n\u00eb Xhibuti, e p\u00ebrdorur p\u00ebr operacione kund\u00ebr terrorizmit n\u00eb Afrik\u00ebn Lindore dhe Jemen.<\/span><\/p>\n<p><span style=\"color: #000000;\">N\u00eb nj\u00eb rast, dy pilot\u00eb t\u00eb nj\u00eb avioni transportues C-130 p\u00ebsuan d\u00ebmtime t\u00eb lehta n\u00eb sy nd\u00ebrsa po p\u00ebrgatiteshin p\u00ebr ulje.<\/span><\/p>\n<p><span style=\"color: #000000;\">Uashingtoni dor\u00ebzoi nj\u00eb ankes\u00eb zyrtare diplomatike, nd\u00ebrsa Pekini mohoi p\u00ebrfshirjen.<\/span><\/p>\n<p><span style=\"color: #000000;\">Kina hapi baz\u00ebn e saj t\u00eb par\u00eb detare jasht\u00eb vendit pik\u00ebrisht n\u00eb Xhibuti n\u00eb vitin 2017, shum\u00eb pran\u00eb baz\u00ebs amerikane \u2013 nj\u00eb hap q\u00eb sh\u00ebnoi zgjerimin e shpejt\u00eb t\u00eb forcave t\u00eb saj t\u00eb armatosura.<\/span><\/p>\n","protected":false,"gt_translate_keys":[{"key":"rendered","format":"html"}]},"excerpt":{"rendered":"<p>Ministria e Jashtme gjermane ka thirrur ambasadorin e Kin\u00ebs n\u00eb Berlin pasi nj\u00eb anije luftarake kineze p\u00ebrdori nj\u00eb rreze lazer p\u00ebr t\u00eb sh\u00ebnjestruar nj\u00eb avion gjerman q\u00eb po merrte pjes\u00eb n\u00eb nj\u00eb operacion t\u00eb Bashkimit Evropian p\u00ebr t\u00eb mbrojtur lundrimin n\u00eb Detin e Kuq. \u201cRrezikimi i personelit gjerman dhe pengimi i operacionit jan\u00eb plot\u00ebsisht t\u00eb [&hellip;]<\/p>\n","protected":false,"gt_translate_keys":[{"key":"rendered","format":"html"}]},"author":32,"featured_media":750550,"comment_status":"closed","ping_status":"open","sticky":false,"template":"","format":"standard","meta":{"footnotes":""},"categories":[53],"tags":[],"class_list":["post-750549","post","type-post","status-publish","format-standard","has-post-thumbnail","hentry","category-fast-foodi"],"gt_translate_keys":[{"key":"link","format":"url"}],"_links":{"self":[{"href":"https:\/\/www.hashtag.al\/index.php\/wp-json\/wp\/v2\/posts\/750549","targetHints":{"allow":["GET"]}}],"collection":[{"href":"https:\/\/www.hashtag.al\/index.php\/wp-json\/wp\/v2\/posts"}],"about":[{"href":"https:\/\/www.hashtag.al\/index.php\/wp-json\/wp\/v2\/types\/post"}],"author":[{"embeddable":true,"href":"https:\/\/www.hashtag.al\/index.php\/wp-json\/wp\/v2\/users\/32"}],"replies":[{"embeddable":true,"href":"https:\/\/www.hashtag.al\/index.php\/wp-json\/wp\/v2\/comments?post=750549"}],"version-history":[{"count":99999,"href":"https:\/\/www.hashtag.al\/index.php\/wp-json\/wp\/v2\/posts\/750549\/revisions"}],"predecessor-version":[{"id":750551,"href":"https:\/\/www.hashtag.al\/index.php\/wp-json\/wp\/v2\/posts\/750549\/revisions\/750551"}],"wp:featuredmedia":[{"embeddable":true,"href":"https:\/\/www.hashtag.al\/index.php\/wp-json\/wp\/v2\/media\/750550"}],"wp:attachment":[{"href":"https:\/\/www.hashtag.al\/index.php\/wp-json\/wp\/v2\/media?parent=750549"}],"wp:term":[{"taxonomy":"category","embeddable":true,"href":"https:\/\/www.hashtag.al\/index.php\/wp-json\/wp\/v2\/categories?post=750549"},{"taxonomy":"post_tag","embeddable":true,"href":"https:\/\/www.hashtag.al\/index.php\/wp-json\/wp\/v2\/tags?post=750549"}],"curies":[{"name":"wp","href":"https:\/\/api.w.org\/{rel}","templated":true}]}}